{"id":34660,"date":"2021-12-23T15:03:00","date_gmt":"2021-12-23T15:03:00","guid":{"rendered":"http:\/\/hoycordobaweb.com\/index.php\/2021\/12\/23\/messi-llego-a-rosario-para-celebrar-las-fiestas-de-fin-de-ano\/"},"modified":"2021-12-23T15:03:00","modified_gmt":"2021-12-23T15:03:00","slug":"messi-llego-a-rosario-para-celebrar-las-fiestas-de-fin-de-ano","status":"publish","type":"post","link":"http:\/\/hoycordobaweb.com\/index.php\/2021\/12\/23\/messi-llego-a-rosario-para-celebrar-las-fiestas-de-fin-de-ano\/","title":{"rendered":"Messi lleg\u00f3 a Rosario para celebrar las fiestas de fin de a\u00f1o"},"content":{"rendered":"<p><img src=\"http:\/\/hoycordobaweb.com\/wp-content\/uploads\/2021\/12\/messi-llego-a-rosario-para-celebrar-las-fiestas-de-fin-de-ano.jpg\"><\/p>\n<figure class=\"mb-3\"><img loading=\"lazy\" src=\"http:\/\/hoycordobaweb.com\/wp-content\/uploads\/2021\/12\/messi-llego-a-rosario-para-celebrar-las-fiestas-de-fin-de-ano-2.jpg\" width=\"100%\" height=\"100%\" alt=\"Messi lleg a su ciudad natal Rosario acelbrar las fiestas Foto Sebastin Granata\"><figcaption> Messi lleg\u00f3 a su ciudad natal, Rosario acelbrar las fiestas. Foto: Sebasti\u00e1n Granata <\/figcaption><\/figure>\n<p>El capit\u00e1n del seleccionado argentino Lionel Messi aterriz\u00f3&nbsp; en Rosario, su ciudad natal, para celebrar en familia la Navidad y el A\u00f1o Nuevo.<\/p>\n<p>La aeronave de su propiedad, modelo Gulfstream G600, aterriz\u00f3 a las 10.06 en el Aeropuerto Internacional Islas Malvinas de la ciudad, situado en la localidad de Fisherton, procedente de Par\u00eds.<\/p>\n<p>Messi descendi\u00f3 del avi\u00f3n por una de sus escalinata con una mochila en su espalda, una peque\u00f1a valija en su mano derecha, un mate sujeto con por la otra y un termo bajo con la axila del brazo izquierdo, seg\u00fan fue retratado por la cuenta especializada Saar Ari Ros en Twitter.<\/p>\n<p><strong>El astro del Par\u00eds Saint Germain regres\u00f3 al pa\u00eds acompa\u00f1ado por sus compa\u00f1eros en el club franc\u00e9s \u00c1ngel Di Mar\u00eda y Mauro Icardi,<\/strong> tambi\u00e9n oriundos de Rosario.<\/p>\n<p>El 10 del seleccionado \u00abalbiceleste\u00bb estuvo por \u00faltima vez en su tierra natal en julio pasado, despu\u00e9s de la consagraci\u00f3n en la Copa Am\u00e9rica en Brasil.<\/p>\n<p>Su permanencia en Rosario est\u00e1 prevista hasta el pr\u00f3ximo de 2 de enero cuando regrese a la capital francesa para retomar los entrenamientos con el equipo parisino. <\/p>\n","protected":false},"excerpt":{"rendered":"<p>Messi lleg\u00f3 a su ciudad natal, Rosario acelbrar las fiestas. Foto: Sebasti\u00e1n Granata El capit\u00e1n del seleccionado argentino Lionel Messi aterriz\u00f3&nbsp; en Rosario, su ciudad natal, para celebrar en familia la Navidad y el A\u00f1o Nuevo. La aeronave de su propiedad, modelo Gulfstream G600, aterriz\u00f3 a las 10.06 en el Aeropuerto Internacional Islas Malvinas de [&hellip;]<\/p>\n","protected":false},"author":1,"featured_media":34661,"comment_status":"open","ping_status":"closed","sticky":false,"template":"","format":"standard","meta":[],"categories":[16],"tags":[],"_links":{"self":[{"href":"http:\/\/hoycordobaweb.com\/index.php\/wp-json\/wp\/v2\/posts\/34660"}],"collection":[{"href":"http:\/\/hoycordobaweb.com\/index.php\/wp-json\/wp\/v2\/posts"}],"about":[{"href":"http:\/\/hoycordobaweb.com\/index.php\/wp-json\/wp\/v2\/types\/post"}],"author":[{"embeddable":true,"href":"http:\/\/hoycordobaweb.com\/index.php\/wp-json\/wp\/v2\/users\/1"}],"replies":[{"embeddable":true,"href":"http:\/\/hoycordobaweb.com\/index.php\/wp-json\/wp\/v2\/comments?post=34660"}],"version-history":[{"count":0,"href":"http:\/\/hoycordobaweb.com\/index.php\/wp-json\/wp\/v2\/posts\/34660\/revisions"}],"wp:featuredmedia":[{"embeddable":true,"href":"http:\/\/hoycordobaweb.com\/index.php\/wp-json\/wp\/v2\/media\/34661"}],"wp:attachment":[{"href":"http:\/\/hoycordobaweb.com\/index.php\/wp-json\/wp\/v2\/media?parent=34660"}],"wp:term":[{"taxonomy":"category","embeddable":true,"href":"http:\/\/hoycordobaweb.com\/index.php\/wp-json\/wp\/v2\/categories?post=34660"},{"taxonomy":"post_tag","embeddable":true,"href":"http:\/\/hoycordobaweb.com\/index.php\/wp-json\/wp\/v2\/tags?post=34660"}],"curies":[{"name":"wp","href":"https:\/\/api.w.org\/{rel}","templated":true}]}}