{"id":34640,"date":"2021-12-22T18:24:30","date_gmt":"2021-12-22T18:24:30","guid":{"rendered":"https:\/\/www.ole.com.ar\/futbol-internacional\/america\/buonanotte-va-universidad-catolica_0_dmf4MMeGN.html"},"modified":"2021-12-22T18:24:30","modified_gmt":"2021-12-22T18:24:30","slug":"el-idolo-dice-adios-buonanotte-se-va-de-universidad-catolica","status":"publish","type":"post","link":"http:\/\/hoycordobaweb.com\/index.php\/2021\/12\/22\/el-idolo-dice-adios-buonanotte-se-va-de-universidad-catolica\/","title":{"rendered":"El \u00eddolo dice adi\u00f3s: Buonanotte se va de Universidad Cat\u00f3lica"},"content":{"rendered":"<p><strong><\/strong>El final que se preve\u00eda finalmente llego. <strong><a alt=\"diego-buonanotte\" class=\"slug\" href=\"https:\/\/www.ole.com.ar\/tema\/diego-buonanotte.html\" target=\"_blank\" title=\"diego-buonanotte\" rel=\"noopener noreferrer\">Diego Buonanotte <\/a><\/strong>no seguir\u00e1 en la <strong><a alt=\"universidad-catolica\" class=\"slug\" href=\"https:\/\/www.ole.com.ar\/tema\/universidad-catolica.html\" target=\"_blank\" title=\"universidad-catolica\" rel=\"noopener noreferrer\">Universidad Cat\u00f3lica <\/a>y deber\u00e1 buscar un nuevo club, que por ahora se desconoce completamente.<\/strong> Al argentino se le vence el contrato con el conjunto chileno este 31 de diciembre, y m\u00e1s all\u00e1 de que hubo negociaciones para extenderlo, no llegaron a buen puerto.<\/p>\n<div class=\"sp__SM\">\n<div class=\"content-new \">\n<span class=\"tit-mobile\">Mir\u00e1 tambi\u00e9n<\/span><\/p>\n<div class=\"mg\">\n<div class=\"wrap-figure\">\n<picture>\n<a href=\"https:\/\/www.ole.com.ar\/futbol-internacional\/italia\/catania-calcio-quiebra-argentinos-italia_0_mmlKjtoIz.html\" target=\"_self\" rel=\"noopener noreferrer\"><br \/>\n<img class=\"img-responsive\" alt=\"Quebr\u00f3 un hist\u00f3rico del f\u00fatbol italiano en el que brillaron los argentinos\" src=\"http:\/\/hoycordobaweb.com\/wp-content\/uploads\/2021\/12\/el-idolo-dice-adios-buonanotte-se-va-de-universidad-catolica.jpg\" loading=\"lazy\"><br \/>\n<\/a>\n<\/picture>\n<\/div>\n<\/div><\/div>\n<\/div>\n<p><strong>El ex River no acept\u00f3 la oferta que le puso sobre la mesa la instituci\u00f3n y de esta manera deja la puerta abierta para seguir su carrera en otro club tanto de Chile como de otro pa\u00eds<\/strong>. Seguramente durante el verano sudamericano tendr\u00e1 opciones para valorar y elegir la que le resulte m\u00e1s conveniente.<\/p>\n<div class=\"sp__Normal\">\n<div class=\"image-embeb image-trigger\" readability=\"6\">\n<picture><source media=\"(min-width: 720px)\" srcset=\"http:\/\/hoycordobaweb.com\/wp-content\/uploads\/2021\/12\/el-idolo-dice-adios-buonanotte-se-va-de-universidad-catolica-1.jpg\"><img itemprop=\"image\" src=\"http:\/\/hoycordobaweb.com\/wp-content\/uploads\/2021\/12\/el-idolo-dice-adios-buonanotte-se-va-de-universidad-catolica-1.jpg\" loading=\"lazy\" alt=\"Se fue con otro t\u00edtulo en el club. EFE\">\n<\/picture><figcaption readability=\"2\">\n<p>Se fue con otro t\u00edtulo en el club. EFE\n<\/p>\n<\/figcaption><\/div>\n<\/div>\n<div class=\"sp__SM\">\n<div class=\"content-new \">\n<span class=\"tit-mobile\">Mir\u00e1 tambi\u00e9n<\/span><\/p>\n<div class=\"mg\">\n<div class=\"wrap-figure\">\n<picture>\n<a href=\"https:\/\/www.ole.com.ar\/messi\/aniversario-messi-2012-91-goles-record_0_wz5BF_vNa.html\" target=\"_self\" rel=\"noopener noreferrer\"><br \/>\n<img class=\"img-responsive\" alt=\"Se cumplen nueve a\u00f1os de los 91 goles de Messi\" src=\"http:\/\/hoycordobaweb.com\/wp-content\/uploads\/2021\/12\/el-idolo-dice-adios-buonanotte-se-va-de-universidad-catolica-2.jpg\" loading=\"lazy\"><br \/>\n<\/a>\n<\/picture>\n<\/div>\n<\/div><\/div>\n<\/div>\n<h2><strong>LOS DETALLES DE SU PARTIDA<\/strong><\/h2>\n<p><strong>El futbolista de 33 a\u00f1os decidi\u00f3 que lo que propon\u00eda la Cat\u00f3lica no era suficiente<\/strong>. Y aunque suene duro plantearlo as\u00ed en un v\u00ednculo que cumpli\u00f3 cinco a\u00f1os y en un jugador que se convirti\u00f3 en uno de los m\u00e1s queridos por el p\u00fablico, todo tiene una explicaci\u00f3n bastante l\u00f3gica.<strong> Desde lo econ\u00f3mico, la cifra no convenc\u00eda en absoluto a Buonanotte.<\/strong><\/p>\n<div class=\"sp__SM\">\n<div class=\"content-new \">\n<span class=\"tit-mobile\">Mir\u00e1 tambi\u00e9n<\/span><\/p>\n<div class=\"mg\">\n<div class=\"wrap-figure\">\n<picture>\n<a href=\"https:\/\/www.ole.com.ar\/futbol-internacional\/balotelli-festejo-gol-patada-companero_0_aKF8CRsOT.html\" target=\"_self\" rel=\"noopener noreferrer\"><br \/>\n<img class=\"img-responsive\" alt=\"\u00a1Balotelli volvi\u00f3 a hacer de las suyas!\" src=\"http:\/\/hoycordobaweb.com\/wp-content\/uploads\/2021\/12\/el-idolo-dice-adios-buonanotte-se-va-de-universidad-catolica-3.jpg\" loading=\"lazy\"><br \/>\n<\/a>\n<\/picture>\n<\/div>\n<\/div><\/div>\n<\/div>\n<p>Es que la dirigencia le puso un contrato en el que su sueldo iba a ser la mitad de lo que cobr\u00f3 en la pasada temporada. Si eso ya resulta fuerte, <strong>hay que tener en cuenta que el argentino ya hab\u00eda aceptado una reducci\u00f3n del 50% de su salario para continuar en el club durante la pasada temporada 2021<\/strong>. En resumen,<strong> iba a cobrar un cuarto de lo que cobr\u00f3 en 2020.<\/strong><\/p>\n<div class=\"sp__Normal\">\n<div class=\"image-embeb image-trigger\" readability=\"6\">\n<picture><source media=\"(min-width: 720px)\" srcset=\"http:\/\/hoycordobaweb.com\/wp-content\/uploads\/2021\/12\/el-idolo-dice-adios-buonanotte-se-va-de-universidad-catolica-4.jpg\"><img itemprop=\"image\" src=\"http:\/\/hoycordobaweb.com\/wp-content\/uploads\/2021\/12\/el-idolo-dice-adios-buonanotte-se-va-de-universidad-catolica-4.jpg\" loading=\"lazy\" alt=\"Diego Bounanotte pone fin a una gran etapa.\">\n<\/picture><figcaption readability=\"2\">\n<p>Diego Bounanotte pone fin a una gran etapa.\n<\/p>\n<\/figcaption><\/div>\n<\/div>\n<div class=\"sp__SM\">\n<div class=\"content-new \">\n<span class=\"tit-mobile\">Mir\u00e1 tambi\u00e9n<\/span><\/p>\n<div class=\"mg\">\n<div class=\"wrap-figure\">\n<picture>\n<a href=\"https:\/\/www.ole.com.ar\/futbol-internacional\/italia\/inter-torino-serie-lautaro-martinez_0_6mgUlOqHW.html\" target=\"_self\" rel=\"noopener noreferrer\"><br \/>\n<img class=\"img-responsive\" alt=\"El Inter gana y es m\u00e1s puntero que nunca\" src=\"http:\/\/hoycordobaweb.com\/wp-content\/uploads\/2021\/12\/el-idolo-dice-adios-buonanotte-se-va-de-universidad-catolica-5.jpg\" loading=\"lazy\"><br \/>\n<\/a>\n<\/picture>\n<\/div>\n<\/div><\/div>\n<\/div>\n<p>Ante este panorama, Buonanotte tom\u00f3 la decisi\u00f3n de rechazar la oferta y abrir camino a una nueva etapa. Seg\u00fan indican los medios chilenos, <strong>est\u00e1 dispuesto a escuchar propuestas desde cualquier rinc\u00f3n del mundo: al menos no pondr\u00eda reparos a si otro equipo del pa\u00eds lo viene a buscar<\/strong>, a pesar de haber identificado fuertemente con el equipo cruzado.<\/p>\n<div class=\"sp__SM\">\n<div class=\"content-new \">\n<span class=\"tit-mobile\">Mir\u00e1 tambi\u00e9n<\/span><\/p>\n<div class=\"mg\">\n<div class=\"wrap-figure\">\n<picture>\n<a href=\"https:\/\/www.ole.com.ar\/futbol-internacional\/america\/mineiro-pide-titulo-decada-30_0_hK4DEXagD.html\" target=\"_self\" rel=\"noopener noreferrer\"><br \/>\n<img class=\"img-responsive\" alt=\"Pol\u00e9mica en Brasil: Mineiro pide que le cuenten un t\u00edtulo de la d\u00e9cada del '30\" src=\"http:\/\/hoycordobaweb.com\/wp-content\/uploads\/2021\/12\/el-idolo-dice-adios-buonanotte-se-va-de-universidad-catolica-6.jpg\" loading=\"lazy\"><br \/>\n<\/a>\n<\/picture>\n<\/div>\n<\/div><\/div>\n<\/div>\n<h2><strong>LA ACTUALIDAD, UN PROBLEMA<\/strong><\/h2>\n<p>M\u00e1s all\u00e1 de lo econ\u00f3mico, Diego tambi\u00e9n pretend\u00eda un cambio por el poco tiempo de juego que tuvo en el \u00faltimo tiempo en el club. En la temporada que acaba de terminar,<strong> y que la Universidad Cat\u00f3lica gan\u00f3, jug\u00f3 19 de los 24 partidos, sumados a tres de la Copa Libertadores y uno de la Supercopa. Sin embargo, en minutos suma, en total, 603. <\/strong>El equivalente a menos de siete partidos.<\/p>\n<div class=\"sp__SM\">\n<div class=\"content-new \">\n<span class=\"tit-mobile\">Mir\u00e1 tambi\u00e9n<\/span><\/p>\n<div class=\"mg\">\n<div class=\"wrap-figure\">\n<picture>\n<a href=\"https:\/\/www.ole.com.ar\/futbol-internacional\/flamengo-idolo-europa-retorno_0_IfL6TWW3l.html\" target=\"_self\" rel=\"noopener noreferrer\"><br \/>\n<img class=\"img-responsive\" alt=\"La operaci\u00f3n retorno que planea Flamengo para repatriar a un \u00eddolo en Europa\" src=\"http:\/\/hoycordobaweb.com\/wp-content\/uploads\/2021\/12\/el-idolo-dice-adios-buonanotte-se-va-de-universidad-catolica-7.jpg\" loading=\"lazy\"><br \/>\n<\/a>\n<\/picture>\n<\/div>\n<\/div><\/div>\n<\/div>\n<p>En ese per\u00edodo convirti\u00f3 dos goles y brind\u00f3 tres asistencias, lejos de sus mejores cifras en el club. Esto hizo que las dos partes buscaran una mejor<strong> salida a pesar de que Buonanotte es un \u00eddolo moderno y que \u00e9l coment\u00f3 estar a gusto en la instituci\u00f3n y en el pa\u00eds,<a data-cke-saved-href=\"https:\/\/www.ole.com.ar\/futbol-internacional\/america\/diego-buonanotte-chileno-nacionalizado-_0_ENsY0BfMr.html\" target=\"_blank\" href=\"https:\/\/www.ole.com.ar\/futbol-internacional\/america\/diego-buonanotte-chileno-nacionalizado-_0_ENsY0BfMr.html\" rel=\"noopener noreferrer\"> raz\u00f3n por la que se nacionaliz\u00f3 chileno.<\/a><\/strong><\/p>\n<div class=\"sp__Normal\">\n<div class=\"image-embeb image-trigger\" readability=\"6.5\">\n<picture><source media=\"(min-width: 720px)\" srcset=\"http:\/\/hoycordobaweb.com\/wp-content\/uploads\/2021\/12\/el-idolo-dice-adios-buonanotte-se-va-de-universidad-catolica-8.jpg\"><img itemprop=\"image\" src=\"http:\/\/hoycordobaweb.com\/wp-content\/uploads\/2021\/12\/el-idolo-dice-adios-buonanotte-se-va-de-universidad-catolica-8.jpg\" loading=\"lazy\" alt=\"Buonanotte, durante el acto.\">\n<\/picture><figcaption readability=\"3\">\n<p>Buonanotte, durante el acto.\n<\/p>\n<\/figcaption><\/div>\n<\/div>\n<div class=\"sp__SM\">\n<div class=\"content-new \">\n<span class=\"tit-mobile\">Mir\u00e1 tambi\u00e9n<\/span><\/p>\n<div class=\"mg\">\n<div class=\"wrap-figure\">\n<picture>\n<a href=\"https:\/\/www.ole.com.ar\/futbol-internacional\/mercado-pases-europa-rumores_0_FU2vwTGVW.html\" target=\"_self\" rel=\"noopener noreferrer\"><br \/>\n<img class=\"img-responsive\" alt=\"A 10 d\u00edas de su comienzo: c\u00f3mo est\u00e1 el mercado de pases en Europa\" src=\"http:\/\/hoycordobaweb.com\/wp-content\/uploads\/2021\/12\/el-idolo-dice-adios-buonanotte-se-va-de-universidad-catolica-9.jpg\" loading=\"lazy\"><br \/>\n<\/a>\n<\/picture>\n<\/div>\n<\/div><\/div>\n<\/div>\n<p>En la Universidad Cat\u00f3lica, el argentino <strong>marc\u00f3 29 goles y brind\u00f3 29 asistencias 159 partidos. Adem\u00e1s, conquist\u00f3 nueve t\u00edtulos y vio la tarjeta roja en tres ocasiones.&nbsp;<em><\/em><\/strong><em><\/em>\u200bSolo resta la comunicaci\u00f3n de parte del club para que el anuncio sea oficial y se termine la era de Buonanotte en los Cruzados.<\/p>\n<div class=\"sp__SM\">\n<div class=\"content-new \">\n<span class=\"tit-mobile\">Mir\u00e1 tambi\u00e9n<\/span><\/p>\n<div class=\"mg\">\n<div class=\"wrap-figure\">\n<picture>\n<a href=\"https:\/\/www.ole.com.ar\/basquet\/ginobili-salon-fama-nba-requisitos_0_H_j1SGvZw.html\" target=\"_self\" rel=\"noopener noreferrer\"><br \/>\n<img class=\"img-responsive\" alt=\"\u00bfQu\u00e9 necesita Gin\u00f3bili para entrar al Sal\u00f3n de la Fama?\" src=\"http:\/\/hoycordobaweb.com\/wp-content\/uploads\/2021\/12\/el-idolo-dice-adios-buonanotte-se-va-de-universidad-catolica-10.jpg\" loading=\"lazy\"><br \/>\n<\/a>\n<\/picture>\n<\/div>\n<\/div><\/div>\n<\/div>\n<div class=\"entry-tags\">\n<h2>TEMAS QUE APARECEN EN ESTA NOTA<\/h2>\n<\/p><\/div>\n","protected":false},"excerpt":{"rendered":"<p>El final que se preve\u00eda finalmente llego. Diego Buonanotte no seguir\u00e1 en la Universidad Cat\u00f3lica y deber\u00e1 buscar un nuevo club, que por ahora se desconoce completamente. Al argentino se le vence el contrato con el conjunto chileno este 31 de diciembre, y m\u00e1s all\u00e1 de que hubo negociaciones para extenderlo, no llegaron a buen [&hellip;]<\/p>\n","protected":false},"author":1,"featured_media":34641,"comment_status":"open","ping_status":"closed","sticky":false,"template":"","format":"standard","meta":[],"categories":[16],"tags":[],"_links":{"self":[{"href":"http:\/\/hoycordobaweb.com\/index.php\/wp-json\/wp\/v2\/posts\/34640"}],"collection":[{"href":"http:\/\/hoycordobaweb.com\/index.php\/wp-json\/wp\/v2\/posts"}],"about":[{"href":"http:\/\/hoycordobaweb.com\/index.php\/wp-json\/wp\/v2\/types\/post"}],"author":[{"embeddable":true,"href":"http:\/\/hoycordobaweb.com\/index.php\/wp-json\/wp\/v2\/users\/1"}],"replies":[{"embeddable":true,"href":"http:\/\/hoycordobaweb.com\/index.php\/wp-json\/wp\/v2\/comments?post=34640"}],"version-history":[{"count":0,"href":"http:\/\/hoycordobaweb.com\/index.php\/wp-json\/wp\/v2\/posts\/34640\/revisions"}],"wp:featuredmedia":[{"embeddable":true,"href":"http:\/\/hoycordobaweb.com\/index.php\/wp-json\/wp\/v2\/media\/34641"}],"wp:attachment":[{"href":"http:\/\/hoycordobaweb.com\/index.php\/wp-json\/wp\/v2\/media?parent=34640"}],"wp:term":[{"taxonomy":"category","embeddable":true,"href":"http:\/\/hoycordobaweb.com\/index.php\/wp-json\/wp\/v2\/categories?post=34640"},{"taxonomy":"post_tag","embeddable":true,"href":"http:\/\/hoycordobaweb.com\/index.php\/wp-json\/wp\/v2\/tags?post=34640"}],"curies":[{"name":"wp","href":"https:\/\/api.w.org\/{rel}","templated":true}]}}