{"id":34634,"date":"2021-12-22T19:01:25","date_gmt":"2021-12-22T19:01:25","guid":{"rendered":"https:\/\/www.ole.com.ar\/informacion-general\/murio-kawa-leauma-rugby-espana-luto_0_Q0-Gc7oV_.html"},"modified":"2021-12-22T19:01:25","modified_gmt":"2021-12-22T19:01:25","slug":"murio-un-rugbier-tras-caer-al-vacio-durante-una-fiesta","status":"publish","type":"post","link":"http:\/\/hoycordobaweb.com\/index.php\/2021\/12\/22\/murio-un-rugbier-tras-caer-al-vacio-durante-una-fiesta\/","title":{"rendered":"Muri\u00f3 un rugbier tras caer al vac\u00edo durante una fiesta"},"content":{"rendered":"<p><img src=\"http:\/\/hoycordobaweb.com\/wp-content\/uploads\/2021\/12\/murio-un-rugbier-tras-caer-al-vacio-durante-una-fiesta.jpg\"><\/p>\n<p><strong>Conmoci\u00f3n y luto en el rugby.<\/strong> Este martes se confirm\u00f3<strong> el fallecimiento de Kawa Leauma, jugador de 32 a\u00f1os de la selecci\u00f3n espa\u00f1ola, luego de pasar dos d\u00edas internado en terapia intensiva tras caer al vac\u00edo durante una fiesta<\/strong> celebrada el pasado s\u00e1bado entre el seleccionado de su pa\u00eds y el de Pa\u00edses Bajos en \u00c1msterdam. La lamentable noticia fue informada por la propia Federaci\u00f3n Espa\u00f1ola de Rugby.&nbsp;<\/p>\n<p><strong>\u00abDesde la Federaci\u00f3n Espa\u00f1ola de Rugby lamentamos comunicar el fallecimiento esta pasada noche de Kawa Leauma, jugador del AMPO Ordizia y del XV del Le\u00f3n, quien el pasado s\u00e1bado sufri\u00f3 un accidente fortuito despu\u00e9s del partido de Espa\u00f1a contra los Pa\u00edses Bajos en \u00c1msterdam\u00bb<\/strong>, expres\u00f3 la entidad en un escueto comunicado.<\/p>\n<h2><strong>El comunicado de la Federaci\u00f3n<\/strong><\/h2>\n<div class=\"sp__SM\">\n<div class=\"content-new \">\n<span class=\"tit-mobile\">Mir\u00e1 tambi\u00e9n<\/span><\/p>\n<div class=\"mg\">\n<div class=\"wrap-figure\">\n<picture>\n<a href=\"https:\/\/www.ole.com.ar\/futbol-internacional\/espana\/gandia_0_ddwARZ6lm.html\" target=\"_self\" rel=\"noopener noreferrer\"><br \/>\n<img class=\"img-responsive\" alt=\"Tragedia en Espa\u00f1a: muri\u00f3 un ni\u00f1o de apenas 7 a\u00f1os jugando al f\u00fatbol\" src=\"http:\/\/hoycordobaweb.com\/wp-content\/uploads\/2021\/12\/murio-un-rugbier-tras-caer-al-vacio-durante-una-fiesta-2.jpg\" loading=\"lazy\"><br \/>\n<\/a>\n<\/picture>\n<\/div>\n<\/div><\/div>\n<\/div>\n<p><strong>\u00abPor expreso deseo de su mujer, quien en estos momentos est\u00e1 viajando hacia la capital neerlandesa, de momento no podemos dar m\u00e1s informaci\u00f3n y pedimos el m\u00e1ximo respeto hacia ella y toda su familia. Descansa en paz, Kawa\u00bb<\/strong>, finalizaron.<\/p>\n<p>Kawa, segunda l\u00ednea de 1,97 metros y 110 kilos, <strong>naci\u00f3 en Nueva Zelanda pero desde 2018 era jugador del AMPO Ordizia en Espa\u00f1a. Si bien era de origen samoano y ten\u00eda nacionalidad neozelandesa, viaj\u00f3 con la delegaci\u00f3n espa\u00f1ola para el encuentro en suelo neerland\u00e9s.<\/strong> Sin embargo, no particip\u00f3 del partido del s\u00e1bado por temor de la Federaci\u00f3n a incurrir en alineaci\u00f3n indebida, debido a que Leauma hab\u00eda disputado varios partidos con las categor\u00edas inferiores de Samoa.<\/p>\n<div class=\"sp__Normal\">\n<div class=\"image-embeb image-trigger\" readability=\"6\">\n<picture><source media=\"(min-width: 720px)\" srcset=\"http:\/\/hoycordobaweb.com\/wp-content\/uploads\/2021\/12\/murio-un-rugbier-tras-caer-al-vacio-durante-una-fiesta-3.jpg\"><img itemprop=\"image\" src=\"http:\/\/hoycordobaweb.com\/wp-content\/uploads\/2021\/12\/murio-un-rugbier-tras-caer-al-vacio-durante-una-fiesta-3.jpg\" loading=\"lazy\" alt=\"Disput\u00f3 un partido con Espa\u00f1a ante Italia. (Gentileza: Walter Degirolmo)\">\n<\/picture><figcaption readability=\"2\">\n<p>Disput\u00f3 un partido con Espa\u00f1a ante Italia. (Gentileza: Walter Degirolmo)\n<\/p>\n<\/figcaption><\/div>\n<\/div>\n<p>Horas despu\u00e9s del encuentro correspondiente al Rugby Europe Championship, que termin\u00f3 52 a 7 a favor de los espa\u00f1oles, Kawa y algunos compa\u00f1eros asistieron a una fiesta con sus rivales, donde ocurri\u00f3 el tr\u00e1gico suceso. <strong>El deportista cay\u00f3 al vac\u00edo en una zona mal se\u00f1alizada y se golpe\u00f3 fuertemente la cabeza, sufriendo un traumatismo craneoencef\u00e1lico aunque no sobrevivi\u00f3 luego de su \u00faltima intervenci\u00f3n quir\u00fargica.<\/strong><\/p>\n<p><strong>\u00abEs ese jugador que quieres en tu equipo, sacrificado, no existe la palabra derrota en \u00e9l. Un jugador que nunca se lesionaba, disfrutaba de cada entrenamiento y muy necesitado por sus compa\u00f1eros\u00bb<\/strong>, lo record\u00f3 Julen Goia, capit\u00e1n del Ordizia y tambi\u00e9n jugador de la selecci\u00f3n.<\/p>\n<div class=\"sp__Normal\">\n<div class=\"image-embeb image-trigger\" readability=\"6\">\n<picture><source media=\"(min-width: 720px)\" srcset=\"http:\/\/hoycordobaweb.com\/wp-content\/uploads\/2021\/12\/murio-un-rugbier-tras-caer-al-vacio-durante-una-fiesta-4.jpg\"><img itemprop=\"image\" src=\"http:\/\/hoycordobaweb.com\/wp-content\/uploads\/2021\/12\/murio-un-rugbier-tras-caer-al-vacio-durante-una-fiesta-4.jpg\" loading=\"lazy\" alt=\"Sus compa\u00f1eros lo despidieron. (Gentileza: Walter Degirolmo)\">\n<\/picture><figcaption readability=\"2\">\n<p>Sus compa\u00f1eros lo despidieron. (Gentileza: Walter Degirolmo)\n<\/p>\n<\/figcaption><\/div>\n<\/div>\n<div class=\"sp__SM\">\n<div class=\"content-new \">\n<span class=\"tit-mobile\">Mir\u00e1 tambi\u00e9n<\/span><\/p>\n<div class=\"mg\">\n<div class=\"wrap-figure\">\n<picture>\n<a href=\"https:\/\/www.ole.com.ar\/futbol-internacional\/interpol-ascenso-colombiano-polemica_0_ttk4IeasZ.html\" target=\"_self\" rel=\"noopener noreferrer\"><br \/>\n<img class=\"img-responsive\" alt=\"Crece la pol\u00e9mica: Interpol interviene en el ascenso colombiano\" src=\"http:\/\/hoycordobaweb.com\/wp-content\/uploads\/2021\/12\/murio-un-rugbier-tras-caer-al-vacio-durante-una-fiesta-5.jpg\" loading=\"lazy\"><br \/>\n<\/a>\n<\/picture>\n<\/div>\n<\/div><\/div>\n<\/div>\n<h2><strong>El homenaje de Espa\u00f1a<\/strong><\/h2>\n<p><strong>\u200b\u00bbEl pr\u00f3ximo 5 de febrero, precisamente en el partido contra los Pa\u00edses Bajos que supondr\u00e1 el regreso del Rugby Europe Championship, Leauma recibir\u00e1 el mejor homenaje<\/strong> en el campo donde disput\u00f3 su primer y \u00fanico partido con el XV del Le\u00f3n, si bien su nombre siempre estar\u00e1 ligado ya al rugby espa\u00f1ol. <strong>Descansa en paz, Kawa. Siempre ser\u00e1s uno de los nuestros<\/strong>\u00ab, anunci\u00f3 la Federaci\u00f3n.<\/p>\n<h2><strong>As\u00ed lo despidieron<\/strong><\/h2>\n<div class=\"sp__Normal htmlLibre\">\n<div class=\"embed-responsive-c\" readability=\"7.0227272727273\">\n<blockquote class=\"twitter-tweet\" readability=\"7.9005681818182\">\n<p lang=\"es\" dir=\"ltr\">Consternado por la noticia del fallecimiento de Kawa Leauma. Qu\u00e9 injusticia&#8230; Un chico fabuloso al que tuve la suerte de conocer hace algunas semanas. Mi sincero p\u00e9same a sus familiares, amigos, compa\u00f1eros y a todo el rugby espa\u00f1ol. Os acompa\u00f1o en el sentimiento. <a href=\"https:\/\/t.co\/WxWWP9yebY\">pic.twitter.com\/WxWWP9yebY<\/a><\/p>\n<p>\u2014 Alejandro Blanco (@COE_Presidente) <a href=\"https:\/\/twitter.com\/COE_Presidente\/status\/1473396209628950530?ref_src=twsrc%5Etfw\">December 21, 2021<\/a><\/p><\/blockquote><\/div>\n<\/div>\n<div class=\"sp__SM\">\n<div class=\"content-new \">\n<span class=\"tit-mobile\">Mir\u00e1 tambi\u00e9n<\/span><\/p>\n<div class=\"mg\">\n<div class=\"wrap-figure\">\n<picture>\n<a href=\"https:\/\/www.ole.com.ar\/futbol-internacional\/espana\/rayo-vallecano-puntos-local_0_TE_diJ8S0.html\" target=\"_self\" rel=\"noopener noreferrer\"><br \/>\n<img class=\"img-responsive\" alt=\"El sorprendente equipo europeo que sac\u00f3 m\u00e1s puntos de local que cualquier otro\" src=\"http:\/\/hoycordobaweb.com\/wp-content\/uploads\/2021\/12\/murio-un-rugbier-tras-caer-al-vacio-durante-una-fiesta-6.jpg\" loading=\"lazy\"><br \/>\n<\/a>\n<\/picture>\n<\/div>\n<\/div><\/div>\n<\/div>\n<div class=\"entry-tags\">\n<h2>TEMAS QUE APARECEN EN ESTA NOTA<\/h2>\n<\/p><\/div>\n","protected":false},"excerpt":{"rendered":"<p>Conmoci\u00f3n y luto en el rugby. Este martes se confirm\u00f3 el fallecimiento de Kawa Leauma, jugador de 32 a\u00f1os de la selecci\u00f3n espa\u00f1ola, luego de pasar dos d\u00edas internado en terapia intensiva tras caer al vac\u00edo durante una fiesta celebrada el pasado s\u00e1bado entre el seleccionado de su pa\u00eds y el de Pa\u00edses Bajos en [&hellip;]<\/p>\n","protected":false},"author":1,"featured_media":34635,"comment_status":"open","ping_status":"closed","sticky":false,"template":"","format":"standard","meta":[],"categories":[16],"tags":[],"_links":{"self":[{"href":"http:\/\/hoycordobaweb.com\/index.php\/wp-json\/wp\/v2\/posts\/34634"}],"collection":[{"href":"http:\/\/hoycordobaweb.com\/index.php\/wp-json\/wp\/v2\/posts"}],"about":[{"href":"http:\/\/hoycordobaweb.com\/index.php\/wp-json\/wp\/v2\/types\/post"}],"author":[{"embeddable":true,"href":"http:\/\/hoycordobaweb.com\/index.php\/wp-json\/wp\/v2\/users\/1"}],"replies":[{"embeddable":true,"href":"http:\/\/hoycordobaweb.com\/index.php\/wp-json\/wp\/v2\/comments?post=34634"}],"version-history":[{"count":0,"href":"http:\/\/hoycordobaweb.com\/index.php\/wp-json\/wp\/v2\/posts\/34634\/revisions"}],"wp:featuredmedia":[{"embeddable":true,"href":"http:\/\/hoycordobaweb.com\/index.php\/wp-json\/wp\/v2\/media\/34635"}],"wp:attachment":[{"href":"http:\/\/hoycordobaweb.com\/index.php\/wp-json\/wp\/v2\/media?parent=34634"}],"wp:term":[{"taxonomy":"category","embeddable":true,"href":"http:\/\/hoycordobaweb.com\/index.php\/wp-json\/wp\/v2\/categories?post=34634"},{"taxonomy":"post_tag","embeddable":true,"href":"http:\/\/hoycordobaweb.com\/index.php\/wp-json\/wp\/v2\/tags?post=34634"}],"curies":[{"name":"wp","href":"https:\/\/api.w.org\/{rel}","templated":true}]}}