{"id":34628,"date":"2021-12-22T14:29:04","date_gmt":"2021-12-22T14:29:04","guid":{"rendered":"http:\/\/ladecimaweb.com\/?p=12245"},"modified":"2021-12-22T14:29:04","modified_gmt":"2021-12-22T14:29:04","slug":"hay-un-rebrote-y-empieza-a-circular-mas-fuerte-la-variante-omicron","status":"publish","type":"post","link":"http:\/\/hoycordobaweb.com\/index.php\/2021\/12\/22\/hay-un-rebrote-y-empieza-a-circular-mas-fuerte-la-variante-omicron\/","title":{"rendered":"\u201cHay un rebrote y empieza a circular m\u00e1s fuerte la variante \u00d3micron\u201d"},"content":{"rendered":"<p><span style=\"font-size: 12px;\"><span style=\"font-size: 16px;\">(Agencia T\u00e9lam) El\u00a0jefe de asesores del Ministerio de Salud de la provincia de Buenos Aires, <strong>Enio Garc\u00eda<\/strong>, afirm\u00f3 que el aumento &#8220;exponencial&#8221; de casos por coronavirus en el pa\u00eds registrado en los \u00faltimos d\u00edas se debe a la &#8220;circulaci\u00f3n m\u00e1s fuerte&#8221; de la variante \u00d3micron y a que la la sociedad &#8220;baj\u00f3 la guardia&#8221; en los cuidados.<\/span><\/p>\n<p><span style=\"font-size: 16px;\">&#8220;Estamos frente a la presencia de un rebrote, parecer\u00eda que empieza a circular m\u00e1s fuerte la variante \u00d3micron, y en algunos laboratorios, han identificado una gran cantidad de muestras de esta nueva cepa&#8221;, afirm\u00f3 Garc\u00eda, respecto a la situaci\u00f3n del incremento de casos por coronavirus en la provincia de Buenos Aires.<\/span><\/span><\/p>\n<p><span style=\"font-size: 16px;\">Tras agregar que luego de varios meses consecutivos de baja de casos, el funcionario remarc\u00f3 en declaraciones por Radio Del Plata que\u00a0<strong>&#8220;empieza a aumentar de manera exponencial la cantidad de contagios junto con los testeos, que por ahora no repercute en los servicios de salud por la efectividad de las vacunas&#8221;<\/strong>.<\/p>\n<p>Un total de\u00a0<a href=\"https:\/\/www.telam.com.ar\/notas\/202112\/578680-coronavirus-reporte-provincia-de-buenos-aires.html\" target=\"_blank\" rel=\"noopener noreferrer\">3.372 casos positivos de coronavirus se registraron en las \u00faltimas 24 horas en la provincia de Buenos Aires<\/a>, y el martes\u00a0<a href=\"https:\/\/www.telam.com.ar\/notas\/202112\/578626-casos-argentina-coronavirus-pandemia-vacunas-reporte-salud.html\" target=\"_blank\" rel=\"noopener noreferrer\">otras 24 personas murieron y 9.336 fueron reportadas con coronavirus en las \u00faltimas 24 horas en la Argentina<\/a>.<\/p>\n<p>El jefe de asesores del Ministerio de Salud bonaerense adjudic\u00f3 el aumento de casos, a la mayor mayor contagiosidad de la variante \u00d3micron pero tambi\u00e9n al &#8220;comportamiento social, (porque) bajamos la guardia como sociedad y veo mucha gente sin barbijos en locales cerrados&#8221;.<\/p>\n<p>&#8220;El a\u00f1o pasado, tuvimos un brote en las fiestas, porque es muy dif\u00edcil que las personas mantengan las medidas de cuidado, por eso esperamos un aumento de casos para el per\u00edodo de fiestas&#8221;, apunt\u00f3.<\/p>\n<p>Luego, Garc\u00eda record\u00f3 las recomendaciones de cuidado, tales como &#8220;evitar reuniones con mucha gente, hacerlas en lugares abiertos, la ventilaci\u00f3n cruzada, no compartir utensillos, vasos, seguir usando barbijos y lo m\u00e1s importante el tema de la vacunaci\u00f3n&#8221;.<\/span><\/p>\n<p><strong><span style=\"font-size: 16px;\">La importancia de la vacunaci\u00f3n<\/span><\/strong><\/p>\n<p><span style=\"font-size: 16px;\">Por su parte, el subsecretario de Estrategias Sanitarias del Ministerio de Salud de la Naci\u00f3n, <strong>Juan Manuel Castelli<\/strong>, dijo que &#8220;si uno ve lo que pasa en los pa\u00edses con alta cantidad de casos diarios, lo que se est\u00e1 viendo es que \u00d3micron no es una variante que tiene mayor impacto desde lo individual en los vacunados.\u00a0<strong>La diferencia est\u00e1 en los insuficientemente vacunados o no vacunados<\/strong>&#8220;.<\/p>\n<p><strong>&#8220;La chance es sustantivamente m\u00e1s alta de las personas no vacunadas de tener un desenlace fatal que las personas vacunadas&#8221;<\/strong>, agreg\u00f3.<\/p>\n<p>En di\u00e1logo con El Destape Radio, Castelli cont\u00f3 que desde el Ministerio se encuentran analizando &#8220;la transmisibilidad que tienen las variantes Delta y \u00d3micron&#8221;.<\/p>\n<p>En este sentido, se observ\u00f3 que &#8220;son los grandes conglomerados en donde se detecta la mayor cantidad de casos&#8221; y &#8220;se ha detectado una demora mayor de las personas para consultar&#8221;.<\/p>\n<p>&#8220;A veces tienen pocos s\u00edntomas porque los casos en su gran mayor\u00eda son leves y entonces las personas est\u00e1n tres o cuatro d\u00edas con dolor de cabeza y de garganta. Esto hace que en ese tiempo, que son los primeros d\u00edas de la enfermedad, cuando uno tiene la mayor capacidad de transmitir a otros, se pueda diseminar m\u00e1s r\u00e1pido el virus&#8221;, explic\u00f3.<\/p>\n<p>Si bien la variante responsable de la suba de casos positivos de Covid-19 actual en la Argentina es la Delta, &#8220;en otros pa\u00edses se ve que hay un r\u00e1pido desplazamiento a una variante m\u00e1s transmisible, como es \u00d3micron&#8221;, asegur\u00f3 Castelli.<\/p>\n<p>Una de la medidas a las que apunta el Ministerio es &#8220;fortalecer el mensaje&#8221; de la vacunaci\u00f3n y, en este sentido, destac\u00f3 que existe &#8220;<strong>un gran esfuerzo de todos los equipos de salud en poder sostener tasas de vacunaci\u00f3n de 2 millones de aplicaciones por semana<\/strong>&#8220;.<\/p>\n<p>Adem\u00e1s, record\u00f3 la importancia de mantener los cuidados como &#8220;el uso del barbijo&#8221;, que &#8220;hoy hay mucha evidencia sobre la efectividad que tiene para disminuir la transmisi\u00f3n&#8221; y &#8220;la ventilaci\u00f3n cruzada de los ambientes&#8221;.<\/span><\/p>\n<div class=\"ubm_banner\"><a href=\"https:\/\/www.cordobaturismo.gov.ar\/\" target=\"_blank\" rel=\"dofollow noopener noreferrer\"><img src=\"http:\/\/hoycordobaweb.com\/wp-content\/uploads\/2021\/12\/hay-un-rebrote-y-empieza-a-circular-mas-fuerte-la-variante-omicron.gif\" alt=\"\"><\/a><\/div>\n<p>La entrada <a rel=\"nofollow\" href=\"https:\/\/ladecimaweb.com\/hay-un-rebrote-y-empieza-a-circular-mas-fuerte-la-variante-omicron\/\">&#8220;Hay un rebrote y empieza a circular m\u00e1s fuerte la variante \u00d3micron&#8221;<\/a> se public\u00f3 primero en <a rel=\"nofollow\" href=\"https:\/\/ladecimaweb.com\">LaDecima<\/a>.<\/p>\n","protected":false},"excerpt":{"rendered":"<p>(Agencia T\u00e9lam) El\u00a0jefe de asesores del Ministerio de Salud de la provincia de Buenos Aires, Enio Garc\u00eda, afirm\u00f3 que el aumento &#8220;exponencial&#8221; de casos por coronavirus en el pa\u00eds registrado en los \u00faltimos d\u00edas se debe a la &#8220;circulaci\u00f3n m\u00e1s fuerte&#8221; de la variante \u00d3micron y a que la la sociedad &#8220;baj\u00f3 la guardia&#8221; en [&hellip;]<\/p>\n","protected":false},"author":1,"featured_media":34629,"comment_status":"closed","ping_status":"closed","sticky":false,"template":"","format":"standard","meta":[],"categories":[19],"tags":[],"_links":{"self":[{"href":"http:\/\/hoycordobaweb.com\/index.php\/wp-json\/wp\/v2\/posts\/34628"}],"collection":[{"href":"http:\/\/hoycordobaweb.com\/index.php\/wp-json\/wp\/v2\/posts"}],"about":[{"href":"http:\/\/hoycordobaweb.com\/index.php\/wp-json\/wp\/v2\/types\/post"}],"author":[{"embeddable":true,"href":"http:\/\/hoycordobaweb.com\/index.php\/wp-json\/wp\/v2\/users\/1"}],"replies":[{"embeddable":true,"href":"http:\/\/hoycordobaweb.com\/index.php\/wp-json\/wp\/v2\/comments?post=34628"}],"version-history":[{"count":0,"href":"http:\/\/hoycordobaweb.com\/index.php\/wp-json\/wp\/v2\/posts\/34628\/revisions"}],"wp:featuredmedia":[{"embeddable":true,"href":"http:\/\/hoycordobaweb.com\/index.php\/wp-json\/wp\/v2\/media\/34629"}],"wp:attachment":[{"href":"http:\/\/hoycordobaweb.com\/index.php\/wp-json\/wp\/v2\/media?parent=34628"}],"wp:term":[{"taxonomy":"category","embeddable":true,"href":"http:\/\/hoycordobaweb.com\/index.php\/wp-json\/wp\/v2\/categories?post=34628"},{"taxonomy":"post_tag","embeddable":true,"href":"http:\/\/hoycordobaweb.com\/index.php\/wp-json\/wp\/v2\/tags?post=34628"}],"curies":[{"name":"wp","href":"https:\/\/api.w.org\/{rel}","templated":true}]}}