{"id":34592,"date":"2021-12-21T18:36:12","date_gmt":"2021-12-21T18:36:12","guid":{"rendered":"https:\/\/www.ole.com.ar\/futbol-internacional\/america\/borja-refuerzo-junior-colombia_0_Ns--_dVeN.html"},"modified":"2021-12-21T18:36:12","modified_gmt":"2021-12-21T18:36:12","slug":"borja-se-acerca-a-junior-el-deseo-de-volver-siempre-esta","status":"publish","type":"post","link":"http:\/\/hoycordobaweb.com\/index.php\/2021\/12\/21\/borja-se-acerca-a-junior-el-deseo-de-volver-siempre-esta\/","title":{"rendered":"Borja se acerca a Junior: \u00abEl deseo de volver siempre est\u00e1\u00bb"},"content":{"rendered":"<p><img src=\"http:\/\/hoycordobaweb.com\/wp-content\/uploads\/2021\/12\/borja-se-acerca-a-junior-el-deseo-de-volver-siempre-esta.jpg\"><\/p>\n<p><strong><a alt=\"miguel-angel-borja\" class=\"slug\" href=\"https:\/\/www.ole.com.ar\/tema\/miguel-angel-borja.html\" target=\"_blank\" title=\"miguel-angel-borja\" rel=\"noopener noreferrer\">Miguel \u00c1ngel Borja<\/a><\/strong> es uno de los nombres m\u00e1s que m\u00e1s son\u00f3 en los \u00faltimos dos mercados de pases. Sin lugar en <strong><a alt=\"palmeiras\" class=\"slug\" href=\"https:\/\/www.ole.com.ar\/tema\/palmeiras.html\" target=\"_blank\" title=\"palmeiras\" rel=\"noopener noreferrer\">Palmeiras<\/a><\/strong>, que ten\u00eda la necesidad de liberar un cupo de extranjero y de sacarse de encima un salario alto para pagar, el colombiano pas\u00f3 a ser uno de los jugadores m\u00e1s buscados por los clubes de \u00e9lite del f\u00fatbol sudamericano. M\u00e1s all\u00e1 de sus 28 a\u00f1os y la poca capacidad de reventa, se trata de un baluarte ofensivo que te asegura rendimiento inmediato. Es por eso que <a data-cke-saved-href=\"https:\/\/www.ole.com.ar\/boca-juniors\/miguel-borja-boca-palmeiras-russo_0_g5sOOvjnF.html\" target=\"_blank\" href=\"https:\/\/www.ole.com.ar\/boca-juniors\/miguel-borja-boca-palmeiras-russo_0_g5sOOvjnF.html\" rel=\"noopener noreferrer\"><strong>interes\u00f3 en Boca<\/strong><\/a> y en otros grandes del continente. Sin embargo, <strong>todo parece indicar que <a data-cke-saved-href=\"https:\/\/www.ole.com.ar\/futbol-internacional\/america\/borja-interes-refuerzo-junior-colombia_0_8Bye8aVjn.html\" target=\"_blank\" href=\"https:\/\/www.ole.com.ar\/futbol-internacional\/america\/borja-interes-refuerzo-junior-colombia_0_8Bye8aVjn.html\" rel=\"noopener noreferrer\">regresar\u00e1 a Junior <\/a>para tener su segunda etapa en el club<\/strong>.<\/p>\n<div class=\"sp__Normal\">\n<div class=\"image-embeb image-trigger\" readability=\"6\">\n<picture><source media=\"(min-width: 720px)\" srcset=\"http:\/\/hoycordobaweb.com\/wp-content\/uploads\/2021\/12\/borja-se-acerca-a-junior-el-deseo-de-volver-siempre-esta-2.jpg\"><img itemprop=\"image\" src=\"http:\/\/hoycordobaweb.com\/wp-content\/uploads\/2021\/12\/borja-se-acerca-a-junior-el-deseo-de-volver-siempre-esta-2.jpg\" loading=\"lazy\" alt=\"Borja estuvo en el club de Barranquilla entre enero de 2020 y junio de 2021. (EFE)\">\n<\/picture><figcaption readability=\"2\">\n<p>Borja estuvo en el club de Barranquilla entre enero de 2020 y junio de 2021. (EFE)\n<\/p>\n<\/figcaption><\/div>\n<\/div>\n<div class=\"sp__SM\">\n<div class=\"content-new \">\n<span class=\"tit-mobile\">Mir\u00e1 tambi\u00e9n<\/span><\/p>\n<div class=\"mg\">\n<div class=\"wrap-figure\">\n<picture>\n<a href=\"https:\/\/www.ole.com.ar\/racing\/racing-boca-cardona_0_dnwQzDvMX.html\" target=\"_self\" rel=\"noopener noreferrer\"><br \/>\n<img class=\"img-responsive\" alt=\"Racing se tira un lance por Cardona\" src=\"http:\/\/hoycordobaweb.com\/wp-content\/uploads\/2021\/12\/borja-se-acerca-a-junior-el-deseo-de-volver-siempre-esta-3.jpg\" loading=\"lazy\"><br \/>\n<\/a>\n<\/picture>\n<\/div>\n<\/div><\/div>\n<\/div>\n<p>\u00ab<strong>El deseo de volver a Junior siempre est\u00e1. Lo importante es que el esfuerzo se est\u00e1 haciendo de ambas partes y esperemos llegar a un acuerdo<\/strong>\u00ab, se\u00f1al\u00f3 en su estad\u00eda en Barranquilla, donde est\u00e1 disfrutando de sus vacaciones luego de una temporada muy cargada, que lo tuvo jugando la <strong><a alt=\"copa-libertadores\" class=\"slug\" href=\"https:\/\/www.ole.com.ar\/tema\/copa-libertadores.html\" target=\"_blank\" title=\"copa-libertadores\" rel=\"noopener noreferrer\">Copa Libertadores<\/a><\/strong> primero y luego <a href=\"https:\/\/www.ole.com.ar\/futbol-internacional\/america\/douglas-descenso-b-miguel-borja_0_IE6Guprzx.html\" target=\"_blank\" rel=\"noopener noreferrer\"><strong>descendiendo a la Serie B del Brasileirao en su fugaz paso por Gremio<\/strong><\/a>. Adem\u00e1s, disput\u00f3 la Copa Am\u00e9rica y se volvi\u00f3 una pieza clave en el funcionamiento de la <strong><a alt=\"seleccion-de-colombia\" class=\"slug\" href=\"https:\/\/www.ole.com.ar\/tema\/seleccion-de-colombia.html\" target=\"_blank\" title=\"seleccion-de-colombia\" rel=\"noopener noreferrer\">Selecci\u00f3n Colombia<\/a><\/strong>. Tanto es as\u00ed que el entrenador Reinaldo Rueda prioriz\u00f3 su presencia en la titularidad por sobre Radamel Falcao, Duv\u00e1n Zapata o Luis Muriel. De hecho, demostr\u00f3 que se entiende muy bien en la dupla de ataque con Rafael Santos Borr\u00e9.<\/p>\n<div class=\"sp__SM\">\n<div class=\"content-new \">\n<span class=\"tit-mobile\">Mir\u00e1 tambi\u00e9n<\/span><\/p>\n<div class=\"mg\">\n<div class=\"wrap-figure\">\n<picture>\n<a href=\"https:\/\/www.ole.com.ar\/futbol-internacional\/america\/juan-cuadrado-porvenir-argentina_0_5ud7HoeuK.html\" target=\"_self\" rel=\"noopener noreferrer\"><br \/>\n<img class=\"img-responsive\" alt=\"Cuando Cuadrado estuvo a prueba en un equipo de la Primera C de Argentina\" src=\"http:\/\/hoycordobaweb.com\/wp-content\/uploads\/2021\/12\/borja-se-acerca-a-junior-el-deseo-de-volver-siempre-esta-4.jpg\" loading=\"lazy\"><br \/>\n<\/a>\n<\/picture>\n<\/div>\n<\/div><\/div>\n<\/div>\n<p> Las negociaciones entre Borja y Junior vienen desde hace varios d\u00edas y no es un secreto que se encontraba bajo cuatro llaves. Incluso, Fuad Char, m\u00e1ximo accionista del conjunto de Barranquilla, hab\u00eda expresado este lunes que la llegada del goleador era una posibilidad concreta. \u00ab<strong>Miguel Borja es un nombre que estamos analizando<\/strong>. Ya firmamos a Fernando Uribe y es algo que conversamos con el entrenador. Sabemos que vamos a jugar domingo, mi\u00e9rcoles, domingo y debemos tener dos equipos titulares. Es por eso que [la dupla] Uribe &#8211; Borja no la descartar\u00eda\u00bb, asegur\u00f3.<\/p>\n<div class=\"sp__Normal\">\n<div class=\"image-embeb image-trigger\" readability=\"6\">\n<picture><source media=\"(min-width: 720px)\" srcset=\"http:\/\/hoycordobaweb.com\/wp-content\/uploads\/2021\/12\/borja-se-acerca-a-junior-el-deseo-de-volver-siempre-esta-5.jpg\"><img itemprop=\"image\" src=\"http:\/\/hoycordobaweb.com\/wp-content\/uploads\/2021\/12\/borja-se-acerca-a-junior-el-deseo-de-volver-siempre-esta-5.jpg\" loading=\"lazy\" alt=\"Borja se qued\u00f3 con la titularidad en Colombia. (AFP)\">\n<\/picture><figcaption readability=\"2\">\n<p>Borja se qued\u00f3 con la titularidad en Colombia. (AFP)\n<\/p>\n<\/figcaption><\/div>\n<\/div>\n<h2><strong>UNA NUEVA ETAPA<\/strong><\/h2>\n<p> Borja volver\u00eda a recalar en los Rojiblancos luego de su paso entre enero de 2020 y junio de 2021. En aquella oportunidad, hab\u00eda convertido 35 goles y repartido siete asistencias en 59 partidos. Asimismo, conquist\u00f3 la Superliga de Colombia, que signific\u00f3 el \u00faltimo de los siete t\u00edtulos conseguidos en su carrera (Superliga de Colombia y Copa Sudamericana con Independiente Santa Fe, Copa Libertadores y Copa Colombia con Atl\u00e9tico Nacional , Brasileirao con Palmeiras y Sudamericano Sub20 en 2013 en tierras argentinas). Tambi\u00e9n, fue incluido en el equipo ideal de la DIMAYOR 2020 y fue el goleador en el torneo ganado por Junior.<\/p>\n<div class=\"sp__SM\">\n<div class=\"content-new \">\n<span class=\"tit-mobile\">Mir\u00e1 tambi\u00e9n<\/span><\/p>\n<div class=\"mg\">\n<div class=\"wrap-figure\">\n<picture>\n<a href=\"https:\/\/www.ole.com.ar\/futbol-internacional\/america\/colombia-100-mejores-futbolistas-2021_0_mGjT1FX0k.html\" target=\"_self\" rel=\"noopener noreferrer\"><br \/>\n<img class=\"img-responsive\" alt=\"Dos colombianos entre los 100 mejores de 2021\" src=\"http:\/\/hoycordobaweb.com\/wp-content\/uploads\/2021\/12\/borja-se-acerca-a-junior-el-deseo-de-volver-siempre-esta-6.jpg\" loading=\"lazy\"><br \/>\n<\/a>\n<\/picture>\n<\/div>\n<\/div><\/div>\n<\/div>\n<h2><strong>UN CANDIDATO MENOS PARA BOCA<\/strong><\/h2>\n<p>Conocida es la situaci\u00f3n de <strong><a alt=\"boca-juniors\" class=\"slug\" href=\"https:\/\/www.ole.com.ar\/tema\/boca-juniors.html\" target=\"_blank\" title=\"boca-juniors\" rel=\"noopener noreferrer\">Boca Juniors<\/a><\/strong>: desean contratar un centro delantero de experiencia y que no le pese la responsabilidad de llevar puesta la camiseta de uno de los equipos con mayor historia del f\u00fatbol sudamericano. No obstante, los deseos son muchos, pero la realidad marca otra cosa totalmente opuesta dado que existen serias dificultades econ\u00f3micas para poder convencer a los futbolistas de \u00abSelecci\u00f3n\u00bb o a los que se encuentran en Europa. Descartado lo de Borja desde hace un tiempo, <a data-cke-saved-href=\"https:\/\/www.ole.com.ar\/boca-juniors\/boca-mercado-pases-angel-romero_0_bnJIkMt1W.html\" target=\"_blank\" href=\"https:\/\/www.ole.com.ar\/boca-juniors\/boca-mercado-pases-angel-romero_0_bnJIkMt1W.html\" rel=\"noopener noreferrer\"><strong>\u00c1ngel Romero<\/strong><\/a>, Roger Mart\u00ednez y Gabriel \u00c1valos son tres nombres que suenan con fuerza para reforzar esa zona del campo, que es una de las principales metas de Juan Rom\u00e1n Riquelme y de todo el Consejo de F\u00fatbol.<\/p>\n<div class=\"sp__SM\">\n<div class=\"content-new \">\n<span class=\"tit-mobile\">Mir\u00e1 tambi\u00e9n<\/span><\/p>\n<div class=\"mg\">\n<div class=\"wrap-figure\">\n<picture>\n<a href=\"https:\/\/www.ole.com.ar\/futbol-internacional\/america\/critica-teo-gutierrez-junior-colombia_0_QB1ql7KFz.html\" target=\"_self\" rel=\"noopener noreferrer\"><br \/>\n<img class=\"img-responsive\" alt=\"Dur\u00edsima cr\u00edtica a Teo Guti\u00e9rrez: &quot;Qued\u00f3 en deuda con Junior&quot;\" src=\"http:\/\/hoycordobaweb.com\/wp-content\/uploads\/2021\/12\/borja-se-acerca-a-junior-el-deseo-de-volver-siempre-esta-7.jpg\" loading=\"lazy\"><br \/>\n<\/a>\n<\/picture>\n<\/div>\n<\/div><\/div>\n<\/div>\n<div class=\"entry-tags\">\n<h2>TEMAS QUE APARECEN EN ESTA NOTA<\/h2>\n<\/p><\/div>\n","protected":false},"excerpt":{"rendered":"<p>Miguel \u00c1ngel Borja es uno de los nombres m\u00e1s que m\u00e1s son\u00f3 en los \u00faltimos dos mercados de pases. Sin lugar en Palmeiras, que ten\u00eda la necesidad de liberar un cupo de extranjero y de sacarse de encima un salario alto para pagar, el colombiano pas\u00f3 a ser uno de los jugadores m\u00e1s buscados por [&hellip;]<\/p>\n","protected":false},"author":1,"featured_media":34593,"comment_status":"open","ping_status":"closed","sticky":false,"template":"","format":"standard","meta":[],"categories":[16],"tags":[],"_links":{"self":[{"href":"http:\/\/hoycordobaweb.com\/index.php\/wp-json\/wp\/v2\/posts\/34592"}],"collection":[{"href":"http:\/\/hoycordobaweb.com\/index.php\/wp-json\/wp\/v2\/posts"}],"about":[{"href":"http:\/\/hoycordobaweb.com\/index.php\/wp-json\/wp\/v2\/types\/post"}],"author":[{"embeddable":true,"href":"http:\/\/hoycordobaweb.com\/index.php\/wp-json\/wp\/v2\/users\/1"}],"replies":[{"embeddable":true,"href":"http:\/\/hoycordobaweb.com\/index.php\/wp-json\/wp\/v2\/comments?post=34592"}],"version-history":[{"count":0,"href":"http:\/\/hoycordobaweb.com\/index.php\/wp-json\/wp\/v2\/posts\/34592\/revisions"}],"wp:featuredmedia":[{"embeddable":true,"href":"http:\/\/hoycordobaweb.com\/index.php\/wp-json\/wp\/v2\/media\/34593"}],"wp:attachment":[{"href":"http:\/\/hoycordobaweb.com\/index.php\/wp-json\/wp\/v2\/media?parent=34592"}],"wp:term":[{"taxonomy":"category","embeddable":true,"href":"http:\/\/hoycordobaweb.com\/index.php\/wp-json\/wp\/v2\/categories?post=34592"},{"taxonomy":"post_tag","embeddable":true,"href":"http:\/\/hoycordobaweb.com\/index.php\/wp-json\/wp\/v2\/tags?post=34592"}],"curies":[{"name":"wp","href":"https:\/\/api.w.org\/{rel}","templated":true}]}}