{"id":34590,"date":"2021-12-21T18:37:16","date_gmt":"2021-12-21T18:37:16","guid":{"rendered":"https:\/\/www.ole.com.ar\/futbol-internacional\/eliminatorias\/fechas-15-16-hora-eliminatorias_0_nH8thBBI_.html"},"modified":"2021-12-21T18:37:16","modified_gmt":"2021-12-21T18:37:16","slug":"como-se-juegan-los-partidos-de-las-fechas-15-y-16-de-eliminatorias","status":"publish","type":"post","link":"http:\/\/hoycordobaweb.com\/index.php\/2021\/12\/21\/como-se-juegan-los-partidos-de-las-fechas-15-y-16-de-eliminatorias\/","title":{"rendered":"C\u00f3mo se juegan los partidos de las fechas 15 y 16 de Eliminatorias"},"content":{"rendered":"<p><img src=\"http:\/\/hoycordobaweb.com\/wp-content\/uploads\/2021\/12\/como-se-juegan-los-partidos-de-las-fechas-15-y-16-de-eliminatorias.jpg\"><\/p>\n<p>Se aproxima la recta final de las <a alt=\"eliminatorias-sudamericanas\" class=\"slug\" href=\"https:\/\/www.ole.com.ar\/tema\/eliminatorias-sudamericanas.html\" target=\"_blank\" title=\"eliminatorias-sudamericanas\" rel=\"noopener noreferrer\">Eliminatorias Sudamericanas<\/a>, con&nbsp;Brasil y Argentina como seleccionados ya clasificados a <a alt=\"qatar\" class=\"slug\" href=\"https:\/\/www.ole.com.ar\/tema\/qatar.html\" target=\"_blank\" title=\"qatar\" rel=\"noopener noreferrer\">Qatar <\/a>2022. Claro, se deben definir el resto de las plazas. En ese sentido,<mark><strong> <a alt=\"conmebol\" class=\"slug\" href=\"https:\/\/www.ole.com.ar\/tema\/conmebol.html\" target=\"_blank\" title=\"conmebol\" rel=\"noopener noreferrer\">Conmebol<\/a> oficializ\u00f3 la doble fecha (15 y 16) que tendr\u00e1 lugar entre el 27 de enero y el 2 de febrero del a\u00f1o que viene<\/strong><\/mark>. A continuaci\u00f3n, en <strong>Ol\u00e9<\/strong> te mostramos el detalle de cada jornada.<\/p>\n<div class=\"sp__SM\">\n<div class=\"content-new \">\n<span class=\"tit-mobile\">Mir\u00e1 tambi\u00e9n<\/span><\/p>\n<div class=\"mg\">\n<div class=\"wrap-figure\">\n<picture>\n<a href=\"https:\/\/www.ole.com.ar\/seleccion\/chile-argentina-desierto-calama-oficial_0_okkZMpZQ7.html\" target=\"_self\" rel=\"noopener noreferrer\"><br \/>\n<img class=\"img-responsive\" alt=\"Oficial: Chile - Argentina por las Eliminatorias en el desierto de Calama\" src=\"http:\/\/hoycordobaweb.com\/wp-content\/uploads\/2021\/12\/como-se-juegan-los-partidos-de-las-fechas-15-y-16-de-eliminatorias-2.jpg\" loading=\"lazy\"><br \/>\n<\/a>\n<\/picture>\n<\/div>\n<\/div><\/div>\n<\/div>\n<h2><strong>CRONOGRAMA COMPLETO<\/strong><\/h2>\n<h2><strong>FECHA 15\u200b<\/strong><\/h2>\n<p>Ecuador vs. Chile: 27\/1 a las 18.<\/p>\n<p> Paraguay vs. Uruguay\u200b: 27\/1 a las 20.<\/p>\n<p> <mark><strong>Chile vs. Argentina\u200b: 27\/1 a las 21.15.<\/strong><\/mark><\/p>\n<p> Colombia vs. Per\u00fa\u200b: 28\/1 a las 18.<\/p>\n<p>Venezuela vs. Bolivia\u200b: 28\/1 a las 19.<\/p>\n<div class=\"sp__Normal\">\n<div class=\"image-embeb image-trigger\" readability=\"6\">\n<picture><source media=\"(min-width: 720px)\" srcset=\"http:\/\/hoycordobaweb.com\/wp-content\/uploads\/2021\/12\/como-se-juegan-los-partidos-de-las-fechas-15-y-16-de-eliminatorias-3.jpg\"><img itemprop=\"image\" src=\"http:\/\/hoycordobaweb.com\/wp-content\/uploads\/2021\/12\/como-se-juegan-los-partidos-de-las-fechas-15-y-16-de-eliminatorias-3.jpg\" loading=\"lazy\" alt=\"Confirmada la primer doble fecha del a\u00f1o de Eliminatorias. (@CONMEBOL)\">\n<\/picture><figcaption readability=\"2\">\n<p>Confirmada la primer doble fecha del a\u00f1o de Eliminatorias. (@CONMEBOL)\n<\/p>\n<\/figcaption><\/div>\n<\/div>\n<div class=\"sp__SM\">\n<div class=\"content-new \">\n<span class=\"tit-mobile\">Mir\u00e1 tambi\u00e9n<\/span><\/p>\n<div class=\"mg\">\n<div class=\"wrap-figure\">\n<picture>\n<a href=\"https:\/\/www.ole.com.ar\/fuera-de-juego\/wanda-nara-guardaespaldas-cristina-_0_OfC4dN5lW.html\" target=\"_self\" rel=\"noopener noreferrer\"><br \/>\n<img class=\"img-responsive\" alt=\"Qui\u00e9n es el nuevo guardaespaldas de Wanda Nara que fue granadero y trabaj\u00f3 para Cristina Fern\u00e1ndez de Kirchner\" src=\"http:\/\/hoycordobaweb.com\/wp-content\/uploads\/2021\/12\/como-se-juegan-los-partidos-de-las-fechas-15-y-16-de-eliminatorias-4.jpg\" loading=\"lazy\"><br \/>\n<\/a>\n<\/picture>\n<\/div>\n<\/div><\/div>\n<\/div>\n<h2><strong>\u200bFECHA 16<\/strong><\/h2>\n<p>Bolivia vs. Chile: 1\/2 a las 17.<\/p>\n<p> Uruguay vs. Venezuela: 1\/2 a las 20.<\/p>\n<p> <strong><mark>Argentina vs. Colombia: 1\/2 a las 20.30.<\/mark><\/strong><\/p>\n<p>Brasil vs. Paraguay: 1\/2 a las 21.30<\/p>\n<p>Per\u00fa vs. Ecuador: 1\/2 a las 23.<\/p>\n<div class=\"sp__Normal\">\n<div class=\"image-embeb image-trigger\" readability=\"6\">\n<picture><source media=\"(min-width: 720px)\" srcset=\"http:\/\/hoycordobaweb.com\/wp-content\/uploads\/2021\/12\/como-se-juegan-los-partidos-de-las-fechas-15-y-16-de-eliminatorias-5.jpg\"><img itemprop=\"image\" src=\"http:\/\/hoycordobaweb.com\/wp-content\/uploads\/2021\/12\/como-se-juegan-los-partidos-de-las-fechas-15-y-16-de-eliminatorias-5.jpg\" loading=\"lazy\" alt=\"Confirmada la primer doble fecha del a\u00f1o de Eliminatorias. (@CONMEBOL)\">\n<\/picture><figcaption readability=\"2\">\n<p>Confirmada la primer doble fecha del a\u00f1o de Eliminatorias. (@CONMEBOL)\n<\/p>\n<\/figcaption><\/div>\n<\/div>\n<div class=\"sp__SM\">\n<div class=\"content-new \">\n<span class=\"tit-mobile\">Mir\u00e1 tambi\u00e9n<\/span><\/p>\n<div class=\"mg\">\n<div class=\"wrap-figure\">\n<picture>\n<a href=\"https:\/\/www.ole.com.ar\/futbol-internacional\/inglaterra\/owen-raducanu-memes-twitter_0_IgB8vKQJm.html\" target=\"_self\" rel=\"noopener noreferrer\"><br \/>\n<img class=\"img-responsive\" alt=\"La particular publicaci\u00f3n de Owen que gener\u00f3 una ola de memes\" src=\"http:\/\/hoycordobaweb.com\/wp-content\/uploads\/2021\/12\/como-se-juegan-los-partidos-de-las-fechas-15-y-16-de-eliminatorias-6.jpg\" loading=\"lazy\"><br \/>\n<\/a>\n<\/picture>\n<\/div>\n<\/div><\/div>\n<\/div>\n<h2><strong>CHILE &#8211; ARGENTINA, EN EL DESIERTO DE CALAMA<\/strong><\/h2>\n<p>La Selecci\u00f3n Argentina ya est\u00e1 en Qatar 2022, pero Chile no. Y, a falta de cuatro fechas para la finalizaci\u00f3n de las Eliminatorias, los de Mart\u00edn Lasarte no est\u00e1n en condiciones de regalar nada. Por eso mismo, <mark><strong>para el choque ante la Albiceleste del 27 de enero, La Roja eligi\u00f3 un escenario poco habitual.<\/strong><\/mark><\/p>\n<div class=\"sp__Normal\">\n<div class=\"image-embeb image-trigger\" readability=\"6.5\">\n<picture><source media=\"(min-width: 720px)\" srcset=\"http:\/\/hoycordobaweb.com\/wp-content\/uploads\/2021\/12\/como-se-juegan-los-partidos-de-las-fechas-15-y-16-de-eliminatorias-7.jpg\"><img itemprop=\"image\" src=\"http:\/\/hoycordobaweb.com\/wp-content\/uploads\/2021\/12\/como-se-juegan-los-partidos-de-las-fechas-15-y-16-de-eliminatorias-7.jpg\" loading=\"lazy\" alt=\"Chile - Argentina, a 2260 metros de altura. (EFE\/Antonio Lacerda)\">\n<\/picture><figcaption readability=\"3\">\n<p>Chile &#8211; Argentina, a 2260 metros de altura. (EFE\/Antonio Lacerda)\n<\/p>\n<\/figcaption><\/div>\n<\/div>\n<p>Tal como confirm\u00f3 la Conmebol, <mark><strong>el enfrentamiento tendr\u00e1 lugar en el estadio Zorros del Desierto, situado en la altura de Calama: 2260 metros sobre el nivel del mar<\/strong><\/mark>. Aunque est\u00e1 lejos de los 3640 de La Paz, significa un cambio radical para cualquier equipo o selecci\u00f3n que no tenga la experiencia suficiente en este tipo de terrenos y condiciones. Y Argentina entra justamente en esta categor\u00eda, lo que representa una buena noticia para los chilenos.<\/p>\n<p>El pedido fue hecho a fines de noviembre por la delegaci\u00f3n chilena. <mark><strong>Este martes fue oficializado por la entidad madre del f\u00fatbol sudamericano.<\/strong><\/mark><\/p>\n<div class=\"sp__SM\">\n<div class=\"content-new \">\n<span class=\"tit-mobile\">Mir\u00e1 tambi\u00e9n<\/span><\/p>\n<div class=\"mg\">\n<div class=\"wrap-figure\">\n<picture>\n<a href=\"https:\/\/www.ole.com.ar\/informacion-general\/cristiano-ronaldo-propiedades-millones_0_XQ19WbZQw.html\" target=\"_self\" rel=\"noopener noreferrer\"><br \/>\n<img class=\"img-responsive\" alt=\"El imperio inmobiliario de 50 millones de euros de Cristiano Ronaldo\" src=\"http:\/\/hoycordobaweb.com\/wp-content\/uploads\/2021\/12\/como-se-juegan-los-partidos-de-las-fechas-15-y-16-de-eliminatorias-8.jpg\" loading=\"lazy\"><br \/>\n<\/a>\n<\/picture>\n<\/div>\n<\/div><\/div>\n<\/div>\n<h2><strong>GARY MEDEL CELEBR\u00d3 LA ELECCI\u00d3N DE CHILE<\/strong><\/h2>\n<p><strong>A Gary Medel, experimentado futbolista e hist\u00f3rico de la Roja, le pareci\u00f3 acertada la decisi\u00f3n de recibir al combinado argentino -ya clasificado a la Copa del Mundo- en la altura<\/strong> de Calama. A trav\u00e9s de un live de Instagram que hizo ni bien se conoci\u00f3 la nueva sede, el jugador perteneciente al Bologna de Italia no anduvo con vueltas.<\/p>\n<p>\u00ab<mark><strong>Nos hab\u00edan propuesto de ir a Calama y hab\u00edamos dicho que s\u00ed, que est\u00e1bamos en condiciones de ir, adem\u00e1s nos sirve para despu\u00e9s ir contra Bolivia<\/strong><\/mark>. Queremos hacernos fuertes, que la gente vaya a apoyar y se hagan sentir\u00bb, expres\u00f3 el ex Boca.<\/p>\n<div class=\"sp__Normal\">\n<div class=\"image-embeb image-trigger\" readability=\"6\">\n<picture><source media=\"(min-width: 720px)\" srcset=\"http:\/\/hoycordobaweb.com\/wp-content\/uploads\/2021\/12\/como-se-juegan-los-partidos-de-las-fechas-15-y-16-de-eliminatorias-9.jpg\"><img itemprop=\"image\" src=\"http:\/\/hoycordobaweb.com\/wp-content\/uploads\/2021\/12\/como-se-juegan-los-partidos-de-las-fechas-15-y-16-de-eliminatorias-9.jpg\" loading=\"lazy\" alt=\"Medel apoy\u00f3 la decisi\u00f3n. (EFE\/Nathalia Aguilar)\">\n<\/picture><figcaption readability=\"2\">\n<p>Medel apoy\u00f3 la decisi\u00f3n. (EFE\/Nathalia Aguilar)\n<\/p>\n<\/figcaption><\/div>\n<\/div>\n<p>De igual forma, no es un escenario en el que Chile juegue regularmente, por lo que tambi\u00e9n deber\u00e1 habituarse. \u00abNo estamos acostumbrados a jugar ah\u00ed, sobre todo los de ac\u00e1 de Europa. <mark><strong>Va a ser un partido muy parejo, con la cancha m\u00e1s chica, la gente a nuestro favor. Eso s\u00ed, ellos tendr\u00e1n que hacer m\u00e1s viajes<\/strong><\/mark>\u00ab, concluy\u00f3.<\/p>\n<p><strong>La Roja se ubica en la sexta posici\u00f3n de la tabla, con 16 puntos<\/strong>, por detr\u00e1s de Per\u00fa, que tiene 17 y es el \u00faltimo que est\u00e1 en zona de clasificaci\u00f3n -al repechaje- por el momento.<\/p>\n<p>Despu\u00e9s de enfrentar a Argentina, que es escolta y suma 29 unidades producto de ocho victorias y cinco empates, los dirigidos por Lasarte deber\u00e1n jugar contra Bolivia, Brasil y Uruguay. A continuaci\u00f3n, <mark><strong>repasamos la tabla completa.<\/strong><\/mark><\/p>\n<div class=\"sp__SM\">\n<div class=\"content-new \">\n<span class=\"tit-mobile\">Mir\u00e1 tambi\u00e9n<\/span><\/p>\n<div class=\"mg\">\n<div class=\"wrap-figure\">\n<picture>\n<a href=\"https:\/\/www.ole.com.ar\/futbol-internacional\/francia\/trastienda-tapa-lequipe-interna-psg_0_xP7qViWmb.html\" target=\"_self\" rel=\"noopener noreferrer\"><br \/>\n<img class=\"img-responsive\" alt=\"La trastienda de la bomba de L'Equipe sobre internas en el PSG\" src=\"http:\/\/hoycordobaweb.com\/wp-content\/uploads\/2021\/12\/como-se-juegan-los-partidos-de-las-fechas-15-y-16-de-eliminatorias-10.jpg\" loading=\"lazy\"><br \/>\n<\/a>\n<\/picture>\n<\/div>\n<\/div><\/div>\n<\/div>\n<h2><strong>LA TABLA DE LAS ELIMINATORIAS<\/strong><\/h2>\n<p>1- Brasil\u200b (<strong>clasificado<\/strong>): 35 ptos (+23)<\/p>\n<p>2- Argentina (<strong>clasificado<\/strong>): 29 (+14)<\/p>\n<p>3- Ecuador: 23 (+10)<\/p>\n<p>4- Colombia: 17 (-1)<\/p>\n<p>5- Per\u00fa: 17 (-5)<\/p>\n<p>6- Chile: 16 (-1)<\/p>\n<p>7- Uruguay: 16 (-7)<\/p>\n<p>8- Bolivia: 15 (-8)<\/p>\n<p>9- Paraguay: 13 (-9)<\/p>\n<p>10- Venezuela: 7 (-16)<\/p>\n<div class=\"sp__SM\">\n<div class=\"content-new \">\n<span class=\"tit-mobile\">Mir\u00e1 tambi\u00e9n<\/span><\/p>\n<div class=\"mg\">\n<div class=\"wrap-figure\">\n<picture>\n<a href=\"https:\/\/www.ole.com.ar\/futbol-internacional\/america\/juan-cuadrado-porvenir-argentina_0_5ud7HoeuK.html\" target=\"_self\" rel=\"noopener noreferrer\"><br \/>\n<img class=\"img-responsive\" alt=\"Cuando Cuadrado estuvo a prueba en un equipo de la Primera C de Argentina\" src=\"http:\/\/hoycordobaweb.com\/wp-content\/uploads\/2021\/12\/como-se-juegan-los-partidos-de-las-fechas-15-y-16-de-eliminatorias-11.jpg\" loading=\"lazy\"><br \/>\n<\/a>\n<\/picture>\n<\/div>\n<\/div><\/div>\n<\/div>\n<div class=\"sp__SM\">\n<div class=\"content-new \">\n<span class=\"tit-mobile\">Mir\u00e1 tambi\u00e9n<\/span><\/p>\n<div class=\"mg\">\n<div class=\"wrap-figure\"> <picture>\n<a href=\"https:\/\/www.ole.com.ar\/maradona\/arabia-napoles-escalas_0_Fzz6w2yPO.html\" target=\"_self\" rel=\"noopener noreferrer\"><br \/>\n<img class=\"img-responsive\" alt=\"Dalma Maradona: de Arabia a N\u00e1poles sin escalas\" src=\"http:\/\/hoycordobaweb.com\/wp-content\/uploads\/2021\/12\/como-se-juegan-los-partidos-de-las-fechas-15-y-16-de-eliminatorias-12.jpg\" loading=\"lazy\"><br \/>\n<\/a>\n<\/picture>\n<\/div>\n<\/div><\/div>\n<\/div>\n<div class=\"entry-tags\">\n<h2>TEMAS QUE APARECEN EN ESTA NOTA<\/h2>\n<\/p><\/div>\n","protected":false},"excerpt":{"rendered":"<p>Se aproxima la recta final de las Eliminatorias Sudamericanas, con&nbsp;Brasil y Argentina como seleccionados ya clasificados a Qatar 2022. Claro, se deben definir el resto de las plazas. En ese sentido, Conmebol oficializ\u00f3 la doble fecha (15 y 16) que tendr\u00e1 lugar entre el 27 de enero y el 2 de febrero del a\u00f1o que [&hellip;]<\/p>\n","protected":false},"author":1,"featured_media":34591,"comment_status":"open","ping_status":"closed","sticky":false,"template":"","format":"standard","meta":[],"categories":[16],"tags":[],"_links":{"self":[{"href":"http:\/\/hoycordobaweb.com\/index.php\/wp-json\/wp\/v2\/posts\/34590"}],"collection":[{"href":"http:\/\/hoycordobaweb.com\/index.php\/wp-json\/wp\/v2\/posts"}],"about":[{"href":"http:\/\/hoycordobaweb.com\/index.php\/wp-json\/wp\/v2\/types\/post"}],"author":[{"embeddable":true,"href":"http:\/\/hoycordobaweb.com\/index.php\/wp-json\/wp\/v2\/users\/1"}],"replies":[{"embeddable":true,"href":"http:\/\/hoycordobaweb.com\/index.php\/wp-json\/wp\/v2\/comments?post=34590"}],"version-history":[{"count":0,"href":"http:\/\/hoycordobaweb.com\/index.php\/wp-json\/wp\/v2\/posts\/34590\/revisions"}],"wp:featuredmedia":[{"embeddable":true,"href":"http:\/\/hoycordobaweb.com\/index.php\/wp-json\/wp\/v2\/media\/34591"}],"wp:attachment":[{"href":"http:\/\/hoycordobaweb.com\/index.php\/wp-json\/wp\/v2\/media?parent=34590"}],"wp:term":[{"taxonomy":"category","embeddable":true,"href":"http:\/\/hoycordobaweb.com\/index.php\/wp-json\/wp\/v2\/categories?post=34590"},{"taxonomy":"post_tag","embeddable":true,"href":"http:\/\/hoycordobaweb.com\/index.php\/wp-json\/wp\/v2\/tags?post=34590"}],"curies":[{"name":"wp","href":"https:\/\/api.w.org\/{rel}","templated":true}]}}