{"id":34526,"date":"2021-12-20T10:20:00","date_gmt":"2021-12-20T10:20:00","guid":{"rendered":"https:\/\/fm-comunicar.com.ar\/contenido\/18682\/jovenes-caroyenses-votaron-para-la-creacion-de-un-programa-de-insercion-laboral"},"modified":"2021-12-20T10:20:00","modified_gmt":"2021-12-20T10:20:00","slug":"jovenes-caroyenses-votaron-para-la-creacion-de-un-programa-de-insercion-laboral","status":"publish","type":"post","link":"http:\/\/hoycordobaweb.com\/index.php\/2021\/12\/20\/jovenes-caroyenses-votaron-para-la-creacion-de-un-programa-de-insercion-laboral\/","title":{"rendered":"J\u00f3venes caroyenses votaron para la creaci\u00f3n de un Programa de Inserci\u00f3n Laboral"},"content":{"rendered":"<p>Fue en el marco del Presupuesto Participativo Joven de este a\u00f1o. De diez propuestas presentadas, el municipio deber\u00e1 ejecutar la que m\u00e1s votos obtuvo por orden de prioridad.<img src=\"http:\/\/hoycordobaweb.com\/wp-content\/uploads\/2021\/12\/jovenes-caroyenses-votaron-para-la-creacion-de-un-programa-de-insercion-laboral.jpg\"><\/p>\n","protected":false},"excerpt":{"rendered":"<p>Fue en el marco del Presupuesto Participativo Joven de este a\u00f1o. De diez propuestas presentadas, el municipio deber\u00e1 ejecutar la que m\u00e1s votos obtuvo por orden de prioridad.<\/p>\n","protected":false},"author":1,"featured_media":34527,"comment_status":"closed","ping_status":"closed","sticky":false,"template":"","format":"standard","meta":[],"categories":[18],"tags":[],"_links":{"self":[{"href":"http:\/\/hoycordobaweb.com\/index.php\/wp-json\/wp\/v2\/posts\/34526"}],"collection":[{"href":"http:\/\/hoycordobaweb.com\/index.php\/wp-json\/wp\/v2\/posts"}],"about":[{"href":"http:\/\/hoycordobaweb.com\/index.php\/wp-json\/wp\/v2\/types\/post"}],"author":[{"embeddable":true,"href":"http:\/\/hoycordobaweb.com\/index.php\/wp-json\/wp\/v2\/users\/1"}],"replies":[{"embeddable":true,"href":"http:\/\/hoycordobaweb.com\/index.php\/wp-json\/wp\/v2\/comments?post=34526"}],"version-history":[{"count":0,"href":"http:\/\/hoycordobaweb.com\/index.php\/wp-json\/wp\/v2\/posts\/34526\/revisions"}],"wp:featuredmedia":[{"embeddable":true,"href":"http:\/\/hoycordobaweb.com\/index.php\/wp-json\/wp\/v2\/media\/34527"}],"wp:attachment":[{"href":"http:\/\/hoycordobaweb.com\/index.php\/wp-json\/wp\/v2\/media?parent=34526"}],"wp:term":[{"taxonomy":"category","embeddable":true,"href":"http:\/\/hoycordobaweb.com\/index.php\/wp-json\/wp\/v2\/categories?post=34526"},{"taxonomy":"post_tag","embeddable":true,"href":"http:\/\/hoycordobaweb.com\/index.php\/wp-json\/wp\/v2\/tags?post=34526"}],"curies":[{"name":"wp","href":"https:\/\/api.w.org\/{rel}","templated":true}]}}