{"id":34507,"date":"2021-12-19T13:52:32","date_gmt":"2021-12-19T13:52:32","guid":{"rendered":"https:\/\/www.mujerhoy.com\/moda\/tendencias\/vestidos-punto-mango-zara-tendecia-rejuvenecedora-sienta-bien-mas-50-anos-20211219144838-nt.html"},"modified":"2021-12-19T13:52:32","modified_gmt":"2021-12-19T13:52:32","slug":"vestidos-de-punto-la-tendencia-que-mejor-sienta-despues-de-los-50-y-que-puedes-encontrar-en-mango-y-zara","status":"publish","type":"post","link":"http:\/\/hoycordobaweb.com\/index.php\/2021\/12\/19\/vestidos-de-punto-la-tendencia-que-mejor-sienta-despues-de-los-50-y-que-puedes-encontrar-en-mango-y-zara\/","title":{"rendered":"Vestidos de punto, la tendencia que mejor sienta despu\u00e9s de los 50 y que puedes encontrar en Mango y Zara"},"content":{"rendered":"<p><!-- AUTHOR --><!-- COMPONENTS --><\/p>\n<p class=\"voc-paragraph\">No todas las <a data-voc-vtm-id=\"in-text-traffic\" href=\"https:\/\/www.mujerhoy.com\/moda\/tendencias\/vestido-retro-zara-blanco-y-negro-con-estampado-tendencia-favorecedor-invierno-2021-20211210121432-nt.html\">tendencias<\/a> son para todas la mujeres y, sin duda, la edad es un factor importante a la hora de elegir la m\u00e1s adecuada para ti. A los 20 o los 30 es m\u00e1s f\u00e1cil <a data-voc-vtm-id=\"in-text-traffic\" href=\"https:\/\/www.mujerhoy.com\/moda\/no-te-pierdas\/jerseis-zara-originales-estampados-flecos-perlas-vaqueros-leggings-a-punto-de-agotarse-20211202084935-nt.html\">experimentar con nuestros looks<\/a>, pero <a data-voc-vtm-id=\"in-text-traffic\" href=\"https:\/\/www.mujerhoy.com\/moda\/no-te-pierdas\/deportivas-retro-comodas-originales-tendencia-calzado-looks-oficina-20211208140254-nt.html\">las mujeres m\u00e1s maduras<\/a> pueden no sentirse c\u00f3modas con algunas de ellas. <\/p>\n<p class=\"voc-paragraph\">Sin embargo, esta temporada hay una tendencia que sienta especialmente bien <strong>a quienes ya han cumplido los 50<\/strong>. Nos referimos a una prenda tan sencilla como favorecedora: el vestido de punto. Es la elecci\u00f3n perfecta para conseguir <strong>un look rejuvenecedor<\/strong> sin perder la elegancia y el estilo. <\/p>\n<p class=\"voc-paragraph\">Hoy te traemos dos buenos ejemplos de ello. Son dos vestidos que quedan de maravilla bajo un abrigo de lana, por lo que, adem\u00e1s, podr\u00e1s ir calentita en los d\u00edas m\u00e1s fr\u00edos del invierno. Y, si a\u00f1ades unos complementos con brillo, lo puedes transformar en un look de fiesta.\n<\/p>\n<div class=\"voc-detail-photo-zoom\"><picture data-toggle=\"modal\" data-target=\"#photoZoomModal-645\" target=\"modal\">\n<div class=\"voc-img-icon-link\"><img loading=\"lazy\" data-original=\"\/\/static.mujerhoy.com\/www\/multimedia\/202112\/14\/media\/cortadas\/vestido-punto-mango-kGCF--460x637@MujerHoy.jpg\" class=\"lazy\" alt=\"El modelo de Mango tiene un precio de 49,99 \u20ac\"><noscript><img src=\"http:\/\/hoycordobaweb.com\/wp-content\/uploads\/2021\/12\/vestidos-de-punto-la-tendencia-que-mejor-sienta-despues-de-los-50-y-que-puedes-encontrar-en-mango-y-zara.jpg\" alt=\"El modelo de Mango tiene un precio de 49,99 \u20ac\"><\/noscript><i class=\"voc-icons zoom voc-multimedia-box voc-ico-l\"><\/i><\/div><figcaption class=\"figure-caption\">El modelo de Mango tiene un precio de 49,99 \u20ac<\/figcaption><\/picture><\/div>\n<div id=\"photoZoomModal-645\" class=\"voc-lightbox modal fade voc-lightbox--photo-zoom\" role=\"dialog\" data-voc-photozoom-lightbox>\n<div class=\"voc-lightbox__dialog\" role=\"document\">\n<div class=\"voc-lightbox__content\"><!-- Modal header --><!-- Modal content --><\/p>\n<div class=\"voc-lightbox__photo-container\"><picture class><img loading=\"lazy\" data-original=\"\/\/static.mujerhoy.com\/www\/multimedia\/202112\/14\/media\/cortadas\/vestido-punto-mango-kGCF--460x637@MujerHoy.jpg\" alt=\"El modelo de Mango tiene un precio de 49,99 \u20ac\" class=\"lazy\"><noscript><img src=\"http:\/\/hoycordobaweb.com\/wp-content\/uploads\/2021\/12\/vestidos-de-punto-la-tendencia-que-mejor-sienta-despues-de-los-50-y-que-puedes-encontrar-en-mango-y-zara.jpg\" alt=\"El modelo de Mango tiene un precio de 49,99 \u20ac\"><\/noscript><\/picture><\/div>\n<\/div>\n<\/div>\n<\/div>\n<p class=\"voc-paragraph\">El primero lo hemos encontrado en Mango. Se trata de un vestido de punto fino que tiene un dise\u00f1o entallado. Es de corte midi, cuello vuelto y manga larga. Adem\u00e1s, tiene una abertura en la espalda. <\/p>\n<p class=\"voc-paragraph\">En color negro tiene un aire m\u00e1s sofisticado, pero tambi\u00e9n lo puedes encontrar <strong>en gris claro<\/strong>. Eso s\u00ed, tendr\u00e1s que consultar la disponibilidad de tallas en cada caso, pues algunas est\u00e1n agotadas. Su precio es de <strong>49,99 \u20ac<\/strong>.\n<\/p>\n<div class=\"voc-detail-photo-zoom\"><picture data-toggle=\"modal\" data-target=\"#photoZoomModal-547\" target=\"modal\">\n<div class=\"voc-img-icon-link\"><img loading=\"lazy\" data-original=\"\/\/static3.mujerhoy.com\/www\/multimedia\/202112\/14\/media\/cortadas\/vestido-punto-zara-kGCF--460x637@MujerHoy.jpg\" class=\"lazy\" alt=\"El vestido de Zara cuesta 49,95 \u20ac\"><noscript><img src=\"http:\/\/hoycordobaweb.com\/wp-content\/uploads\/2021\/12\/vestidos-de-punto-la-tendencia-que-mejor-sienta-despues-de-los-50-y-que-puedes-encontrar-en-mango-y-zara-1.jpg\" alt=\"El vestido de Zara cuesta 49,95 \u20ac\"><\/noscript><i class=\"voc-icons zoom voc-multimedia-box voc-ico-l\"><\/i><\/div><figcaption class=\"figure-caption\">El vestido de Zara cuesta 49,95 \u20ac<\/figcaption><\/picture><\/div>\n<div id=\"photoZoomModal-547\" class=\"voc-lightbox modal fade voc-lightbox--photo-zoom\" role=\"dialog\" data-voc-photozoom-lightbox>\n<div class=\"voc-lightbox__dialog\" role=\"document\">\n<div class=\"voc-lightbox__content\"><!-- Modal header --><!-- Modal content --><\/p>\n<div class=\"voc-lightbox__photo-container\"><picture class><img loading=\"lazy\" data-original=\"\/\/static3.mujerhoy.com\/www\/multimedia\/202112\/14\/media\/cortadas\/vestido-punto-zara-kGCF--460x637@MujerHoy.jpg\" alt=\"El vestido de Zara cuesta 49,95 \u20ac\" class=\"lazy\"><noscript><img src=\"http:\/\/hoycordobaweb.com\/wp-content\/uploads\/2021\/12\/vestidos-de-punto-la-tendencia-que-mejor-sienta-despues-de-los-50-y-que-puedes-encontrar-en-mango-y-zara-1.jpg\" alt=\"El vestido de Zara cuesta 49,95 \u20ac\"><\/noscript><\/picture><\/div>\n<\/div>\n<\/div>\n<\/div>\n<p class=\"voc-paragraph\">La otra opci\u00f3n nos la trae Zara. Nos referimos a un vestido de punto <strong>en color negro<\/strong>. Es largo, de manga larga y con el cuello redondo. Tiene el bajo combinado con un tejido plisado, lo que le da un acabado muy original.\n<\/p>\n<p class=\"voc-paragraph\">La mala noticia es que la talla m\u00e1s grande (L) ya est\u00e1 agotada en la p\u00e1gina web de la marca, pero a\u00fan lo puedes encontrar en la S y la M. En cuanto a su precio, es de <strong>49,95 \u20ac<\/strong>.\n<\/p>\n<div class=\"voc-detail__cmp voc-detail__cmp--pad-lr voc-detail__cmp--pad-lr--bdr\">\n<div class=\"voc-ficha-detail__wrapper\">\n<section class=\"voc-ficha-detail\">\n<h4 class=\"voc-ficha-detail-title voc-title-section\">Te recomendamos<\/h4>\n<\/section>\n<\/div>\n<\/div>\n<p><!-- TOPICS --><\/p>\n","protected":false},"excerpt":{"rendered":"<p>No todas las tendencias son para todas la mujeres y, sin duda, la edad es un factor importante a la hora de elegir la m\u00e1s adecuada para ti. A los 20 o los 30 es m\u00e1s f\u00e1cil experimentar con nuestros looks, pero las mujeres m\u00e1s maduras pueden no sentirse c\u00f3modas con algunas de ellas. Sin [&hellip;]<\/p>\n","protected":false},"author":1,"featured_media":34508,"comment_status":"closed","ping_status":"closed","sticky":false,"template":"","format":"standard","meta":[],"categories":[1],"tags":[],"_links":{"self":[{"href":"http:\/\/hoycordobaweb.com\/index.php\/wp-json\/wp\/v2\/posts\/34507"}],"collection":[{"href":"http:\/\/hoycordobaweb.com\/index.php\/wp-json\/wp\/v2\/posts"}],"about":[{"href":"http:\/\/hoycordobaweb.com\/index.php\/wp-json\/wp\/v2\/types\/post"}],"author":[{"embeddable":true,"href":"http:\/\/hoycordobaweb.com\/index.php\/wp-json\/wp\/v2\/users\/1"}],"replies":[{"embeddable":true,"href":"http:\/\/hoycordobaweb.com\/index.php\/wp-json\/wp\/v2\/comments?post=34507"}],"version-history":[{"count":0,"href":"http:\/\/hoycordobaweb.com\/index.php\/wp-json\/wp\/v2\/posts\/34507\/revisions"}],"wp:featuredmedia":[{"embeddable":true,"href":"http:\/\/hoycordobaweb.com\/index.php\/wp-json\/wp\/v2\/media\/34508"}],"wp:attachment":[{"href":"http:\/\/hoycordobaweb.com\/index.php\/wp-json\/wp\/v2\/media?parent=34507"}],"wp:term":[{"taxonomy":"category","embeddable":true,"href":"http:\/\/hoycordobaweb.com\/index.php\/wp-json\/wp\/v2\/categories?post=34507"},{"taxonomy":"post_tag","embeddable":true,"href":"http:\/\/hoycordobaweb.com\/index.php\/wp-json\/wp\/v2\/tags?post=34507"}],"curies":[{"name":"wp","href":"https:\/\/api.w.org\/{rel}","templated":true}]}}