{"id":34479,"date":"2021-12-19T15:01:02","date_gmt":"2021-12-19T15:01:02","guid":{"rendered":"https:\/\/www.espinof.com\/entrevistas\/no-me-gusta-ensayar-comentar-guion-asi-como-creas-momentos-magicos-naomie-harris-canto-cisne"},"modified":"2021-12-19T15:01:02","modified_gmt":"2021-12-19T15:01:02","slug":"no-me-gusta-ensayar-ni-comentar-el-guion-asi-es-como-creas-momentos-magicos-naomie-harris-el-canto-del-cisne","status":"publish","type":"post","link":"http:\/\/hoycordobaweb.com\/index.php\/2021\/12\/19\/no-me-gusta-ensayar-ni-comentar-el-guion-asi-es-como-creas-momentos-magicos-naomie-harris-el-canto-del-cisne\/","title":{"rendered":"\u00abNo me gusta ensayar ni comentar el gui\u00f3n, as\u00ed es como creas momentos m\u00e1gicos\u00bb. Naomie Harris (&#8216;El canto del cisne&#8217;)"},"content":{"rendered":"<p>El pasado viernes 17 de diciembre, Apple TV+ estren\u00f3 sin hacer pr\u00e1cticamente ruido la que, bajo mi punto de vista, es una de las mejores pel\u00edculas que nos ha dejado 2021: la maravillosa <a href=\"http:\/\/www.espinof.com\/tag\/el-canto-del-cisne\">&#8216;El canto del cisne&#8217;<\/a>. <strong>Un relato en clave de ciencia ficci\u00f3n que explora los tropos humanistas del g\u00e9nero de un modo veraz, sencillo y tremendamente conmovedor<\/strong> que me dej\u00f3 llorando a moco tendido y fascinando con el talento de su director Benjamin Cleary y todo su equipo.<\/p>\n<p>Con motivo del lanzamiento del largometraje, <strong>hemos tenido la oportunidad de charlar con sus dos actores principales, Naomie Harris y Mahershala Ali<\/strong>. En este art\u00edculo ten\u00e9is el v\u00eddeo con la entrevista a la actriz nominada al \u00d3scar por su papel en &#8216;Moonlight&#8217;, en la que hemos conversado sobre su qu\u00edmica con Ali, su rechazo a los ensayos, y el modo de encontrar la veracidad en una interpretaci\u00f3n, entre otras cosas.. <!--more--><\/p>\n<div class=\"article-asset article-asset-normal article-asset-center\">\n<div class=\"desvio-container\">\n<div class=\"desvio\">\n<div class=\"desvio-figure js-desvio-figure\"> <a href=\"https:\/\/www.espinof.com\/listas\/mejores-peliculas-ciencia-ficcion-historia\"> <img alt=\"Las 34 mejores pel\u00edculas de ciencia ficci\u00f3n de la historia\" src=\"http:\/\/hoycordobaweb.com\/wp-content\/uploads\/2021\/12\/no-me-gusta-ensayar-ni-comentar-el-guion-asi-es-como-creas-momentos-magicos-naomie-harris-el-canto-del-cisne.jpg\"> <\/a> <\/div><\/div><\/div>\n<\/div>\n<h2>Entrevista con Naomie Harris<\/h2>\n","protected":false},"excerpt":{"rendered":"<p>El pasado viernes 17 de diciembre, Apple TV+ estren\u00f3 sin hacer pr\u00e1cticamente ruido la que, bajo mi punto de vista, es una de las mejores pel\u00edculas que nos ha dejado 2021: la maravillosa &#8216;El canto del cisne&#8217;. Un relato en clave de ciencia ficci\u00f3n que explora los tropos humanistas del g\u00e9nero de un modo veraz, [&hellip;]<\/p>\n","protected":false},"author":1,"featured_media":34480,"comment_status":"open","ping_status":"closed","sticky":false,"template":"","format":"standard","meta":[],"categories":[1],"tags":[],"_links":{"self":[{"href":"http:\/\/hoycordobaweb.com\/index.php\/wp-json\/wp\/v2\/posts\/34479"}],"collection":[{"href":"http:\/\/hoycordobaweb.com\/index.php\/wp-json\/wp\/v2\/posts"}],"about":[{"href":"http:\/\/hoycordobaweb.com\/index.php\/wp-json\/wp\/v2\/types\/post"}],"author":[{"embeddable":true,"href":"http:\/\/hoycordobaweb.com\/index.php\/wp-json\/wp\/v2\/users\/1"}],"replies":[{"embeddable":true,"href":"http:\/\/hoycordobaweb.com\/index.php\/wp-json\/wp\/v2\/comments?post=34479"}],"version-history":[{"count":0,"href":"http:\/\/hoycordobaweb.com\/index.php\/wp-json\/wp\/v2\/posts\/34479\/revisions"}],"wp:featuredmedia":[{"embeddable":true,"href":"http:\/\/hoycordobaweb.com\/index.php\/wp-json\/wp\/v2\/media\/34480"}],"wp:attachment":[{"href":"http:\/\/hoycordobaweb.com\/index.php\/wp-json\/wp\/v2\/media?parent=34479"}],"wp:term":[{"taxonomy":"category","embeddable":true,"href":"http:\/\/hoycordobaweb.com\/index.php\/wp-json\/wp\/v2\/categories?post=34479"},{"taxonomy":"post_tag","embeddable":true,"href":"http:\/\/hoycordobaweb.com\/index.php\/wp-json\/wp\/v2\/tags?post=34479"}],"curies":[{"name":"wp","href":"https:\/\/api.w.org\/{rel}","templated":true}]}}