{"id":34454,"date":"2021-12-18T17:56:07","date_gmt":"2021-12-18T17:56:07","guid":{"rendered":"https:\/\/www.ole.com.ar\/futbol-internacional\/francia\/messi-copa-america-paris_0_NMbaQktIL.html"},"modified":"2021-12-18T17:56:07","modified_gmt":"2021-12-18T17:56:07","slug":"messi-tiene-la-copa-america-en-su-casa-de-paris","status":"publish","type":"post","link":"http:\/\/hoycordobaweb.com\/index.php\/2021\/12\/18\/messi-tiene-la-copa-america-en-su-casa-de-paris\/","title":{"rendered":"\u00a1Messi tiene la Copa Am\u00e9rica en su casa de Par\u00eds!"},"content":{"rendered":"<p><img src=\"http:\/\/hoycordobaweb.com\/wp-content\/uploads\/2021\/12\/messi-tiene-la-copa-america-en-su-casa-de-paris.jpg\"><\/p>\n<div><img src=\"http:\/\/hoycordobaweb.com\/wp-content\/uploads\/2021\/12\/messi-tiene-la-copa-america-en-su-casa-de-paris.jpg\" class=\"ff-og-image-inserted\"><\/div>\n<p>No hay quien no se haya sorprendido apenas vio la foto que<a alt=\"leandro-paredes\" class=\"slug\" href=\"https:\/\/www.ole.com.ar\/tema\/leandro-paredes.html\" target=\"_blank\" title=\"leandro-paredes\" rel=\"noopener noreferrer\"> Leandro Paredes<\/a> poste\u00f3 en Instagram. El volante del PSG estaba junto a <a alt=\"angel-di-maria\" class=\"slug\" href=\"https:\/\/www.ole.com.ar\/tema\/angel-di-maria.html\" target=\"_blank\" title=\"angel-di-maria\" rel=\"noopener noreferrer\">Angel Di Mar\u00eda<\/a> y <a alt=\"lionel-messi\" class=\"slug\" href=\"https:\/\/www.ole.com.ar\/tema\/lionel-messi.html\" target=\"_blank\" title=\"lionel-messi\" rel=\"noopener noreferrer\">Lionel Messi<\/a> en la casa de este \u00faltimo, pero hab\u00eda un detalle no menor en la imagen. Estaba la mism\u00edsima <a alt=\"copa-america\" class=\"slug\" href=\"https:\/\/www.ole.com.ar\/tema\/copa-america.html\" target=\"_blank\" title=\"copa-america\" rel=\"noopener noreferrer\">Copa Am\u00e9rica<\/a>. S\u00ed, el trofeo que le entregaron a la Selecci\u00f3n aparentemente descansa en el living de Leo.<\/p>\n<p>La imagen se hizo a\u00fan m\u00e1s viral cuando Messi la comparti\u00f3 en sus historias de Instagram. Naturalmente, en la publicaci\u00f3n de Paredes, muchos usuarios se empezaron a preguntar qu\u00e9 hac\u00eda la Copa en la casa de Leo. Choupo-Moting, el futbolista del <a alt=\"bayern-munich\" class=\"slug\" href=\"https:\/\/www.ole.com.ar\/tema\/bayern-munich.html\" target=\"_blank\" title=\"bayern-munich\" rel=\"noopener noreferrer\">Bayern Munich<\/a>, fue uno de los que plante\u00f3 el interrogante: <strong>\u00abHermano, \u00bfest\u00e1 la copa siempre ah\u00ed o est\u00e1 ah\u00ed por casualidad jaja?\u00bb<\/strong>.<\/p>\n<p>Hasta ahora no hay muchas certezas acerca de si es la Copa original o una r\u00e9plica. Lo real es que, entre mates,&nbsp;amigos y un partido de f\u00fatbol en la TV, los tres campeones disfrutan de poder tener el trofeo bien cerca.<\/p>\n<div class=\"entry-tags\">\n<h2>TEMAS QUE APARECEN EN ESTA NOTA<\/h2>\n<\/p><\/div>\n","protected":false},"excerpt":{"rendered":"<p>No hay quien no se haya sorprendido apenas vio la foto que Leandro Paredes poste\u00f3 en Instagram. El volante del PSG estaba junto a Angel Di Mar\u00eda y Lionel Messi en la casa de este \u00faltimo, pero hab\u00eda un detalle no menor en la imagen. Estaba la mism\u00edsima Copa Am\u00e9rica. S\u00ed, el trofeo que le [&hellip;]<\/p>\n","protected":false},"author":1,"featured_media":34455,"comment_status":"open","ping_status":"closed","sticky":false,"template":"","format":"standard","meta":[],"categories":[16],"tags":[],"_links":{"self":[{"href":"http:\/\/hoycordobaweb.com\/index.php\/wp-json\/wp\/v2\/posts\/34454"}],"collection":[{"href":"http:\/\/hoycordobaweb.com\/index.php\/wp-json\/wp\/v2\/posts"}],"about":[{"href":"http:\/\/hoycordobaweb.com\/index.php\/wp-json\/wp\/v2\/types\/post"}],"author":[{"embeddable":true,"href":"http:\/\/hoycordobaweb.com\/index.php\/wp-json\/wp\/v2\/users\/1"}],"replies":[{"embeddable":true,"href":"http:\/\/hoycordobaweb.com\/index.php\/wp-json\/wp\/v2\/comments?post=34454"}],"version-history":[{"count":0,"href":"http:\/\/hoycordobaweb.com\/index.php\/wp-json\/wp\/v2\/posts\/34454\/revisions"}],"wp:featuredmedia":[{"embeddable":true,"href":"http:\/\/hoycordobaweb.com\/index.php\/wp-json\/wp\/v2\/media\/34455"}],"wp:attachment":[{"href":"http:\/\/hoycordobaweb.com\/index.php\/wp-json\/wp\/v2\/media?parent=34454"}],"wp:term":[{"taxonomy":"category","embeddable":true,"href":"http:\/\/hoycordobaweb.com\/index.php\/wp-json\/wp\/v2\/categories?post=34454"},{"taxonomy":"post_tag","embeddable":true,"href":"http:\/\/hoycordobaweb.com\/index.php\/wp-json\/wp\/v2\/tags?post=34454"}],"curies":[{"name":"wp","href":"https:\/\/api.w.org\/{rel}","templated":true}]}}