{"id":34408,"date":"2021-12-17T18:12:09","date_gmt":"2021-12-17T18:12:09","guid":{"rendered":"https:\/\/www.ole.com.ar\/futbol-internacional\/contrato-rescindieron-seleccion-sc_0_5UyXws88K.html"},"modified":"2021-12-17T18:12:09","modified_gmt":"2021-12-17T18:12:09","slug":"le-hizo-un-gol-a-la-seleccion-de-qatar-y-su-club-le-rescindio-el-contrato","status":"publish","type":"post","link":"http:\/\/hoycordobaweb.com\/index.php\/2021\/12\/17\/le-hizo-un-gol-a-la-seleccion-de-qatar-y-su-club-le-rescindio-el-contrato\/","title":{"rendered":"Le hizo un gol a la selecci\u00f3n de Qatar y su club le rescindi\u00f3 el contrato"},"content":{"rendered":"<p><img src=\"http:\/\/hoycordobaweb.com\/wp-content\/uploads\/2021\/12\/le-hizo-un-gol-a-la-seleccion-de-qatar-y-su-club-le-rescindio-el-contrato.jpg\"><\/p>\n<p><strong>Una situaci\u00f3n ins\u00f3lita se dio en la Copa \u00c1rabe.<\/strong> Youcef Belaili, delantero de Argelia&nbsp;que jugaba para el Qatar SC, se convirti\u00f3 en futbolista libre luego de marcarle un ag\u00f3nico gol -al minuto 107- a la selecci\u00f3n qatar\u00ed: <strong>tras el tanto que elimin\u00f3 al combinado nacional en las semifinales del torneo, su&nbsp;club decidi\u00f3 rescindirle el contrato inmediatamente.<\/strong><\/p>\n<p>Con el partido 1-0 a favor de los argelinos, <strong>el \u00e1rbitro polaco Marciniak a\u00f1adi\u00f3 nueve minutos (en primera instancia) y los asi\u00e1ticos lograron el empate a trav\u00e9s de Mohammed Muntari,<\/strong> aunque el juez fue llamado al VAR y se gener\u00f3 una gran discusi\u00f3n entre los jugadores, perdi\u00e9ndose una considerable cantidad de tiempo. Finalmente, el gol fue convalidado y fueron a\u00f1adidos casi 20 minutos en total.<\/p>\n<div class=\"sp__SM\">\n<div class=\"content-new \">\n<span class=\"tit-mobile\">Mir\u00e1 tambi\u00e9n<\/span><\/p>\n<div class=\"mg\">\n<div class=\"wrap-figure\">\n<picture>\n<a href=\"https:\/\/www.ole.com.ar\/futbol-internacional\/america\/gigliotti-emotiva-despedida-leon-mexico_0_gDR6331Lq.html\" target=\"_self\" rel=\"noopener noreferrer\"><br \/>\n<img class=\"img-responsive\" alt=\"La emotiva despedida de Gigliotti en M\u00e9xico\" src=\"http:\/\/hoycordobaweb.com\/wp-content\/uploads\/2021\/12\/le-hizo-un-gol-a-la-seleccion-de-qatar-y-su-club-le-rescindio-el-contrato-2.jpg\" loading=\"lazy\"><br \/>\n<\/a>\n<\/picture>\n<\/div>\n<\/div><\/div>\n<\/div>\n<p>En el 107&#8242;, Argelia lleg\u00f3 a la victoria ag\u00f3nicamente a trav\u00e9s de Belaili, quien captur\u00f3 un rebote luego de fallar un penal. <strong>De esta manera, los africanos se clasificaron a la final y dejaron con las manos vac\u00edas a Qatar, que fue anfitri\u00f3n de la competencia,<\/strong> calentando los motores de cara a la Copa del Mundo que organizar\u00e1 el a\u00f1o pr\u00f3ximo.<\/p>\n<div class=\"sp__SM\">\n<div class=\"content-new \">\n<span class=\"tit-mobile\">Mir\u00e1 tambi\u00e9n<\/span><\/p>\n<div class=\"mg\">\n<div class=\"wrap-figure\">\n<picture>\n<a href=\"https:\/\/www.ole.com.ar\/futbol-internacional\/libertadores\/ranking-conmebol-2022-river-boca_0_t4rUJrjVF.html\" target=\"_self\" rel=\"noopener noreferrer\"><br \/>\n<img class=\"img-responsive\" alt=\"Ranking Conmebol 2022: River primero y Boca tercero\" src=\"http:\/\/hoycordobaweb.com\/wp-content\/uploads\/2021\/12\/le-hizo-un-gol-a-la-seleccion-de-qatar-y-su-club-le-rescindio-el-contrato-3.jpg\" loading=\"lazy\"><br \/>\n<\/a>\n<\/picture>\n<\/div>\n<\/div><\/div>\n<\/div>\n<div class=\"sp__Normal\">\n<div class=\"image-embeb image-trigger\" readability=\"6\">\n<picture><source media=\"(min-width: 720px)\" srcset=\"http:\/\/hoycordobaweb.com\/wp-content\/uploads\/2021\/12\/le-hizo-un-gol-a-la-seleccion-de-qatar-y-su-club-le-rescindio-el-contrato-4.jpg\"><img itemprop=\"image\" src=\"http:\/\/hoycordobaweb.com\/wp-content\/uploads\/2021\/12\/le-hizo-un-gol-a-la-seleccion-de-qatar-y-su-club-le-rescindio-el-contrato-4.jpg\" loading=\"lazy\" alt=\"La publicaci\u00f3n subida por Belaili a sus redes sociales. Foto: Instagram.\">\n<\/picture><figcaption readability=\"2\">\n<p>La publicaci\u00f3n subida por Belaili a sus redes sociales. Foto: Instagram.\n<\/p>\n<\/figcaption><\/div>\n<\/div>\n<div class=\"sp__SM\">\n<div class=\"content-new \">\n<span class=\"tit-mobile\">Mir\u00e1 tambi\u00e9n<\/span><\/p>\n<div class=\"mg\">\n<div class=\"wrap-figure\">\n<picture>\n<a href=\"https:\/\/www.ole.com.ar\/futbol-internacional\/francia\/natalia-guitler-messi-psg_0_g_yLH9X2Z.html\" target=\"_self\" rel=\"noopener noreferrer\"><br \/>\n<img class=\"img-responsive\" alt=\"Qui\u00e9n es Natalia Guitler, la brasile\u00f1a que se sac\u00f3 una foto con Messi\" src=\"http:\/\/hoycordobaweb.com\/wp-content\/uploads\/2021\/12\/le-hizo-un-gol-a-la-seleccion-de-qatar-y-su-club-le-rescindio-el-contrato-5.jpg\" loading=\"lazy\"><br \/>\n<\/a>\n<\/picture>\n<\/div>\n<\/div><\/div>\n<\/div>\n<p>No obstante, lo que era todo alegr\u00eda para Belaili y compa\u00f1\u00eda, se transform\u00f3 en una mala noticia para el atacante de 29 a\u00f1os, que se qued\u00f3 sin equipo. <strong>\u00abMuchas gracias al club Qatar SC por los momentos pasados a vuestro lado y un enorme agradecimiento a la afici\u00f3n y la direcci\u00f3n. Ahora soy un jugador libre\u00bb<\/strong>, escribi\u00f3 el propio jugador, que estaba pasando por su primera experiencia en el f\u00fatbol qatar\u00ed.<\/p>\n<div class=\"sp__Normal\">\n<div class=\"image-embeb image-trigger\" readability=\"6\">\n<picture><source media=\"(min-width: 720px)\" srcset=\"http:\/\/hoycordobaweb.com\/wp-content\/uploads\/2021\/12\/le-hizo-un-gol-a-la-seleccion-de-qatar-y-su-club-le-rescindio-el-contrato-6.jpg\"><img itemprop=\"image\" src=\"http:\/\/hoycordobaweb.com\/wp-content\/uploads\/2021\/12\/le-hizo-un-gol-a-la-seleccion-de-qatar-y-su-club-le-rescindio-el-contrato-6.jpg\" loading=\"lazy\" alt=\"Belaili con la camiseta del Al-Ahli de Arabia.\">\n<\/picture><figcaption readability=\"2\">\n<p>Belaili con la camiseta del Al-Ahli de Arabia.\n<\/p>\n<\/figcaption><\/div>\n<\/div>\n<p>Antes de su arribo al pa\u00eds asi\u00e1tico en 2020, Belaili desarroll\u00f3 casi toda su carrera en Argelia y T\u00fanez, teniendo adem\u00e1s un breve paso por Francia (en Angers) y por Arabia Saudita (Al-Ahli). <strong>Pensando en la final de la Copa \u00c1rabe (vs. T\u00fanez), la cual se celebrar\u00e1 por primera vez este s\u00e1bado, el delantero tambi\u00e9n deber\u00e1 empezar a planificar d\u00f3nde estar\u00e1 su futuro a nivel clubes.<\/strong><\/p>\n<div class=\"sp__SM\">\n<div class=\"content-new \">\n<span class=\"tit-mobile\">Mir\u00e1 tambi\u00e9n<\/span><\/p>\n<div class=\"mg\">\n<div class=\"wrap-figure\">\n<picture>\n<a href=\"https:\/\/www.ole.com.ar\/futbol-internacional\/america\/atlas-julio-furch-america-liga-mx_0_l3pcq2jkd.html\" target=\"_self\" rel=\"noopener noreferrer\"><br \/>\n<img class=\"img-responsive\" alt=\"\u00bfSe desarma el campe\u00f3n? La figura que podr\u00eda dejar Atlas\" src=\"http:\/\/hoycordobaweb.com\/wp-content\/uploads\/2021\/12\/le-hizo-un-gol-a-la-seleccion-de-qatar-y-su-club-le-rescindio-el-contrato-7.jpg\" loading=\"lazy\"><br \/>\n<\/a>\n<\/picture>\n<\/div>\n<\/div><\/div>\n<\/div>\n<h2><strong>EL GOL DE BELAILI QUE ELIMIN\u00d3 A QATAR DE LA COPA \u00c1RABE<\/strong><\/h2>\n<div class=\"sp__Normal htmlLibre\">\n<div class=\"embed-responsive-c\" readability=\"7.3392857142857\">\n<blockquote class=\"twitter-tweet\" readability=\"8.9702380952381\">\n<p lang=\"es\" dir=\"ltr\">\u26bd\ufe0f \u00a1ARGELIA ELIMIN\u00d3 AL LOCAL Y ES FINALISTA!<\/p>\n<p>\ud83d\ude31 A Belaili le atajaron el penal pero de rebote marc\u00f3 el 2-1 ante Catar en el minuto +17 de adici\u00f3n por la Copa \u00c1rabe.<\/p>\n<p>\u00bfQu\u00e9 opinas sobre el tiempo que decidi\u00f3 agregar el \u00e1rbitro?<a href=\"https:\/\/twitter.com\/hashtag\/MasFutbolEnDIRECTV?src=hash&amp;ref_src=twsrc%5Etfw\">#MasFutbolEnDIRECTV<\/a> <a href=\"https:\/\/t.co\/ULyhT9UnwE\">pic.twitter.com\/ULyhT9UnwE<\/a><\/p>\n<p>\u2014 DIRECTV Sports (@DIRECTVSports) <a href=\"https:\/\/twitter.com\/DIRECTVSports\/status\/1471227935109660683?ref_src=twsrc%5Etfw\">December 15, 2021<\/a><\/p><\/blockquote><\/div>\n<\/div>\n<div class=\"sp__SM\">\n<div class=\"content-new \">\n<span class=\"tit-mobile\">Mir\u00e1 tambi\u00e9n<\/span><\/p>\n<div class=\"mg\">\n<div class=\"wrap-figure\">\n<picture>\n<a href=\"https:\/\/www.ole.com.ar\/poli\/donald-parham-conmocion-golpe-cabeza-nfl_0_BnYie0cda.html\" target=\"_self\" rel=\"noopener noreferrer\"><br \/>\n<img class=\"img-responsive\" alt=\"Espeluznante conmoci\u00f3n por un golpe en la cabeza\" src=\"http:\/\/hoycordobaweb.com\/wp-content\/uploads\/2021\/12\/le-hizo-un-gol-a-la-seleccion-de-qatar-y-su-club-le-rescindio-el-contrato-8.jpg\" loading=\"lazy\"><br \/>\n<\/a>\n<\/picture>\n<\/div>\n<\/div><\/div>\n<\/div>\n<div class=\"sp__SM\">\n<div class=\"content-new \">\n<span class=\"tit-mobile\">Mir\u00e1 tambi\u00e9n<\/span><\/p>\n<div class=\"mg\">\n<div class=\"wrap-figure\">\n<picture>\n<a href=\"https:\/\/www.ole.com.ar\/maradona\/maradona_0_-Ti4mv2VA.html\" target=\"_self\" rel=\"noopener noreferrer\"><br \/>\n<img class=\"img-responsive\" alt=\"Todo sobre la Subasta del 10: los horarios alrededor del mundo y m\u00e1s\" src=\"http:\/\/hoycordobaweb.com\/wp-content\/uploads\/2021\/12\/le-hizo-un-gol-a-la-seleccion-de-qatar-y-su-club-le-rescindio-el-contrato-9.jpg\" loading=\"lazy\"><br \/>\n<\/a>\n<\/picture>\n<\/div>\n<\/div><\/div>\n<\/div>\n<div class=\"sp__SM\">\n<div class=\"content-new \">\n<span class=\"tit-mobile\">Mir\u00e1 tambi\u00e9n<\/span><\/p>\n<div class=\"mg\">\n<div class=\"wrap-figure\">\n<picture>\n<a href=\"https:\/\/www.ole.com.ar\/futbol-internacional\/italia\/inter-oficial-salida-eriksen_0_zPsueC8xb.html\" target=\"_self\" rel=\"noopener noreferrer\"><br \/>\n<img class=\"img-responsive\" alt=\"Inter hizo oficial la salida de Eriksen\" src=\"http:\/\/hoycordobaweb.com\/wp-content\/uploads\/2021\/12\/le-hizo-un-gol-a-la-seleccion-de-qatar-y-su-club-le-rescindio-el-contrato-10.jpg\" loading=\"lazy\"><br \/>\n<\/a>\n<\/picture>\n<\/div>\n<\/div><\/div>\n<\/div>\n<div class=\"entry-tags\">\n<h2>TEMAS QUE APARECEN EN ESTA NOTA<\/h2>\n<\/p><\/div>\n","protected":false},"excerpt":{"rendered":"<p>Una situaci\u00f3n ins\u00f3lita se dio en la Copa \u00c1rabe. Youcef Belaili, delantero de Argelia&nbsp;que jugaba para el Qatar SC, se convirti\u00f3 en futbolista libre luego de marcarle un ag\u00f3nico gol -al minuto 107- a la selecci\u00f3n qatar\u00ed: tras el tanto que elimin\u00f3 al combinado nacional en las semifinales del torneo, su&nbsp;club decidi\u00f3 rescindirle el contrato [&hellip;]<\/p>\n","protected":false},"author":1,"featured_media":34409,"comment_status":"open","ping_status":"closed","sticky":false,"template":"","format":"standard","meta":[],"categories":[16],"tags":[],"_links":{"self":[{"href":"http:\/\/hoycordobaweb.com\/index.php\/wp-json\/wp\/v2\/posts\/34408"}],"collection":[{"href":"http:\/\/hoycordobaweb.com\/index.php\/wp-json\/wp\/v2\/posts"}],"about":[{"href":"http:\/\/hoycordobaweb.com\/index.php\/wp-json\/wp\/v2\/types\/post"}],"author":[{"embeddable":true,"href":"http:\/\/hoycordobaweb.com\/index.php\/wp-json\/wp\/v2\/users\/1"}],"replies":[{"embeddable":true,"href":"http:\/\/hoycordobaweb.com\/index.php\/wp-json\/wp\/v2\/comments?post=34408"}],"version-history":[{"count":0,"href":"http:\/\/hoycordobaweb.com\/index.php\/wp-json\/wp\/v2\/posts\/34408\/revisions"}],"wp:featuredmedia":[{"embeddable":true,"href":"http:\/\/hoycordobaweb.com\/index.php\/wp-json\/wp\/v2\/media\/34409"}],"wp:attachment":[{"href":"http:\/\/hoycordobaweb.com\/index.php\/wp-json\/wp\/v2\/media?parent=34408"}],"wp:term":[{"taxonomy":"category","embeddable":true,"href":"http:\/\/hoycordobaweb.com\/index.php\/wp-json\/wp\/v2\/categories?post=34408"},{"taxonomy":"post_tag","embeddable":true,"href":"http:\/\/hoycordobaweb.com\/index.php\/wp-json\/wp\/v2\/tags?post=34408"}],"curies":[{"name":"wp","href":"https:\/\/api.w.org\/{rel}","templated":true}]}}