{"id":34402,"date":"2021-12-17T18:33:35","date_gmt":"2021-12-17T18:33:35","guid":{"rendered":"https:\/\/www.ole.com.ar\/river-plate\/julian-alvarez-river-messi-mundial-qatar_0_fpGM7upCM.html"},"modified":"2021-12-17T18:33:35","modified_gmt":"2021-12-17T18:33:35","slug":"alvarez-del-jugar-con-messi-es-lo-maximo-al-sueno-de-qatar","status":"publish","type":"post","link":"http:\/\/hoycordobaweb.com\/index.php\/2021\/12\/17\/alvarez-del-jugar-con-messi-es-lo-maximo-al-sueno-de-qatar\/","title":{"rendered":"\u00c1lvarez, del \u00abjugar con Messi es lo m\u00e1ximo\u00bb al sue\u00f1o de Qatar"},"content":{"rendered":"<p><img src=\"http:\/\/hoycordobaweb.com\/wp-content\/uploads\/2021\/12\/alvarez-del-jugar-con-messi-es-lo-maximo-al-sueno-de-qatar.jpg\"><\/p>\n<p><strong><a alt=\"julian-alvarez\" class=\"slug\" href=\"https:\/\/www.ole.com.ar\/tema\/julian-alvarez.html\" target=\"_blank\" title=\"julian-alvarez\" rel=\"noopener noreferrer\">Juli\u00e1n \u00c1lvarez<\/a><\/strong> atraviesa un presente so\u00f1ado, un 2021 que es un premio a su esfuerzo. M\u00e1s all\u00e1 del t\u00edtulo de la <strong><a alt=\"liga-profesional\" class=\"slug\" href=\"https:\/\/www.ole.com.ar\/tema\/liga-profesional.html\" target=\"_blank\" title=\"liga-profesional\" rel=\"noopener noreferrer\">Liga Profesional <\/a><\/strong>y los 18 goles que lo convirtieron en el goleador del torneo, su repentina explosi\u00f3n lo catapult\u00f3 a la <strong><a alt=\"seleccion-argentina\" class=\"slug\" href=\"https:\/\/www.ole.com.ar\/tema\/seleccion-argentina.html\" target=\"_blank\" title=\"seleccion-argentina\" rel=\"noopener noreferrer\">Selecci\u00f3n Argentina<\/a><\/strong>. No disput\u00f3 demasiados minutos, pero sorprendi\u00f3 al cuerpo t\u00e9cnico de <strong><a alt=\"lionel-scaloni\" class=\"slug\" href=\"https:\/\/www.ole.com.ar\/tema\/lionel-scaloni.html\" target=\"_blank\" title=\"lionel-scaloni\" rel=\"noopener noreferrer\">Lionel Scaloni<\/a><\/strong> y se dio el lujo de formar parte del plantel que gan\u00f3 la Copa Am\u00e9rica.<\/p>\n<div class=\"sp__SM\">\n<div class=\"content-new \">\n<span class=\"tit-mobile\">Mir\u00e1 tambi\u00e9n<\/span><\/p>\n<div class=\"mg\">\n<div class=\"wrap-figure\">\n<picture>\n<a href=\"https:\/\/www.ole.com.ar\/river-plate\/romero-recuerdo-amor-riverplatense_0_QdkGQXCYo.html\" target=\"_self\" rel=\"noopener noreferrer\"><br \/>\n<img class=\"img-responsive\" alt=\"Romero y el recuerdo de un amor riverplatense\" src=\"http:\/\/hoycordobaweb.com\/wp-content\/uploads\/2021\/12\/alvarez-del-jugar-con-messi-es-lo-maximo-al-sueno-de-qatar-2.jpg\" loading=\"lazy\"><br \/>\n<\/a>\n<\/picture>\n<\/div>\n<\/div><\/div>\n<\/div>\n<p>De cara a 2022, el Ara\u00f1a&nbsp;tiene ponerse la m\u00e1scara de Spiderman y completar una d\u00edficil&nbsp;misi\u00f3n:&nbsp;quiere cumplir el anhelo de todo futbolista profesional y hasta de los hinchas que alientan desde la tribuna.<strong> \u00abSue\u00f1o con estar en Qatar, es lo que todo futbolista desea, estar en la Selecci\u00f3n y jugar un Mundial.<\/strong> Ser\u00eda lo m\u00e1ximo como jugador, trabajo d\u00eda a d\u00eda para eso, para crecer, para mejorar y cuando llegue el final del a\u00f1o que viene estar a disposici\u00f3n para que el t\u00e9cnico decido\u00bb, expres\u00f3 a pura ilusi\u00f3n.<\/p>\n<div class=\"sp__SM\">\n<div class=\"content-new \">\n<span class=\"tit-mobile\">Mir\u00e1 tambi\u00e9n<\/span><\/p>\n<div class=\"mg\">\n<div class=\"wrap-figure\">\n<picture>\n<a href=\"https:\/\/www.ole.com.ar\/river-plate\/river-carrascal-necesita-jugar_0_JcDotPNjl.html\" target=\"_self\" rel=\"noopener noreferrer\"><br \/>\n<img class=\"img-responsive\" alt=\"Representante de Carrascal: &quot;Jorge necesita jugar&quot;\" src=\"http:\/\/hoycordobaweb.com\/wp-content\/uploads\/2021\/12\/alvarez-del-jugar-con-messi-es-lo-maximo-al-sueno-de-qatar-3.jpg\" loading=\"lazy\"><br \/>\n<\/a>\n<\/picture>\n<\/div>\n<\/div><\/div>\n<\/div>\n<div class=\"sp__Normal\">\n<div class=\"image-embeb image-trigger\" readability=\"6\">\n<picture><source media=\"(min-width: 720px)\" srcset=\"http:\/\/hoycordobaweb.com\/wp-content\/uploads\/2021\/12\/alvarez-del-jugar-con-messi-es-lo-maximo-al-sueno-de-qatar-4.jpg\"><img itemprop=\"image\" src=\"http:\/\/hoycordobaweb.com\/wp-content\/uploads\/2021\/12\/alvarez-del-jugar-con-messi-es-lo-maximo-al-sueno-de-qatar-4.jpg\" loading=\"lazy\" alt=\"Messi observa atentamente a Juli\u00e1n. AFP.\">\n<\/picture><figcaption readability=\"2\">\n<p>Messi observa atentamente a Juli\u00e1n. AFP.\n<\/p>\n<\/figcaption><\/div>\n<\/div>\n<p>Y sobre la ansiada consagraci\u00f3n en tierras brasile\u00f1as, record\u00f3: \u00ab<strong>Que hayamos ganado la Copa Am\u00e9rica despu\u00e9s de tantos a\u00f1os es un orgullo como argentino, una alegr\u00eda por haber formado parte y por el cari\u00f1o de la gente.<\/strong> Ellos tambi\u00e9n necesitaban eso despu\u00e9s del tiempo de pandemia y fue un premio para toda la gente del pa\u00eds\u00bb, agreg\u00f3.<\/p>\n<div class=\"sp__SM\">\n<div class=\"content-new \">\n<span class=\"tit-mobile\">Mir\u00e1 tambi\u00e9n<\/span><\/p>\n<div class=\"mg\">\n<div class=\"wrap-figure\">\n<picture>\n<a href=\"https:\/\/www.ole.com.ar\/river-plate\/lopez-munoz-river-julian-alvarez_0_xp_IDBjXo.html\" target=\"_self\" rel=\"noopener noreferrer\"><br \/>\n<img class=\"img-responsive\" alt=\"El jugador que debe volver a River y el particular apodo de Juli\u00e1n \u00c1lvarez en Inferiores\" src=\"http:\/\/hoycordobaweb.com\/wp-content\/uploads\/2021\/12\/alvarez-del-jugar-con-messi-es-lo-maximo-al-sueno-de-qatar-5.jpg\" loading=\"lazy\"><br \/>\n<\/a>\n<\/picture>\n<\/div>\n<\/div><\/div>\n<\/div>\n<p>En apenas 10 a\u00f1os, <a data-cke-saved-href=\"https:\/\/www.ole.com.ar\/seleccion\/foto-messi_0_oHRXVWsLZ.html\" target=\"_blank\" href=\"https:\/\/www.ole.com.ar\/seleccion\/foto-messi_0_oHRXVWsLZ.html\" rel=\"noopener noreferrer\"><strong>el cordob\u00e9s de Calch\u00edn&nbsp;pas\u00f3 de ser un nene que le pidi\u00f3 una foto a Lionel Messi <\/strong><\/a>a compartir plantel con \u00e9l en la Selecci\u00f3n y festejar juntos el hecho de haber cortado una sequ\u00eda de 28 a\u00f1os sin t\u00edtulos.<strong> El primer encuentro fue junto a su pap\u00e1 y sus hermanos, Rafael y Agust\u00edn, tras recorrer 123 kil\u00f3metros. <\/strong>Se volvieron a ver en Rusia, donde JA9 fue sparring y hasta se comi\u00f3 un ca\u00f1o de Leo en una pr\u00e1ctica. Y este a\u00f1o fueron mucho m\u00e1s cercanos, pero el cordob\u00e9s sigue maravillado como la primera vez.<\/p>\n<div class=\"sp__SM\">\n<div class=\"content-new \">\n<span class=\"tit-mobile\">Mir\u00e1 tambi\u00e9n<\/span><\/p>\n<div class=\"mg\">\n<div class=\"wrap-figure\">\n<picture>\n<a href=\"https:\/\/www.ole.com.ar\/river-plate\/julian-alvarez-mascara-spiderman-river_0_X8FXq8nwa.html\" target=\"_self\" rel=\"noopener noreferrer\"><br \/>\n<img class=\"img-responsive\" alt=\"Juli\u00e1n: la historia de la m\u00e1scara y el significado de ser goleador\" src=\"http:\/\/hoycordobaweb.com\/wp-content\/uploads\/2021\/12\/alvarez-del-jugar-con-messi-es-lo-maximo-al-sueno-de-qatar-6.jpg\" loading=\"lazy\"><br \/>\n<\/a>\n<\/picture>\n<\/div>\n<\/div><\/div>\n<\/div>\n<div class=\"sp__Normal\">\n<div class=\"image-embeb image-trigger\" readability=\"7\">\n<picture><source media=\"(min-width: 720px)\" srcset=\"http:\/\/hoycordobaweb.com\/wp-content\/uploads\/2021\/12\/alvarez-del-jugar-con-messi-es-lo-maximo-al-sueno-de-qatar-7.jpg\"><img itemprop=\"image\" src=\"http:\/\/hoycordobaweb.com\/wp-content\/uploads\/2021\/12\/alvarez-del-jugar-con-messi-es-lo-maximo-al-sueno-de-qatar-7.jpg\" loading=\"lazy\" alt=\"Juli\u00e1n (a la izquierda) junto a sus dos hermanos (Rafael y Agust\u00edn) y a Messi, previo a la Copa Am\u00e9rica 2011.\">\n<\/picture><figcaption readability=\"4\">\n<p>Juli\u00e1n (a la izquierda) junto a sus dos hermanos (Rafael y Agust\u00edn) y a Messi, previo a la Copa Am\u00e9rica 2011.\n<\/p>\n<\/figcaption><\/div>\n<\/div>\n<p><strong>\u00abJugar con Messi es lo m\u00e1ximo. De chiquito so\u00f1\u00e9 con eso, era mi \u00eddolo y uno aprende siempre no solo mir\u00e1ndolo en la cancha sino tambi\u00e9n afuera. <\/strong>Lo que representa para el mundo como figura que es, el mejor del mundo, que sea tan simple, humilde y natural fuera de la cancha te hace aprender muchas cosas\u00bb, cerr\u00f3 Juli\u00e1n.<\/p>\n<div class=\"sp__SM\">\n<div class=\"content-new \">\n<span class=\"tit-mobile\">Mir\u00e1 tambi\u00e9n<\/span><\/p>\n<div class=\"mg\">\n<div class=\"wrap-figure\">\n<picture>\n<a href=\"https:\/\/www.ole.com.ar\/futbol-internacional\/libertadores\/ranking-conmebol-2022-river-boca_0_t4rUJrjVF.html\" target=\"_self\" rel=\"noopener noreferrer\"><br \/>\n<img class=\"img-responsive\" alt=\"Ranking Conmebol 2022: River primero y Boca tercero\" src=\"http:\/\/hoycordobaweb.com\/wp-content\/uploads\/2021\/12\/alvarez-del-jugar-con-messi-es-lo-maximo-al-sueno-de-qatar-8.jpg\" loading=\"lazy\"><br \/>\n<\/a>\n<\/picture>\n<\/div><\/div><\/div>\n<\/div>\n<p>Los pr\u00f3ximos meses ser\u00e1n decisivos.<strong> Sabe que si queda en River seguir\u00e1 siendo una pieza fundamental. <\/strong>Pero si en el pr\u00f3ximo mercado llega una oferta del exterior que alcance los 20 millones de euros de su cl\u00e1usula de rescisi\u00f3n, <strong>deber\u00e1 decidir si emigra, con la ventaja de dar un importante salto econ\u00f3mico y el temor de que pierda continuidad a meses de la Copa del Mundo. <\/strong><\/p>\n<div class=\"sp__SM\">\n<div class=\"content-new \">\n<span class=\"tit-mobile\">Mir\u00e1 tambi\u00e9n<\/span><\/p>\n<div class=\"mg\">\n<div class=\"wrap-figure\">\n<picture>\n<a href=\"https:\/\/www.ole.com.ar\/river-plate\/equipo-river-gallardo-trofeo-campeones_0_ZiflljfS_.html\" target=\"_self\" rel=\"noopener noreferrer\"><br \/>\n<img class=\"img-responsive\" alt=\"Atento River: Gallardo tiene el equipo para la final ante Col\u00f3n\" src=\"http:\/\/hoycordobaweb.com\/wp-content\/uploads\/2021\/12\/alvarez-del-jugar-con-messi-es-lo-maximo-al-sueno-de-qatar-9.jpg\" loading=\"lazy\"><br \/>\n<\/a>\n<\/picture>\n<\/div>\n<\/div><\/div>\n<\/div>\n<div class=\"sp__Normal\">\n<div class=\"image-embeb image-trigger\" readability=\"6\">\n<picture><source media=\"(min-width: 720px)\" srcset=\"http:\/\/hoycordobaweb.com\/wp-content\/uploads\/2021\/12\/alvarez-del-jugar-con-messi-es-lo-maximo-al-sueno-de-qatar-10.jpg\"><img itemprop=\"image\" src=\"http:\/\/hoycordobaweb.com\/wp-content\/uploads\/2021\/12\/alvarez-del-jugar-con-messi-es-lo-maximo-al-sueno-de-qatar-10.jpg\" loading=\"lazy\" alt=\"Julian Alvarez con Messi en Rusia.\">\n<\/picture><figcaption readability=\"2\">\n<p>Julian Alvarez con Messi en Rusia.\n<\/p>\n<\/figcaption><\/div>\n<\/div>\n<p>\u200bMientras tanto, el cordob\u00e9s intenta mantener la frialdad con la que define dentro del \u00e1rea y esa humildad que destaca de Leo: \u00abSo\u00f1\u00e9 con este presente desde que era chico. Siempre jugu\u00e9 de delantero, siempre me toc\u00f3 hacer muchos goles y proyectaba eso en una carrera profesional.<strong> Juli\u00e1n es una persona divertida, tranquila, que trata de dar lo mejor para aprender y seguir creciendo como ser humano y como futbolista\u00bb.<\/strong><\/p>\n<div class=\"sp__SM\">\n<div class=\"content-new \">\n<span class=\"tit-mobile\">Mir\u00e1 tambi\u00e9n<\/span><\/p>\n<div class=\"mg\">\n<div class=\"wrap-figure\">\n<picture>\n<a href=\"https:\/\/www.ole.com.ar\/futbol-primera\/river-colon-operativo-seguridad_0_v4JGe-pmI.html\" target=\"_self\" rel=\"noopener noreferrer\"><br \/>\n<img class=\"img-responsive\" alt=\"River-Col\u00f3n: operativo de seguridad y Fan Zone\" src=\"http:\/\/hoycordobaweb.com\/wp-content\/uploads\/2021\/12\/alvarez-del-jugar-con-messi-es-lo-maximo-al-sueno-de-qatar-11.jpg\" loading=\"lazy\"><br \/>\n<\/a>\n<\/picture>\n<\/div>\n<\/div><\/div>\n<\/div>\n<h2><strong>Video: Juli\u00e1n y la historia de la m\u00e1scara de Spiderman\u200b<\/strong><br \/><\/h2>\n<div class=\"entry-tags\">\n<h2>TEMAS QUE APARECEN EN ESTA NOTA<\/h2>\n<\/p><\/div>\n","protected":false},"excerpt":{"rendered":"<p>Juli\u00e1n \u00c1lvarez atraviesa un presente so\u00f1ado, un 2021 que es un premio a su esfuerzo. M\u00e1s all\u00e1 del t\u00edtulo de la Liga Profesional y los 18 goles que lo convirtieron en el goleador del torneo, su repentina explosi\u00f3n lo catapult\u00f3 a la Selecci\u00f3n Argentina. No disput\u00f3 demasiados minutos, pero sorprendi\u00f3 al cuerpo t\u00e9cnico de Lionel [&hellip;]<\/p>\n","protected":false},"author":1,"featured_media":34403,"comment_status":"open","ping_status":"closed","sticky":false,"template":"","format":"standard","meta":[],"categories":[16],"tags":[],"_links":{"self":[{"href":"http:\/\/hoycordobaweb.com\/index.php\/wp-json\/wp\/v2\/posts\/34402"}],"collection":[{"href":"http:\/\/hoycordobaweb.com\/index.php\/wp-json\/wp\/v2\/posts"}],"about":[{"href":"http:\/\/hoycordobaweb.com\/index.php\/wp-json\/wp\/v2\/types\/post"}],"author":[{"embeddable":true,"href":"http:\/\/hoycordobaweb.com\/index.php\/wp-json\/wp\/v2\/users\/1"}],"replies":[{"embeddable":true,"href":"http:\/\/hoycordobaweb.com\/index.php\/wp-json\/wp\/v2\/comments?post=34402"}],"version-history":[{"count":0,"href":"http:\/\/hoycordobaweb.com\/index.php\/wp-json\/wp\/v2\/posts\/34402\/revisions"}],"wp:featuredmedia":[{"embeddable":true,"href":"http:\/\/hoycordobaweb.com\/index.php\/wp-json\/wp\/v2\/media\/34403"}],"wp:attachment":[{"href":"http:\/\/hoycordobaweb.com\/index.php\/wp-json\/wp\/v2\/media?parent=34402"}],"wp:term":[{"taxonomy":"category","embeddable":true,"href":"http:\/\/hoycordobaweb.com\/index.php\/wp-json\/wp\/v2\/categories?post=34402"},{"taxonomy":"post_tag","embeddable":true,"href":"http:\/\/hoycordobaweb.com\/index.php\/wp-json\/wp\/v2\/tags?post=34402"}],"curies":[{"name":"wp","href":"https:\/\/api.w.org\/{rel}","templated":true}]}}