{"id":34398,"date":"2021-12-17T18:55:48","date_gmt":"2021-12-17T18:55:48","guid":{"rendered":"https:\/\/www.ole.com.ar\/tenis\/nadal-regreso-derrota-murray_0_v2Z7mfGIP.html"},"modified":"2021-12-17T18:55:48","modified_gmt":"2021-12-17T18:55:48","slug":"en-su-regreso-nadal-perdio-contra-murray","status":"publish","type":"post","link":"http:\/\/hoycordobaweb.com\/index.php\/2021\/12\/17\/en-su-regreso-nadal-perdio-contra-murray\/","title":{"rendered":"En su regreso, Nadal perdi\u00f3 contra Murray"},"content":{"rendered":"<p><img src=\"http:\/\/hoycordobaweb.com\/wp-content\/uploads\/2021\/12\/en-su-regreso-nadal-perdio-contra-murray.jpg\"><\/p>\n<p>Una de cal y otra de arena para la leyenda viviente del tenis, <a alt=\"rafael-nadal\" class=\"slug\" href=\"https:\/\/www.ole.com.ar\/tema\/rafael-nadal.html\" target=\"_blank\" title=\"rafael-nadal\" rel=\"noopener noreferrer\">Rafael Nadal<\/a>. <mark>Luego de cuatro meses de ausencia en el circuito por diversas lesiones, este viernes el espa\u00f1ol volvi\u00f3 a las canchas<\/mark>, aunque no fue de la mejor manera debido a que no pudo obtener el resultado que hubiese querido.<\/p>\n<p>En lo que fue su reencuentro con la raqueta, <strong>Rafa cay\u00f3 por 6-3 y 7-5 ante el brit\u00e1nico <a alt=\"andy-murray\" class=\"slug\" href=\"https:\/\/www.ole.com.ar\/tema\/andy-murray.html\" target=\"_blank\" title=\"andy-murray\" rel=\"noopener noreferrer\">Andy Murray<\/a><\/strong>, quien se llev\u00f3 el duelo de semifinales del torneo de exhibici\u00f3n de Abu Dabi, y ahora le tocar\u00e1 jugar la final ante el ruso <a alt=\"andrey-rublev\" class=\"slug\" href=\"https:\/\/www.ole.com.ar\/tema\/andrey-rublev.html\" target=\"_blank\" title=\"andrey-rublev\" rel=\"noopener noreferrer\">Andrey Rublev<\/a>.<\/p>\n<div class=\"sp__Normal\">\n<div class=\"image-embeb image-trigger\" readability=\"6\">\n<picture><source media=\"(min-width: 720px)\" srcset=\"http:\/\/hoycordobaweb.com\/wp-content\/uploads\/2021\/12\/en-su-regreso-nadal-perdio-contra-murray-2.jpg\"><img itemprop=\"image\" src=\"http:\/\/hoycordobaweb.com\/wp-content\/uploads\/2021\/12\/en-su-regreso-nadal-perdio-contra-murray-2.jpg\" loading=\"lazy\" alt=\"Nadal cay\u00f3 ante Murray (AFP)\">\n<\/picture><figcaption readability=\"2\">\n<p>Nadal cay\u00f3 ante Murray (AFP)\n<\/p>\n<\/figcaption><\/div>\n<\/div>\n<div class=\"sp__SM\">\n<div class=\"content-new \">\n<span class=\"tit-mobile\">Mir\u00e1 tambi\u00e9n<\/span><\/p>\n<div class=\"mg\">\n<div class=\"wrap-figure\">\n<picture>\n<a href=\"https:\/\/www.ole.com.ar\/futbol-internacional\/francia\/natalia-guitler-messi-psg_0_g_yLH9X2Z.html\" target=\"_self\" rel=\"noopener noreferrer\"><br \/>\n<img class=\"img-responsive\" alt=\"Qui\u00e9n es Natalia Guitler, la brasile\u00f1a que se sac\u00f3 una foto con Messi\" src=\"http:\/\/hoycordobaweb.com\/wp-content\/uploads\/2021\/12\/en-su-regreso-nadal-perdio-contra-murray-3.jpg\" loading=\"lazy\"><br \/>\n<\/a>\n<\/picture>\n<\/div>\n<\/div><\/div>\n<\/div>\n<p>En esta oportunidad, el &#8216;Mubadala Tennis World Championship&#8217;, torneo elegido por Nadal para arrancar los preparativos de cara al Abierto de Australia, le ofreci\u00f3 al p\u00fablico uno de los grandes cl\u00e1sicos de este \u00faltimo tiempo. Hace no muchos a\u00f1os, un encuentro entre estos dos tenistas significaba una instancia definitoria en alguna competici\u00f3n de la \u00e9lite del deporte.<\/p>\n<p>Pero hoy es otro dia y lamentablemente ninguno de los dos se encuentra en su mejor nivel. Tanto el espa\u00f1ol como el escoc\u00e9s se encuentran en un vaiv\u00e9n de lesiones e irregularidades que no les permite desplegar toda su habilidad. <strong>Nadal no se agarraba la raqueta desde el pasado 6 de agosto<\/strong>, cuando en los cuartos de final del torneo de Washington cay\u00f3 ante el sudafricano Lloyds Harrys. Despu\u00e9s, <mark>debi\u00f3 que dejar de competir para sanarse de una lesi\u00f3n en el pie izquierdo y tuvo que ser operado<\/mark>.<\/p>\n<div class=\"sp__SM\">\n<div class=\"content-new \">\n<span class=\"tit-mobile\">Mir\u00e1 tambi\u00e9n<\/span><\/p>\n<div class=\"mg\">\n<div class=\"wrap-figure\">\n<picture>\n<a href=\"https:\/\/www.ole.com.ar\/tenis\/thiem-jugara-argentina-open_0_DQ7zUbZgv.html\" target=\"_self\" rel=\"noopener noreferrer\"><br \/>\n<img class=\"img-responsive\" alt=\"Thiem confirm\u00f3 que jugar\u00e1 el Argentina Open\" src=\"http:\/\/hoycordobaweb.com\/wp-content\/uploads\/2021\/12\/en-su-regreso-nadal-perdio-contra-murray-4.jpg\" loading=\"lazy\"><br \/>\n<\/a>\n<\/picture>\n<\/div>\n<\/div><\/div>\n<\/div>\n<div class=\"sp__Normal\">\n<div class=\"image-embeb image-trigger\" readability=\"6\">\n<picture><source media=\"(min-width: 720px)\" srcset=\"http:\/\/hoycordobaweb.com\/wp-content\/uploads\/2021\/12\/en-su-regreso-nadal-perdio-contra-murray-5.jpg\"><img itemprop=\"image\" src=\"http:\/\/hoycordobaweb.com\/wp-content\/uploads\/2021\/12\/en-su-regreso-nadal-perdio-contra-murray-5.jpg\" loading=\"lazy\" alt=\"El espa\u00f1ol volvi\u00f3 a las pistas luego de cuatro meses (REUTERS)\">\n<\/picture><figcaption readability=\"2\">\n<p>El espa\u00f1ol volvi\u00f3 a las pistas luego de cuatro meses (REUTERS)\n<\/p>\n<\/figcaption><\/div>\n<\/div>\n<p>Murray, sin embargo, luego de un largo parate, <mark>mostr\u00f3 una cierta evoluci\u00f3n positiva desde que anunci\u00f3 su retirada en enero de 2019 por una lesi\u00f3n de cadera de la que se oper\u00f3 dos veces<\/mark>. Desde esa fecha, Andy convive&nbsp;con una pr\u00f3tesis de metal, aunque est\u00e1 demostrando que a\u00fan le quedan chispas de aquella versi\u00f3n suya que en 2016 supo coronarse en Wimbledon.<\/p>\n<p>En cuanto al match en s\u00ed, se not\u00f3 bastante la diferencia en cuanto al rodaje que ven\u00eda teniendo cada uno. El brit\u00e1nico, que tiene en sus vitrinas tres t\u00edtulos de Grand Slam y dos oros ol\u00edmpicos, se adapt\u00f3 mejor&nbsp;al encuentro y pudo quebrarle el saque a Rafa en el sexto juego del primer set. Despu\u00e9s, el equilibrio se mantuvo hasta el und\u00e9cimo, en el que el brit\u00e1nico consigui\u00f3 un nuevo &#8216;break&#8217; para conseguir el triunfo.<\/p>\n<div class=\"sp__SM\">\n<div class=\"content-new \">\n<span class=\"tit-mobile\">Mir\u00e1 tambi\u00e9n<\/span><\/p>\n<div class=\"mg\">\n<div class=\"wrap-figure\">\n<picture>\n<a href=\"https:\/\/www.ole.com.ar\/tenis\/potro-regreso-buenos-aires-tenis_0_IsTCK1lPu.html\" target=\"_self\" rel=\"noopener noreferrer\"><br \/>\n<img class=\"img-responsive\" alt=\"Del Potro le puso fecha a su regreso: &quot;Ser\u00eda especial volver en Buenos Aires&quot;\" src=\"http:\/\/hoycordobaweb.com\/wp-content\/uploads\/2021\/12\/en-su-regreso-nadal-perdio-contra-murray-6.jpg\" loading=\"lazy\"><br \/>\n<\/a>\n<\/picture>\n<\/div>\n<\/div><\/div>\n<\/div>\n<div class=\"sp__Normal\">\n<div class=\"image-embeb image-trigger\" readability=\"6\">\n<picture><source media=\"(min-width: 720px)\" srcset=\"http:\/\/hoycordobaweb.com\/wp-content\/uploads\/2021\/12\/en-su-regreso-nadal-perdio-contra-murray-7.jpg\"><img itemprop=\"image\" src=\"http:\/\/hoycordobaweb.com\/wp-content\/uploads\/2021\/12\/en-su-regreso-nadal-perdio-contra-murray-7.jpg\" loading=\"lazy\" alt=\"Murray jugar\u00e1 la final ante Rublev (REUTERS)\">\n<\/picture><figcaption readability=\"2\">\n<p>Murray jugar\u00e1 la final ante Rublev (REUTERS)\n<\/p>\n<\/figcaption><\/div>\n<\/div>\n<p>Nadal, por su parte, mostr\u00f3 una mejor\u00eda en el segundo cap\u00edtulo. All\u00ed, el espa\u00f1ol propuso un juego m\u00e1s vertiginoso, con m\u00e1s ritmo y con ocasiones para romper el saque de su rival, aunque no las pudo aprovechar.<\/p>\n<p>En cuanto al tiempo, a Murray le tom\u00f3 apenas <strong><mark>una hora y 49 minutos<\/mark> sellar su octava victoria en veinticinco enfrentamientos contra Nadal, la primera desde el Masters 1.000 de Madrid de 2016.<\/strong><\/p>\n<div class=\"sp__SM\">\n<div class=\"content-new \">\n<span class=\"tit-mobile\">Mir\u00e1 tambi\u00e9n<\/span><\/p>\n<div class=\"mg\">\n<div class=\"wrap-figure\">\n<picture>\n<a href=\"https:\/\/www.ole.com.ar\/tenis\/tenis-futbol-copa-davis_0_AoJc1wet9.html\" target=\"_self\" rel=\"noopener noreferrer\"><br \/>\n<img class=\"img-responsive\" alt=\"\u00bfViste al equipo argentino de Copa Davis jugando al f\u00fatbol?\" src=\"http:\/\/hoycordobaweb.com\/wp-content\/uploads\/2021\/12\/en-su-regreso-nadal-perdio-contra-murray-8.jpg\" loading=\"lazy\"><br \/>\n<\/a>\n<\/picture>\n<\/div>\n<\/div><\/div>\n<\/div>\n<p>Ahora, el escoc\u00e9s se ver\u00e1 enfrentar\u00e1 a Andrey Rublev, que viene de ganar la Copa Davies con Rusia, para quedarse con el t\u00edtulo que ya supo conquistar en 2009 y 2014 . Antes, Nadal jugar\u00e1 contra el Denis Shapovalov por el tercer puesto.<\/p>\n<p>Por \u00faltimo, el espa\u00f1ol, despu\u00e9s de medirse contra el canadiense y cerrar su participaci\u00f3n en Abu Dabi, donde gan\u00f3 en 2010, 2011, 2015, 2016 y 2019, <mark>acudir\u00e1 al torneo de Melbourne, del 3 al 9 de enero, y luego se jugar\u00e1 todo en el Abierto de Australia, que comenzar\u00e1 el 17 y finalizar\u00e1 el 30 del primer mes del a\u00f1o.<\/mark><\/p>\n<div class=\"sp__SM\">\n<div class=\"content-new \">\n<span class=\"tit-mobile\">Mir\u00e1 tambi\u00e9n<\/span><\/p>\n<div class=\"mg\">\n<div class=\"wrap-figure\">\n<picture>\n<a href=\"https:\/\/www.ole.com.ar\/basquet\/triple-record-nba-graham-19-metros_0_K2vTcUmEK.html\" target=\"_self\" rel=\"noopener noreferrer\"><br \/>\n<img class=\"img-responsive\" alt=\"El triple pel\u00edcula desde 19 metros de Graham en la NBA\" src=\"http:\/\/hoycordobaweb.com\/wp-content\/uploads\/2021\/12\/en-su-regreso-nadal-perdio-contra-murray-9.jpg\" loading=\"lazy\"><br \/>\n<\/a>\n<\/picture>\n<\/div>\n<\/div><\/div>\n<\/div>\n<div class=\"sp__SM\">\n<div class=\"content-new \">\n<span class=\"tit-mobile\">Mir\u00e1 tambi\u00e9n<\/span><\/p>\n<div class=\"mg\">\n<div class=\"wrap-figure\">\n<picture>\n<a href=\"https:\/\/www.ole.com.ar\/agenda-deportiva\/super-finde-futbol-tenis-nba-handball_0_IWaI5iMsT.html\" target=\"_self\" rel=\"noopener noreferrer\"><br \/>\n<img class=\"img-responsive\" alt=\"Agenda deportiva: River-Col\u00f3n, f\u00fatbol europeo y m\u00e1s\" src=\"http:\/\/hoycordobaweb.com\/wp-content\/uploads\/2021\/12\/en-su-regreso-nadal-perdio-contra-murray-10.jpg\" loading=\"lazy\"><br \/>\n<\/a>\n<\/picture>\n<\/div>\n<\/div><\/div>\n<\/div>\n<div class=\"entry-tags\">\n<h2>TEMAS QUE APARECEN EN ESTA NOTA<\/h2>\n<\/p><\/div>\n","protected":false},"excerpt":{"rendered":"<p>Una de cal y otra de arena para la leyenda viviente del tenis, Rafael Nadal. Luego de cuatro meses de ausencia en el circuito por diversas lesiones, este viernes el espa\u00f1ol volvi\u00f3 a las canchas, aunque no fue de la mejor manera debido a que no pudo obtener el resultado que hubiese querido. En lo [&hellip;]<\/p>\n","protected":false},"author":1,"featured_media":34399,"comment_status":"open","ping_status":"closed","sticky":false,"template":"","format":"standard","meta":[],"categories":[16],"tags":[],"_links":{"self":[{"href":"http:\/\/hoycordobaweb.com\/index.php\/wp-json\/wp\/v2\/posts\/34398"}],"collection":[{"href":"http:\/\/hoycordobaweb.com\/index.php\/wp-json\/wp\/v2\/posts"}],"about":[{"href":"http:\/\/hoycordobaweb.com\/index.php\/wp-json\/wp\/v2\/types\/post"}],"author":[{"embeddable":true,"href":"http:\/\/hoycordobaweb.com\/index.php\/wp-json\/wp\/v2\/users\/1"}],"replies":[{"embeddable":true,"href":"http:\/\/hoycordobaweb.com\/index.php\/wp-json\/wp\/v2\/comments?post=34398"}],"version-history":[{"count":0,"href":"http:\/\/hoycordobaweb.com\/index.php\/wp-json\/wp\/v2\/posts\/34398\/revisions"}],"wp:featuredmedia":[{"embeddable":true,"href":"http:\/\/hoycordobaweb.com\/index.php\/wp-json\/wp\/v2\/media\/34399"}],"wp:attachment":[{"href":"http:\/\/hoycordobaweb.com\/index.php\/wp-json\/wp\/v2\/media?parent=34398"}],"wp:term":[{"taxonomy":"category","embeddable":true,"href":"http:\/\/hoycordobaweb.com\/index.php\/wp-json\/wp\/v2\/categories?post=34398"},{"taxonomy":"post_tag","embeddable":true,"href":"http:\/\/hoycordobaweb.com\/index.php\/wp-json\/wp\/v2\/tags?post=34398"}],"curies":[{"name":"wp","href":"https:\/\/api.w.org\/{rel}","templated":true}]}}