{"id":34383,"date":"2021-12-16T23:46:00","date_gmt":"2021-12-16T23:46:00","guid":{"rendered":"https:\/\/fm-comunicar.com.ar\/contenido\/18669\/los-bomberos-llevaran-a-papa-noel-a-las-plazas-de-la-zona"},"modified":"2021-12-16T23:46:00","modified_gmt":"2021-12-16T23:46:00","slug":"los-bomberos-llevaran-a-papa-noel-a-las-plazas-de-la-zona","status":"publish","type":"post","link":"http:\/\/hoycordobaweb.com\/index.php\/2021\/12\/16\/los-bomberos-llevaran-a-papa-noel-a-las-plazas-de-la-zona\/","title":{"rendered":"Los Bomberos llevar\u00e1n a Pap\u00e1 Noel a las plazas de la zona"},"content":{"rendered":"<p>Para la instituci\u00f3n ser\u00e1 una jornada especial, ya que homenajear\u00e1n a Freddy Oca\u00f1o. La recorrida ser\u00e1 este domingo.<br \/>\nEn la nota, los horarios.<img src=\"http:\/\/hoycordobaweb.com\/wp-content\/uploads\/2021\/12\/los-bomberos-llevaran-a-papa-noel-a-las-plazas-de-la-zona.jpg\"><\/p>\n","protected":false},"excerpt":{"rendered":"<p>Para la instituci\u00f3n ser\u00e1 una jornada especial, ya que homenajear\u00e1n a Freddy Oca\u00f1o. La recorrida ser\u00e1 este domingo. En la nota, los horarios.<\/p>\n","protected":false},"author":1,"featured_media":34384,"comment_status":"closed","ping_status":"closed","sticky":false,"template":"","format":"standard","meta":[],"categories":[18],"tags":[],"_links":{"self":[{"href":"http:\/\/hoycordobaweb.com\/index.php\/wp-json\/wp\/v2\/posts\/34383"}],"collection":[{"href":"http:\/\/hoycordobaweb.com\/index.php\/wp-json\/wp\/v2\/posts"}],"about":[{"href":"http:\/\/hoycordobaweb.com\/index.php\/wp-json\/wp\/v2\/types\/post"}],"author":[{"embeddable":true,"href":"http:\/\/hoycordobaweb.com\/index.php\/wp-json\/wp\/v2\/users\/1"}],"replies":[{"embeddable":true,"href":"http:\/\/hoycordobaweb.com\/index.php\/wp-json\/wp\/v2\/comments?post=34383"}],"version-history":[{"count":0,"href":"http:\/\/hoycordobaweb.com\/index.php\/wp-json\/wp\/v2\/posts\/34383\/revisions"}],"wp:featuredmedia":[{"embeddable":true,"href":"http:\/\/hoycordobaweb.com\/index.php\/wp-json\/wp\/v2\/media\/34384"}],"wp:attachment":[{"href":"http:\/\/hoycordobaweb.com\/index.php\/wp-json\/wp\/v2\/media?parent=34383"}],"wp:term":[{"taxonomy":"category","embeddable":true,"href":"http:\/\/hoycordobaweb.com\/index.php\/wp-json\/wp\/v2\/categories?post=34383"},{"taxonomy":"post_tag","embeddable":true,"href":"http:\/\/hoycordobaweb.com\/index.php\/wp-json\/wp\/v2\/tags?post=34383"}],"curies":[{"name":"wp","href":"https:\/\/api.w.org\/{rel}","templated":true}]}}