{"id":34379,"date":"2021-12-17T12:30:35","date_gmt":"2021-12-17T12:30:35","guid":{"rendered":"https:\/\/www.espinof.com\/fecha-de-estreno\/raised-by-wolves-temporada-2-trailer-fecha-estreno-todo-que-sabemos-serie-hbo-max"},"modified":"2021-12-17T12:30:35","modified_gmt":"2021-12-17T12:30:35","slug":"raised-by-wolves-todo-lo-que-sabemos-de-la-temporada-2-de-la-serie-producida-por-ridley-scott-para-hbo-max","status":"publish","type":"post","link":"http:\/\/hoycordobaweb.com\/index.php\/2021\/12\/17\/raised-by-wolves-todo-lo-que-sabemos-de-la-temporada-2-de-la-serie-producida-por-ridley-scott-para-hbo-max\/","title":{"rendered":"&#8216;Raised by Wolves&#8217;: todo lo que sabemos de la temporada 2 de la serie producida por Ridley Scott para HBO Max"},"content":{"rendered":"<p>Fue una grat\u00edsima sorpresa cuando aterriz\u00f3 en nuestras pantallas en 2020 y estamos esperando con ganas la temporada 2 de &#8216;<a href=\"https:\/\/www.espinof.com\/hbo\/raised-by-wolves-llega-a-hbo-ambiciosa-serie-ciencia-ficcion-que-goza-estupendo-espiritu-literario\">Raised by Wolves<\/a>&#8216;, la serie de ciencia ficci\u00f3n creada por Aaron Guzikowski y respaldada y dirigida por Ridley Scott para HBO Max.<\/p>\n<p><!-- BREAK 1 --><\/p>\n<p>Despu\u00e9s de disfrutar (o ponernos al d\u00eda, que est\u00e1is a tiempo) con la temporada 1, <strong>vamos a ver todo lo que sabemos de la temporada 2<\/strong> de la ficci\u00f3n.<\/p>\n<p><!-- BREAK 2 --> <\/p>\n<div class=\"article-asset article-asset-normal article-asset-center\">\n<div class=\"desvio-container\">\n<div class=\"desvio\">\n<div class=\"desvio-figure js-desvio-figure\"> <a href=\"https:\/\/www.espinof.com\/series-de-ficcion\/raised-by-wolves-teoria-que-conecta-serie-ridley-scott-apocrifo-libro-enoc\"> <img alt=\"'Raised by Wolves': as\u00ed es la teor\u00eda que conecta la espectacular serie de Ridley Scott con el texto religioso 'El libro de Enoc'\" src=\"http:\/\/hoycordobaweb.com\/wp-content\/uploads\/2021\/12\/raised-by-wolves-todo-lo-que-sabemos-de-la-temporada-2-de-la-serie-producida-por-ridley-scott-para-hbo-max.jpg\"> <\/a> <\/div><\/div><\/div>\n<\/div>\n<h2>La historia<\/h2>\n<p>Seg\u00fan la sinopsis oficial, despu\u00e9s de los <a href=\"https:\/\/www.espinof.com\/series-de-ficcion\/raised-by-wolves-sorprende-final-temporada-brillante-que-abre-puertas-a-universo-fantastico-imprescindible\">hechos de la primera temporada<\/a>, en estos nuevos episodios veremos a <strong>Madre y Padre e hijos uni\u00e9ndose a la colonia atea formada en la misteriosa zona tropical<\/strong> de Kepler 22b. Sin embargo no ser\u00e1 f\u00e1cil navegar por esta extra\u00f1a nueva sociedad.<\/p>\n<p><!-- BREAK 3 --><\/p>\n<p>Y es que veremos c\u00f3mo<strong> el \u00abhijo natural\u00bb de madre amenaza con extinguir lo que queda de la raza humana<\/strong>. Y ya podemos imaginar que los humanos no van a quedarse quietos. Esperamos tambi\u00e9n que d\u00e9 respuestas a cosas pendientes como los f\u00f3siles alien\u00edgenas, las voces de Marcus o por qu\u00e9 Campion no se ve afectado por la radiaci\u00f3n.<\/p>\n<p><!-- BREAK 4 --><\/p>\n<h2>El reparto y equipo<\/h2>\n<p>La serie est\u00e1 protagonizada por Amanda Collin, Abubakar Salim, Winta McGrath, Niamh Algar, Jordan Loughran, Matias Varela, Felix Jamieson, Ethan Hazzard, Aasiya Shah, Ivy Wong, Peter Christoffersen, Selina Jones, Morgan Santo, James Harkness, Kim Engelbrecht, Jennifer Saayeng y Travis Fimmel.<\/p>\n<p><!-- BREAK 5 --><\/p>\n<h2>El rodaje<\/h2>\n<blockquote class=\"twitter-tweet\" readability=\"8.463976945245\">\n<p lang=\"en\" dir=\"ltr\">\ud83d\udc3a We\u2019re back! \ud83d\udc3a<\/p>\n<p>Big news this week! Watch this space!<\/p>\n<p>Feeling incredibly fortunate for being here. Thanks to not only the creators &amp; the network, but a BIG THANK YOU to the people who watch &amp; enjoy the show!<\/p>\n<p>Let&#8217;s have at them.<a href=\"https:\/\/twitter.com\/hashtag\/raisedbywolvesmax?src=hash&amp;ref_src=twsrc%5Etfw\">#raisedbywolvesmax<\/a> <a href=\"https:\/\/twitter.com\/RaisedWolvesMAX?ref_src=twsrc%5Etfw\">@raisedwolvesmax<\/a> <a href=\"https:\/\/twitter.com\/hbomax?ref_src=twsrc%5Etfw\">@hbomax<\/a> <a href=\"https:\/\/t.co\/w8qKEsy4FH\">pic.twitter.com\/w8qKEsy4FH<\/a><\/p>\n<p>\u2014 Abubakar Salim (@Abzybabzy) <a href=\"https:\/\/twitter.com\/Abzybabzy\/status\/1368861729116012544?ref_src=twsrc%5Etfw\">March 8, 2021<\/a><\/p><\/blockquote>\n<p>El rodaje de la temporada 2 de &#8216;Raised by Wolves&#8217; <a href=\"https:\/\/www.espinof.com\/proyectos\/raised-by-wolves-anuncia-inicio-rodaje-su-temporada-2-foto-abubakar-salim-set\">comenz\u00f3 en marzo<\/a> de este 2021 y dur\u00f3 unos cinco meses, concluyendo el pasado agosto.<\/p>\n<p><!-- BREAK 6 --><\/p>\n<h2>Fecha de estreno<\/h2>\n<p>HBO Max ha anunciado que podremos ver la temporada 2 de &#8216;Raised by Wolves&#8217; <strong>a partir del pr\u00f3ximo 3 de febrero de 2022<\/strong>. Todav\u00eda no hay d\u00eda concreto para su estreno en Espa\u00f1a, pero imaginamos que ser\u00e1 al d\u00eda siguiente.<\/p>\n<p><!-- BREAK 7 --><\/p>\n<h2>El tr\u00e1iler<\/h2>\n<p>En <a href=\"https:\/\/www.espinof.com\/trailers\/raised-by-wolves-lanza-impresionante-trailer-su-temporada-2-hay-fecha-estreno-para-regreso-aclamada-serie-hbo-max\">diciembre de 2021<\/a> pudimos ver el primer tr\u00e1iler de esta temporada 2 de &#8216;Raised by Wolves&#8217;.<\/p>\n<p><!-- BREAK 8 --> <\/p>\n","protected":false},"excerpt":{"rendered":"<p>Fue una grat\u00edsima sorpresa cuando aterriz\u00f3 en nuestras pantallas en 2020 y estamos esperando con ganas la temporada 2 de &#8216;Raised by Wolves&#8216;, la serie de ciencia ficci\u00f3n creada por Aaron Guzikowski y respaldada y dirigida por Ridley Scott para HBO Max. Despu\u00e9s de disfrutar (o ponernos al d\u00eda, que est\u00e1is a tiempo) con la [&hellip;]<\/p>\n","protected":false},"author":1,"featured_media":34380,"comment_status":"open","ping_status":"closed","sticky":false,"template":"","format":"standard","meta":[],"categories":[1],"tags":[],"_links":{"self":[{"href":"http:\/\/hoycordobaweb.com\/index.php\/wp-json\/wp\/v2\/posts\/34379"}],"collection":[{"href":"http:\/\/hoycordobaweb.com\/index.php\/wp-json\/wp\/v2\/posts"}],"about":[{"href":"http:\/\/hoycordobaweb.com\/index.php\/wp-json\/wp\/v2\/types\/post"}],"author":[{"embeddable":true,"href":"http:\/\/hoycordobaweb.com\/index.php\/wp-json\/wp\/v2\/users\/1"}],"replies":[{"embeddable":true,"href":"http:\/\/hoycordobaweb.com\/index.php\/wp-json\/wp\/v2\/comments?post=34379"}],"version-history":[{"count":0,"href":"http:\/\/hoycordobaweb.com\/index.php\/wp-json\/wp\/v2\/posts\/34379\/revisions"}],"wp:featuredmedia":[{"embeddable":true,"href":"http:\/\/hoycordobaweb.com\/index.php\/wp-json\/wp\/v2\/media\/34380"}],"wp:attachment":[{"href":"http:\/\/hoycordobaweb.com\/index.php\/wp-json\/wp\/v2\/media?parent=34379"}],"wp:term":[{"taxonomy":"category","embeddable":true,"href":"http:\/\/hoycordobaweb.com\/index.php\/wp-json\/wp\/v2\/categories?post=34379"},{"taxonomy":"post_tag","embeddable":true,"href":"http:\/\/hoycordobaweb.com\/index.php\/wp-json\/wp\/v2\/tags?post=34379"}],"curies":[{"name":"wp","href":"https:\/\/api.w.org\/{rel}","templated":true}]}}