{"id":3437,"date":"2020-10-16T13:28:41","date_gmt":"2020-10-16T13:28:41","guid":{"rendered":"http:\/\/manoamanocba.com.ar\/?p=4172"},"modified":"2020-10-16T13:28:41","modified_gmt":"2020-10-16T13:28:41","slug":"proyecto-de-ley-busca-prohibir-la-venta-de-zonas-incendiadas-por-20-anos","status":"publish","type":"post","link":"http:\/\/hoycordobaweb.com\/index.php\/2020\/10\/16\/proyecto-de-ley-busca-prohibir-la-venta-de-zonas-incendiadas-por-20-anos\/","title":{"rendered":"Proyecto de ley busca prohibir la venta de zonas incendiadas por 20 a\u00f1os"},"content":{"rendered":"<div><img src=\"http:\/\/hoycordobaweb.com\/wp-content\/uploads\/2020\/10\/proyecto-de-ley-busca-prohibir-la-venta-de-zonas-incendiadas-por-20-anos.jpg\" class=\"ff-og-image-inserted\"><\/div>\n<p><span>El proyecto fue presentado por el bloque del <strong>Frente de Izquierda Unida<\/strong> en la Legislatura cordobesa. Entre sus principales propuestas declara zona de protecci\u00f3n y remediaci\u00f3n ambiental a todo territorio alcanzado por las quemas e incendios durante los \u00faltimos cinco a\u00f1os.&nbsp;&nbsp;<\/span><\/p>\n<p><span>Seg\u00fan un informe publicado esta semana por el <strong>Servicio Nacional de Manejo del Fuego<\/strong>, se quemaron casi 300.000 hect\u00e1reas de monte nativo en la provincia de C\u00f3rdoba. Denuncias apuntaron sobre la intencionalidad en la mayor\u00eda de los casos, con el objetivo de dejar la tierra libre para loteos, desarrollos inmobiliarios, emprendimientos mineros, entre otras actividades productivas.&nbsp;<\/span><\/p>\n<p><span>Los sectores pertinentes al cuidado y respeto por el medio ambiente lo mencionan como \u201cecocidio\u201d. Se\u00f1alan que los incendios coinciden justamente con determinadas zonas donde vecinas y vecinos vienen librando luchas ambientales. Adem\u00e1s, cabe destacar que dos personas murieron luchando contra el fuego.&nbsp;<\/span><\/p>\n<p><b>Proyecto de ley<\/b><\/p>\n<p><span>La legisladora <strong>Soledad D\u00edaz<\/strong> present\u00f3 el proyecto de ley, que busca impedir que por 20 a\u00f1os no se vendan los terrenos ubicados en las \u00e1reas afectadas. La propuesta se basa en la prohibici\u00f3n de cambio de uso de suelos en las zonas afectadas por los incendios forestales que han castigado a buena parte de las serran\u00edas y \u00e1reas rurales de C\u00f3rdoba, en los \u00faltimos meses.<\/span><\/p>\n<p><span><em>Principales puntos del proyecto de ley<\/em>:&nbsp;<\/span><\/p>\n<p><span>-En primer lugar se establece que se declaren zonas de protecci\u00f3n y remediaci\u00f3n ambiental a los territorios alcanzados por los incendios, durante los \u00faltimos 5 a\u00f1os. As\u00ed, no se podr\u00e1 cambiar el uso y destino que ten\u00edan estas tierras antes de ser alcanzadas por el fuego.<\/span><\/p>\n<p><span>-En segundo lugar, se prohibir\u00eda todo tipo de loteo con fines inmobiliarios, desarrollismo urbano, actividad agro ganadera y\/o minera. En fin, no estar\u00edan permitidas las actividades que perjudiquen la regeneraci\u00f3n del territorio durante los pr\u00f3ximos 20 a\u00f1os.<\/span><\/p>\n<p><span>-Por otro lado, se realizar\u00e1 un inventario de las zonas afectadas por los incendios. Luego, se planificar\u00e1 y se pondr\u00e1 en marcha un plan integral de recuperaci\u00f3n de las zonas. As\u00ed, cada punto del proyecto se retroalimenta con los dem\u00e1s.<\/span><\/p>\n<p><span>-Por \u00faltimo, se propone reconocer el poder de veto y de control y seguimiento del cumplimiento de la presente ley, a las Asambleas Populares Ambientales. Estar\u00e1n constituidas en forma directa por los trabajadores, las comunidades originarias y los pueblos de cada zona.<\/span><\/p>\n<p><b>Ola de incendios en todo el pa\u00eds&nbsp;<\/b><\/p>\n<p><span>Este a\u00f1o los incendios no s\u00f3lo tuvieron focos activos en la provincia de C\u00f3rdoba, sino tambi\u00e9n en el resto del pa\u00eds. Hasta el momento son ocho las jurisdicciones nacionales afectadas por los incendios: C\u00f3rdoba, Salta, Tucum\u00e1n, Jujuy, Catamarca, La Rioja, San Luis, Buenos Aires y Corrientes.<\/span><\/p>\n<p><span>Mientras tanto el Gobierno nacional estableci\u00f3 una asignaci\u00f3n mensual est\u00edmulo de 10 mil pesos a los trabajadores que presten servicios en el combate de incendios, seg\u00fan el Decreto 796\/2020, publicado este martes en el Bolet\u00edn Oficial.<\/span><\/p>\n<p><span>El decreto lleva la firma del presidente Alberto Fern\u00e1ndez; del jefe de Gabinete, Santiago Cafiero; y del ministro de Ambiente y Desarrollo Sostenible, Juan Cabandi\u00e9. En los considerandos, se indica que \u00aben los \u00faltimos meses, estos incendios masivos y reiterados, en distintas zonas cr\u00edticas de la Rep\u00fablica Argentina han adquirido una dimensi\u00f3n alarmante y representan una grave amenaza para el ambiente y sus ecosistemas, as\u00ed como para el patrimonio, la salud y la vida de las personas\u00bb.<\/span><\/p>\n<p><span>Con anterioridad el Gobierno nacional decret\u00f3 la emergencia agropecuaria en C\u00f3rdoba, mediante la resoluci\u00f3n 200\/2020 en el Bolet\u00edn Oficial. Mientras que en los \u00faltimos d\u00edas se public\u00f3 en el Bolet\u00edn Oficial de la Provincia el decreto n\u00famero 710 firmado por el Ejecutivo. En donde se declara en zona de Desastre Agropecuario a otras 130 mil hect\u00e1reas que se vieron afectadas por incendios.&nbsp;<\/span><\/p>\n<p><span>El nuevo documento incluye zonas del norte del departamento Punilla y del departamento Cruz del Eje; tambi\u00e9n superficies de las Sierras del Sur cercanas a localidades como Las Albahacas y Alpa Corral; y zonas del Valle de Paravachasca, como Falda del Carmen y Bosque Alegre, entre otras.<\/span><\/p>\n<p><span>Desde el Gobierno provincial anunciaron que este a\u00f1o fueron detenidas 54 personas por hechos de incendios. Destacando que est\u00e1 prohibido por la Ley 8.751 el uso del fuego en el \u00e1mbito rural y forestal.&nbsp;<\/span><\/p>\n<p><b>Para denuncias sobre principios de incendios o sus autores: 0-800-888-38346 (FUEGO).<\/b><\/p>\n","protected":false},"excerpt":{"rendered":"<p>El proyecto fue presentado por el bloque del Frente de Izquierda Unida en la Legislatura cordobesa. Entre sus principales propuestas declara zona de protecci\u00f3n y remediaci\u00f3n ambiental a todo territorio alcanzado por las quemas e incendios durante los \u00faltimos cinco a\u00f1os.&nbsp;&nbsp; Seg\u00fan un informe publicado esta semana por el Servicio Nacional de Manejo del Fuego, [&hellip;]<\/p>\n","protected":false},"author":1,"featured_media":3438,"comment_status":"closed","ping_status":"closed","sticky":false,"template":"","format":"standard","meta":[],"categories":[19],"tags":[],"_links":{"self":[{"href":"http:\/\/hoycordobaweb.com\/index.php\/wp-json\/wp\/v2\/posts\/3437"}],"collection":[{"href":"http:\/\/hoycordobaweb.com\/index.php\/wp-json\/wp\/v2\/posts"}],"about":[{"href":"http:\/\/hoycordobaweb.com\/index.php\/wp-json\/wp\/v2\/types\/post"}],"author":[{"embeddable":true,"href":"http:\/\/hoycordobaweb.com\/index.php\/wp-json\/wp\/v2\/users\/1"}],"replies":[{"embeddable":true,"href":"http:\/\/hoycordobaweb.com\/index.php\/wp-json\/wp\/v2\/comments?post=3437"}],"version-history":[{"count":0,"href":"http:\/\/hoycordobaweb.com\/index.php\/wp-json\/wp\/v2\/posts\/3437\/revisions"}],"wp:featuredmedia":[{"embeddable":true,"href":"http:\/\/hoycordobaweb.com\/index.php\/wp-json\/wp\/v2\/media\/3438"}],"wp:attachment":[{"href":"http:\/\/hoycordobaweb.com\/index.php\/wp-json\/wp\/v2\/media?parent=3437"}],"wp:term":[{"taxonomy":"category","embeddable":true,"href":"http:\/\/hoycordobaweb.com\/index.php\/wp-json\/wp\/v2\/categories?post=3437"},{"taxonomy":"post_tag","embeddable":true,"href":"http:\/\/hoycordobaweb.com\/index.php\/wp-json\/wp\/v2\/tags?post=3437"}],"curies":[{"name":"wp","href":"https:\/\/api.w.org\/{rel}","templated":true}]}}