{"id":34346,"date":"2021-12-16T18:48:44","date_gmt":"2021-12-16T18:48:44","guid":{"rendered":"https:\/\/www.ole.com.ar\/tenis\/potro-regreso-buenos-aires-tenis_0_IsTCK1lPu.html"},"modified":"2021-12-16T18:48:44","modified_gmt":"2021-12-16T18:48:44","slug":"del-potro-palpita-el-regreso-seria-especial-volver-en-buenos-aires","status":"publish","type":"post","link":"http:\/\/hoycordobaweb.com\/index.php\/2021\/12\/16\/del-potro-palpita-el-regreso-seria-especial-volver-en-buenos-aires\/","title":{"rendered":"Del Potro palpita el regreso: \u00abSer\u00eda especial volver en Buenos Aires\u00bb"},"content":{"rendered":"<p><img src=\"http:\/\/hoycordobaweb.com\/wp-content\/uploads\/2021\/12\/del-potro-palpita-el-regreso-seria-especial-volver-en-buenos-aires.jpg\"><\/p>\n<p>Son dos a\u00f1os de idas y vueltas, con dudas, pero nunca colgando la raqueta. <a alt=\"juan-martin-del-potro\" class=\"slug\" href=\"https:\/\/www.ole.com.ar\/tema\/juan-martin-del-potro.html\" target=\"_blank\" title=\"juan-martin-del-potro\" rel=\"noopener noreferrer\">Juan Mart\u00edn Del Potro <\/a><strong>no juega desde junio del 2019<\/strong>, cuando en Queen&#8217;s dijo basta y volvi\u00f3 a someterse a una<strong> cirug\u00eda, ahora de rodilla derecha<\/strong>. Pas\u00f3 el tiempo, hubo momentos complicados, se rumore\u00f3 un posible retiro, pero<strong> la Torre sigue firme y palpita el (gran) regreso: \u00abSer\u00eda especial volver en Buenos Aires\u00bb,<\/strong> dijo.<\/p>\n<div class=\"sp__SM\">\n<div class=\"content-new \">\n<span class=\"tit-mobile\">Mir\u00e1 tambi\u00e9n<\/span><\/p>\n<div class=\"mg\">\n<div class=\"wrap-figure\">\n<picture>\n<a href=\"https:\/\/www.ole.com.ar\/tenis\/nadal-vuelve-pistas_0_Srey1KhX6.html\" target=\"_self\" rel=\"noopener noreferrer\"><br \/>\n<img class=\"img-responsive\" alt=\"Nadal vuelve a las canchas\" src=\"http:\/\/hoycordobaweb.com\/wp-content\/uploads\/2021\/12\/del-potro-palpita-el-regreso-seria-especial-volver-en-buenos-aires-2.jpg\" loading=\"lazy\"><br \/>\n<\/a>\n<\/picture>\n<\/div>\n<\/div><\/div>\n<\/div>\n<p><strong>\u00abSigo entrenando con todo, tengo d\u00edas mejores que otros pero siempre con la esperanza de regresar a la cancha a principios del a\u00f1o que viene. Ser\u00eda muy especial volver en Buenos Aires y luego tambi\u00e9n jugar en R\u00edo\u00bb<\/strong>, escribi\u00f3 Delpo en sus redes junto a una foto con raqueta en mano y <a href=\"https:\/\/www.ole.com.ar\/tenis\/potro-polvo-ladrillo-tenis_0_4pNkjLFyf.html\" target=\"_blank\" rel=\"noopener noreferrer\"><strong>en una cancha de polvo de ladrillo, donde viene peloteando hace un tiempo<\/strong><\/a>.<\/p>\n<div class=\"sp__Normal\">\n<div class=\"image-embeb image-trigger\" readability=\"6\">\n<picture><source media=\"(min-width: 720px)\" srcset=\"http:\/\/hoycordobaweb.com\/wp-content\/uploads\/2021\/12\/del-potro-palpita-el-regreso-seria-especial-volver-en-buenos-aires-3.jpg\"><img itemprop=\"image\" src=\"http:\/\/hoycordobaweb.com\/wp-content\/uploads\/2021\/12\/del-potro-palpita-el-regreso-seria-especial-volver-en-buenos-aires-3.jpg\" loading=\"lazy\" alt=\"Delpo a full en polvo de ladrillo.\">\n<\/picture><figcaption readability=\"2\">\n<p>Delpo a full en polvo de ladrillo.\n<\/p>\n<\/figcaption><\/div>\n<\/div>\n<p>El <a alt=\"argentina-open\" class=\"slug\" href=\"https:\/\/www.ole.com.ar\/tema\/argentina-open.html\" target=\"_blank\" title=\"argentina-open\" rel=\"noopener noreferrer\">Argentina Open<\/a>, un ATP 250,<strong> se jugar\u00e1 desde el 7 de febrero<\/strong>, en lo que ya ser\u00e1 la sexta semana del circuito mundial de tenis. Ser\u00e1 la vig\u00e9simo segunda edici\u00f3n de este torneo que se disputa <strong>en el Buenos Aires Lawn Tenis<\/strong> y<a href=\"https:\/\/www.ole.com.ar\/tenis\/argentina-open-entradas-atp-promocion_0_WV1vpE3Ew.html\" target=\"_blank\" rel=\"noopener noreferrer\"><strong> los organizadores comunicaron la creaci\u00f3n de una pre-venta exclusiva de entradas en la que se vender\u00e1n con un descuento del 25%<\/strong><\/a>.<\/p>\n<div class=\"sp__SM\">\n<div class=\"content-new \">\n<span class=\"tit-mobile\">Mir\u00e1 tambi\u00e9n<\/span><\/p>\n<div class=\"mg\">\n<div class=\"wrap-figure\">\n<picture>\n<a href=\"https:\/\/www.ole.com.ar\/tenis\/argentina-open-entradas-atp-promocion_0_WV1vpE3Ew.html\" target=\"_self\" rel=\"noopener noreferrer\"><br \/>\n<img class=\"img-responsive\" alt=\"Argentina Open: entradas a la venta a un precio \u00fanico\" src=\"http:\/\/hoycordobaweb.com\/wp-content\/uploads\/2021\/12\/del-potro-palpita-el-regreso-seria-especial-volver-en-buenos-aires-4.jpg\" loading=\"lazy\"><br \/>\n<\/a>\n<\/picture>\n<\/div>\n<\/div><\/div>\n<\/div>\n<p><strong>\u00abTrabajo con la ilusi\u00f3n y el esfuerzo como ustedes saben para que podamos vernos ac\u00e1. En las pr\u00f3ximas semanas les ir\u00e9 contando como evoluciono. Saludos a todos!!!\u00bb, <\/strong>cerr\u00f3 Del Potro en la publicaci\u00f3n que no tard\u00f3 en sumar likes, comentarios y mucha ilusi\u00f3n de volver a verlo en una cancha, con el martillo y esos golpes que tanto se entra\u00f1an.<\/p>\n<h2>El posteo de Del Potro<\/h2>\n<p>El deseo del tandilense es llegar a principios de febrero y ser parte del certamen porte\u00f1o. La opci\u00f3n B es estar en el torneo de R\u00edo de Janeiro, que comienza una semana despu\u00e9s, el 14 de febrero y es un ATP 500.<\/p>\n<p><strong>El d\u00eda a d\u00eda de Del Potro<\/strong><\/p>\n<p>Delpo se oper\u00f3 en marzo de este a\u00f1o y lo describi\u00f3 as\u00ed: \u00abLa definitiva\u00bb. Dos palabras y un deseo claro, que sea la \u00faltima (ya ten\u00eda cuatro cirug\u00edas de mu\u00f1eca: tres izquierda y una derecha). En su primera fractura de r\u00f3tula decidi\u00f3 encarar la recuperaci\u00f3n sin pasar por el quir\u00f3fano y logr\u00f3 recuperarse, m\u00e1s all\u00e1 de un freno que tuvo en Delray Beach (desplazamiento). Pero la segunda lesi\u00f3n en la zona lo oblig\u00f3 a operarse y lo hizo en Chicago.<\/p>\n<p>Van m\u00e1s de ocho meses de rehabilitaci\u00f3n pura y sin freno. Juan Mart\u00edn arranc\u00f3 a moverse todav\u00eda con f\u00e9rula y hasta pelote\u00f3 en junio con esa protecci\u00f3n en la pierna derecha. La raqueta, lejos de colgarse. \u00abEs frustrante y doloroso no lograr los objetivos, pero me doler\u00eda mucho m\u00e1s no intentarlo, por eso estoy ac\u00e1 una vez m\u00e1s\u00bb, dijo el tenista de 33 a\u00f1os.<\/p>\n<div class=\"sp__SM\">\n<div class=\"content-new \">\n<span class=\"tit-mobile\">Mir\u00e1 tambi\u00e9n<\/span><\/p>\n<div class=\"mg\">\n<div class=\"wrap-figure\">\n<picture>\n<a href=\"https:\/\/www.ole.com.ar\/tenis\/potro-polvo-ladrillo-tenis_0_4pNkjLFyf.html\" target=\"_self\" rel=\"noopener noreferrer\"><br \/>\n<img class=\"img-responsive\" alt=\"Del Potro entrena en polvo de ladrillo\" src=\"http:\/\/hoycordobaweb.com\/wp-content\/uploads\/2021\/12\/del-potro-palpita-el-regreso-seria-especial-volver-en-buenos-aires-5.jpg\" loading=\"lazy\"><br \/>\n<\/a>\n<\/picture>\n<\/div>\n<\/div><\/div>\n<\/div>\n<p>Fue aumentando intensidad de entrenamientos y hasta fue un invitado especial al US Open, donde comparti\u00f3 un momento especial con John McEnroe. Ah\u00ed, desde New York, dej\u00f3 una frase que ilusion\u00f3: \u201cNo s\u00e9 si me conviene volver en un torneo a cinco sets. Hay alternativas. Y en Argentina nunca jugu\u00e9 si no era por Copa Davis. Y all\u00ed hay un torneo a principios de a\u00f1o\u201d.&nbsp;<\/p>\n<div class=\"entry-tags\">\n<h2>TEMAS QUE APARECEN EN ESTA NOTA<\/h2>\n<\/p><\/div>\n","protected":false},"excerpt":{"rendered":"<p>Son dos a\u00f1os de idas y vueltas, con dudas, pero nunca colgando la raqueta. Juan Mart\u00edn Del Potro no juega desde junio del 2019, cuando en Queen&#8217;s dijo basta y volvi\u00f3 a someterse a una cirug\u00eda, ahora de rodilla derecha. Pas\u00f3 el tiempo, hubo momentos complicados, se rumore\u00f3 un posible retiro, pero la Torre sigue [&hellip;]<\/p>\n","protected":false},"author":1,"featured_media":34347,"comment_status":"open","ping_status":"closed","sticky":false,"template":"","format":"standard","meta":[],"categories":[16],"tags":[],"_links":{"self":[{"href":"http:\/\/hoycordobaweb.com\/index.php\/wp-json\/wp\/v2\/posts\/34346"}],"collection":[{"href":"http:\/\/hoycordobaweb.com\/index.php\/wp-json\/wp\/v2\/posts"}],"about":[{"href":"http:\/\/hoycordobaweb.com\/index.php\/wp-json\/wp\/v2\/types\/post"}],"author":[{"embeddable":true,"href":"http:\/\/hoycordobaweb.com\/index.php\/wp-json\/wp\/v2\/users\/1"}],"replies":[{"embeddable":true,"href":"http:\/\/hoycordobaweb.com\/index.php\/wp-json\/wp\/v2\/comments?post=34346"}],"version-history":[{"count":0,"href":"http:\/\/hoycordobaweb.com\/index.php\/wp-json\/wp\/v2\/posts\/34346\/revisions"}],"wp:featuredmedia":[{"embeddable":true,"href":"http:\/\/hoycordobaweb.com\/index.php\/wp-json\/wp\/v2\/media\/34347"}],"wp:attachment":[{"href":"http:\/\/hoycordobaweb.com\/index.php\/wp-json\/wp\/v2\/media?parent=34346"}],"wp:term":[{"taxonomy":"category","embeddable":true,"href":"http:\/\/hoycordobaweb.com\/index.php\/wp-json\/wp\/v2\/categories?post=34346"},{"taxonomy":"post_tag","embeddable":true,"href":"http:\/\/hoycordobaweb.com\/index.php\/wp-json\/wp\/v2\/tags?post=34346"}],"curies":[{"name":"wp","href":"https:\/\/api.w.org\/{rel}","templated":true}]}}