{"id":34344,"date":"2021-12-16T18:57:17","date_gmt":"2021-12-16T18:57:17","guid":{"rendered":"https:\/\/www.ole.com.ar\/futbol-ascenso\/pnacional-ferro-molina-lamolina_0_wbhYbK93P.html"},"modified":"2021-12-16T18:57:17","modified_gmt":"2021-12-16T18:57:17","slug":"tomas-molina-de-ferro-escuche-que-lamolina-se-arrepintio-y-que-esta-dolido-pero-no-como-nosotros","status":"publish","type":"post","link":"http:\/\/hoycordobaweb.com\/index.php\/2021\/12\/16\/tomas-molina-de-ferro-escuche-que-lamolina-se-arrepintio-y-que-esta-dolido-pero-no-como-nosotros\/","title":{"rendered":"Tom\u00e1s Molina, de Ferro: \u00abEscuch\u00e9 que Lamolina se arrepinti\u00f3 y que est\u00e1 dolido, pero no como nosotros\u00bb"},"content":{"rendered":"<p><img src=\"http:\/\/hoycordobaweb.com\/wp-content\/uploads\/2021\/12\/tomas-molina-de-ferro-escuche-que-lamolina-se-arrepintio-y-que-esta-dolido-pero-no-como-nosotros.jpg\"><\/p>\n<p>Una vez m\u00e1s, el arbitraje argentino se rob\u00f3 las luces del show. En esta oportunidad fue&nbsp;en una semifinal del ascenso. Nicol\u00e1s Lamolina invent\u00f3 un penal para Quilmes frente a Ferro, el cual Federico Anselmo cambi\u00f3 por gol y el Verdolaga se volvi\u00f3 a Caballito con las manos vac\u00edas. La cicatriz tardar\u00e1 en sanar. Mientras tanto, los protagonistas dan su parecer al respecto, como lo hizo <strong>Tom\u00e1s Molina en un mano a mano con Ol\u00e9.<\/strong><\/p>\n<div class=\"sp__Normal\">\n<div class=\"image-embeb image-trigger\" readability=\"6\">\n<picture><source media=\"(min-width: 720px)\" srcset=\"http:\/\/hoycordobaweb.com\/wp-content\/uploads\/2021\/12\/tomas-molina-de-ferro-escuche-que-lamolina-se-arrepintio-y-que-esta-dolido-pero-no-como-nosotros-2.jpg\"><img itemprop=\"image\" src=\"http:\/\/hoycordobaweb.com\/wp-content\/uploads\/2021\/12\/tomas-molina-de-ferro-escuche-que-lamolina-se-arrepintio-y-que-esta-dolido-pero-no-como-nosotros-2.jpg\" loading=\"lazy\" alt=\"La jugada de la pol\u00e9mica que perjudic\u00f3 a Ferro\">\n<\/picture><figcaption readability=\"2\">\n<p>La jugada de la pol\u00e9mica que perjudic\u00f3 a Ferro\n<\/p>\n<\/figcaption><\/div>\n<\/div>\n<p>El delantero de Oeste, a\u00fan desconcertado, mostr\u00f3 su lamento por lo sucedido: \u201cFueron muy duros estos d\u00edas, dif\u00edciles. <strong>Tenemos mucha bronca, tristeza e impotencia. <\/strong>Est\u00e1bamos convencidos de que este a\u00f1o era nuestro. Toda Ferro estaba muy ilusionado por el a\u00f1o que se hab\u00eda hecho. <strong>Lamentablemente se dio como se dio y no queda otra que dar vuelta la p\u00e1gina. <\/strong>A\u00fan as\u00ed, estamos con el orgullo de haber dado todo y que lo merec\u00edamos. No lo perdimos en la cancha, lo perdimos por algo que no tiene nada que ver con el f\u00fatbol\u201d.<\/p>\n<div class=\"sp__SM\">\n<div class=\"content-new \">\n<span class=\"tit-mobile\">Mir\u00e1 tambi\u00e9n<\/span><\/p>\n<div class=\"mg\">\n<div class=\"wrap-figure\">\n<picture>\n<a href=\"https:\/\/www.ole.com.ar\/futbol-ascenso\/herrera-arbitro-final-quilmes-barracas_0_mlflQNOhe.html\" target=\"_self\" rel=\"noopener noreferrer\"><br \/>\n<img class=\"img-responsive\" alt=\"Dar\u00edo Herrera, el \u00e1rbitro de la final por el ascenso a Primera\" src=\"http:\/\/hoycordobaweb.com\/wp-content\/uploads\/2021\/12\/tomas-molina-de-ferro-escuche-que-lamolina-se-arrepintio-y-que-esta-dolido-pero-no-como-nosotros-3.jpg\" loading=\"lazy\"><br \/>\n<\/a>\n<\/picture>\n<\/div>\n<\/div><\/div>\n<\/div>\n<p>Luego, el atacante de 26 a\u00f1os se refiri\u00f3 al momento en el cual el juez cobr\u00f3 la supuesta falta de Marcelo Mi\u00f1o a Anselmo: \u201cYo justo hab\u00eda salido hace un ratito, por eso me toc\u00f3 verlo desde el banco. Igual, desde donde yo estaba, jam\u00e1s me imagin\u00e9 que esa jugada pod\u00eda terminar en un penal. Me imagin\u00e9 que era una falta en ataque a nuestro arquero.<strong> Si hab\u00eda algo que cobrar era eso, y no un penal inexistente. La verdad que fue muy doloroso. <\/strong>No se puede hacer nada lamentablemente\u201d.<\/p>\n<div class=\"sp__SM\">\n<div class=\"content-new \">\n<span class=\"tit-mobile\">Mir\u00e1 tambi\u00e9n<\/span><\/p>\n<div class=\"mg\">\n<div class=\"wrap-figure\">\n<picture>\n<a href=\"https:\/\/www.ole.com.ar\/futbol-ascenso\/bombas-presidente-ferro-pandolfi_0_DiZE19r8R.html\" target=\"_self\" rel=\"noopener noreferrer\"><br \/>\n<img class=\"img-responsive\" alt=\"Las bombas del presidente de Ferro tras el esc\u00e1ndalo con Quilmes\" src=\"http:\/\/hoycordobaweb.com\/wp-content\/uploads\/2021\/12\/tomas-molina-de-ferro-escuche-que-lamolina-se-arrepintio-y-que-esta-dolido-pero-no-como-nosotros-4.jpg\" loading=\"lazy\"><br \/>\n<\/a>\n<\/picture>\n<\/div>\n<\/div><\/div>\n<\/div>\n<p>Al d\u00eda siguiente del partido, Lamolina rompi\u00f3 el silencio y aclar\u00f3 que, luego de ver la jugada en su casa, se dio cuenta que no era penal. Es m\u00e1s, admiti\u00f3 que la infracci\u00f3n era al rev\u00e9s. Molina tambi\u00e9n se expres\u00f3 sobre los dichos del \u00e1rbitro: \u201cEn general cuando hay errores as\u00ed, tratan de morir en la suya. <strong>Escuch\u00e9 que se arrepinti\u00f3 y que est\u00e1 dolido, pero no como nosotros\u00bb.<\/strong><\/p>\n<div class=\"sp__SM\">\n<div class=\"content-new \">\n<span class=\"tit-mobile\">Mir\u00e1 tambi\u00e9n<\/span><\/p>\n<div class=\"mg\">\n<div class=\"wrap-figure\">\n<picture>\n<a href=\"https:\/\/www.ole.com.ar\/futbol-ascenso\/primera-b\/lamolina-orsi-ferro-quilmes_0_a4y1eJXhd.html\" target=\"_self\" rel=\"noopener noreferrer\"><br \/>\n<img class=\"img-responsive\" alt=\"El di\u00e1logo entre Lamolina y el DT de Ferro\" src=\"http:\/\/hoycordobaweb.com\/wp-content\/uploads\/2021\/12\/tomas-molina-de-ferro-escuche-que-lamolina-se-arrepintio-y-que-esta-dolido-pero-no-como-nosotros-5.jpg\" loading=\"lazy\"><br \/>\n<\/a>\n<\/picture>\n<\/div>\n<\/div><\/div>\n<\/div>\n<p>\u00abLamentablemente en unos d\u00edas nadie se acordar\u00e1 de esto y <strong>Lamolina seguir\u00e1 dirigiendo. <\/strong>Nosotros no vamos a tener a nadie que nos de lo que merec\u00edamos. <strong>A \u00e9l no le cambia en nada. Pero bueno, todo el a\u00f1o fue igual, luchar contra todos. <\/strong>As\u00ed termin\u00f3. Ahora queda trabajar y que ojal\u00e1 que Ferro vuelva a Primera alg\u00fan d\u00eda\u201d, cerr\u00f3 el atacante.<\/p>\n<div class=\"sp__SM\">\n<div class=\"content-new \">\n<span class=\"tit-mobile\">Mir\u00e1 tambi\u00e9n<\/span><\/p>\n<div class=\"mg\">\n<div class=\"wrap-figure\">\n<picture>\n<a href=\"https:\/\/www.ole.com.ar\/futbol-ascenso\/beligoy-lamolina-error-penal_0_1hdmvHi17.html\" target=\"_self\" rel=\"noopener noreferrer\"><br \/>\n<img class=\"img-responsive\" alt=\"\u00bfQu\u00e9 dijo Beligoy tras el error de Lamolina?\" src=\"http:\/\/hoycordobaweb.com\/wp-content\/uploads\/2021\/12\/tomas-molina-de-ferro-escuche-que-lamolina-se-arrepintio-y-que-esta-dolido-pero-no-como-nosotros-6.jpg\" loading=\"lazy\"><br \/>\n<\/a>\n<\/picture>\n<\/div>\n<\/div><\/div>\n<\/div>\n<div class=\"sp__SM\">\n<div class=\"content-new \">\n<span class=\"tit-mobile\">Mir\u00e1 tambi\u00e9n<\/span><\/p>\n<div class=\"mg\">\n<div class=\"wrap-figure\">\n<picture>\n<a href=\"https:\/\/www.ole.com.ar\/futbol-ascenso\/b-nacional\/mino-anselmo-declaraciones-penal_0_heRTy5DRO.html\" target=\"_self\" rel=\"noopener noreferrer\"><br \/>\n<img class=\"img-responsive\" alt=\"Quilmes vs. Ferro: el cruce entre los involucrados del pol\u00e9mico penal\" src=\"http:\/\/hoycordobaweb.com\/wp-content\/uploads\/2021\/12\/tomas-molina-de-ferro-escuche-que-lamolina-se-arrepintio-y-que-esta-dolido-pero-no-como-nosotros-7.jpg\" loading=\"lazy\"><br \/>\n<\/a>\n<\/picture>\n<\/div>\n<\/div><\/div>\n<\/div>\n<div class=\"entry-tags\">\n<h2>TEMAS QUE APARECEN EN ESTA NOTA<\/h2>\n<\/p><\/div>\n","protected":false},"excerpt":{"rendered":"<p>Una vez m\u00e1s, el arbitraje argentino se rob\u00f3 las luces del show. En esta oportunidad fue&nbsp;en una semifinal del ascenso. Nicol\u00e1s Lamolina invent\u00f3 un penal para Quilmes frente a Ferro, el cual Federico Anselmo cambi\u00f3 por gol y el Verdolaga se volvi\u00f3 a Caballito con las manos vac\u00edas. La cicatriz tardar\u00e1 en sanar. Mientras tanto, [&hellip;]<\/p>\n","protected":false},"author":1,"featured_media":34345,"comment_status":"open","ping_status":"closed","sticky":false,"template":"","format":"standard","meta":[],"categories":[16],"tags":[],"_links":{"self":[{"href":"http:\/\/hoycordobaweb.com\/index.php\/wp-json\/wp\/v2\/posts\/34344"}],"collection":[{"href":"http:\/\/hoycordobaweb.com\/index.php\/wp-json\/wp\/v2\/posts"}],"about":[{"href":"http:\/\/hoycordobaweb.com\/index.php\/wp-json\/wp\/v2\/types\/post"}],"author":[{"embeddable":true,"href":"http:\/\/hoycordobaweb.com\/index.php\/wp-json\/wp\/v2\/users\/1"}],"replies":[{"embeddable":true,"href":"http:\/\/hoycordobaweb.com\/index.php\/wp-json\/wp\/v2\/comments?post=34344"}],"version-history":[{"count":0,"href":"http:\/\/hoycordobaweb.com\/index.php\/wp-json\/wp\/v2\/posts\/34344\/revisions"}],"wp:featuredmedia":[{"embeddable":true,"href":"http:\/\/hoycordobaweb.com\/index.php\/wp-json\/wp\/v2\/media\/34345"}],"wp:attachment":[{"href":"http:\/\/hoycordobaweb.com\/index.php\/wp-json\/wp\/v2\/media?parent=34344"}],"wp:term":[{"taxonomy":"category","embeddable":true,"href":"http:\/\/hoycordobaweb.com\/index.php\/wp-json\/wp\/v2\/categories?post=34344"},{"taxonomy":"post_tag","embeddable":true,"href":"http:\/\/hoycordobaweb.com\/index.php\/wp-json\/wp\/v2\/tags?post=34344"}],"curies":[{"name":"wp","href":"https:\/\/api.w.org\/{rel}","templated":true}]}}