{"id":34318,"date":"2021-12-15T18:27:00","date_gmt":"2021-12-15T18:27:00","guid":{"rendered":"http:\/\/hoycordobaweb.com\/index.php\/2021\/12\/15\/aguero-tras-anunciar-su-retiro-la-vida-sigue-y-queda-mucho-por-delante\/"},"modified":"2021-12-15T18:27:00","modified_gmt":"2021-12-15T18:27:00","slug":"aguero-tras-anunciar-su-retiro-la-vida-sigue-y-queda-mucho-por-delante","status":"publish","type":"post","link":"http:\/\/hoycordobaweb.com\/index.php\/2021\/12\/15\/aguero-tras-anunciar-su-retiro-la-vida-sigue-y-queda-mucho-por-delante\/","title":{"rendered":"Ag\u00fcero, tras anunciar su retiro: \u00abLa vida sigue y queda mucho por delante\u00bb"},"content":{"rendered":"<p><img src=\"http:\/\/hoycordobaweb.com\/wp-content\/uploads\/2021\/12\/aguero-tras-anunciar-su-retiro-la-vida-sigue-y-queda-mucho-por-delante.jpg\"><\/p>\n<figure class=\"mb-3\"><img loading=\"lazy\" src=\"http:\/\/hoycordobaweb.com\/wp-content\/uploads\/2021\/12\/aguero-tras-anunciar-su-retiro-la-vida-sigue-y-queda-mucho-por-delante-2.jpg\" width=\"100%\" height=\"100%\" alt=\"Sergio Kun Agero public una carta luego de anunciar su retiro del ftbol profesional en la que remarc que la vida sigue y queda mucho por delante\"><figcaption> Sergio \u00abKun\u00bb Ag\u00fcero public\u00f3 una carta luego de anunciar su retiro del f\u00fatbol profesional en la que remarc\u00f3 que la \u00abvida sigue y queda mucho por delante\u00bb. <\/figcaption><\/figure>\n<p>Sergio \u00abKun\u00bb Ag\u00fcero public\u00f3 una carta luego de anunciar su retiro del f\u00fatbol profesional en la que remarc\u00f3 que la \u00abvida sigue y queda mucho por delante\u00bb.<\/p>\n<p>Unas horas despu\u00e9s del emotivo acto en el estadio Camp Nou de Barcelona, el \u00abKun\u00bb se expres\u00f3 en sus redes sociales con una carta en la que expres\u00f3 sus sentimientos tras cerrar \u00abmaravillosos 18 a\u00f1os\u00bb de carrera.<\/p>\n<p>En las dos p\u00e1ginas de la carta, Ag\u00fcero explic\u00f3 que el consejo de los m\u00e9dicos <strong>fueron \u00absuficientes para tomar la decisi\u00f3n\u00bb<\/strong> porque la \u00abvida es lo primero\u00bb.<\/p>\n<blockquote class=\"instagram-media\" data-instgrm-captioned data-instgrm-permalink=\"https:\/\/www.instagram.com\/p\/CXgjzjOMj7b\/?utm_source=ig_embed&amp;utm_campaign=loading\" data-instgrm-version=\"14\" readability=\"-0.20792079207921\"><\/blockquote>\n<p>El goleador valor\u00f3 los \u00abmaravillosos 18 a\u00f1os\u00bb de carrera profesional y agradeci\u00f3 a los clubes por los que pas\u00f3, a la \u00abquerida Selecci\u00f3n Argentina\u00bb y a los \u00abfans\u00bb que lo apoyaron \u00aben las buenas y en las malas\u00bb.<\/p>\n<p>Tambi\u00e9n destac\u00f3 la importancia de haberse <strong>\u00abganado el respeto\u00bb de sus colegas futbolistas<\/strong> y lo calific\u00f3 como su \u00abmayor victoria\u00bb.<\/p>\n<p>\u00abLa vida sigue y queda mucho por delante. Ser\u00e1 una nueva etapa, distinta s\u00ed, pero que transitar\u00e9 como lo hice hasta ahora: siempre en positivo, con entusiasmo y alegr\u00eda\u00bb, cerr\u00f3 Ag\u00fcero. <\/p>\n","protected":false},"excerpt":{"rendered":"<p>Sergio \u00abKun\u00bb Ag\u00fcero public\u00f3 una carta luego de anunciar su retiro del f\u00fatbol profesional en la que remarc\u00f3 que la \u00abvida sigue y queda mucho por delante\u00bb. Sergio \u00abKun\u00bb Ag\u00fcero public\u00f3 una carta luego de anunciar su retiro del f\u00fatbol profesional en la que remarc\u00f3 que la \u00abvida sigue y queda mucho por delante\u00bb. Unas [&hellip;]<\/p>\n","protected":false},"author":1,"featured_media":34319,"comment_status":"open","ping_status":"closed","sticky":false,"template":"","format":"standard","meta":[],"categories":[19],"tags":[],"_links":{"self":[{"href":"http:\/\/hoycordobaweb.com\/index.php\/wp-json\/wp\/v2\/posts\/34318"}],"collection":[{"href":"http:\/\/hoycordobaweb.com\/index.php\/wp-json\/wp\/v2\/posts"}],"about":[{"href":"http:\/\/hoycordobaweb.com\/index.php\/wp-json\/wp\/v2\/types\/post"}],"author":[{"embeddable":true,"href":"http:\/\/hoycordobaweb.com\/index.php\/wp-json\/wp\/v2\/users\/1"}],"replies":[{"embeddable":true,"href":"http:\/\/hoycordobaweb.com\/index.php\/wp-json\/wp\/v2\/comments?post=34318"}],"version-history":[{"count":0,"href":"http:\/\/hoycordobaweb.com\/index.php\/wp-json\/wp\/v2\/posts\/34318\/revisions"}],"wp:featuredmedia":[{"embeddable":true,"href":"http:\/\/hoycordobaweb.com\/index.php\/wp-json\/wp\/v2\/media\/34319"}],"wp:attachment":[{"href":"http:\/\/hoycordobaweb.com\/index.php\/wp-json\/wp\/v2\/media?parent=34318"}],"wp:term":[{"taxonomy":"category","embeddable":true,"href":"http:\/\/hoycordobaweb.com\/index.php\/wp-json\/wp\/v2\/categories?post=34318"},{"taxonomy":"post_tag","embeddable":true,"href":"http:\/\/hoycordobaweb.com\/index.php\/wp-json\/wp\/v2\/tags?post=34318"}],"curies":[{"name":"wp","href":"https:\/\/api.w.org\/{rel}","templated":true}]}}