{"id":34296,"date":"2021-12-15T18:38:57","date_gmt":"2021-12-15T18:38:57","guid":{"rendered":"https:\/\/www.ole.com.ar\/futbol-internacional\/america\/soteldo-palmeiras-interes-toronto_0_dcKfijyeG.html"},"modified":"2021-12-15T18:38:57","modified_gmt":"2021-12-15T18:38:57","slug":"bombazo-soteldo-puede-volver-a-brasil-y-no-a-santos","status":"publish","type":"post","link":"http:\/\/hoycordobaweb.com\/index.php\/2021\/12\/15\/bombazo-soteldo-puede-volver-a-brasil-y-no-a-santos\/","title":{"rendered":"Bombazo: Soteldo puede volver a Brasil y no a Santos"},"content":{"rendered":"<p><img src=\"http:\/\/hoycordobaweb.com\/wp-content\/uploads\/2021\/12\/bombazo-soteldo-puede-volver-a-brasil-y-no-a-santos.jpg\"><\/p>\n<p><strong><a alt=\"jefferson-soteldo\" class=\"slug\" href=\"https:\/\/www.ole.com.ar\/tema\/jefferson-soteldo.html\" target=\"_blank\" title=\"jefferson-soteldo\" rel=\"noopener noreferrer\">Yeferson Soteldo<\/a><\/strong> dej\u00f3 <strong><a alt=\"santos-brasil\" class=\"slug\" href=\"https:\/\/www.ole.com.ar\/tema\/santos-brasil.html\" target=\"_blank\" title=\"santos-brasil\" rel=\"noopener noreferrer\">Santos <\/a><\/strong>hace apenas unos meses, en abril de 2021, para ir al f\u00fatbol norteamericano, m\u00e1s precisamente al equipo canadiense <strong>Toronto FC, que compite en la MLS de Estados Unidos.<\/strong> Sin embargo, esa excursi\u00f3n del venezolano parece tener fecha de<strong> vencimiento demasiado pronto y como principal opci\u00f3n aparece el regreso a Brasil.<\/strong><\/p>\n<div class=\"sp__SM\">\n<div class=\"content-new \">\n<span class=\"tit-mobile\">Mir\u00e1 tambi\u00e9n<\/span><\/p>\n<div class=\"mg\">\n<div class=\"wrap-figure\">\n<picture>\n<a href=\"https:\/\/www.ole.com.ar\/futbol-internacional\/america\/figura-futbol-brasileno-fluminense_0_g8qA0h0JG.html\" target=\"_self\" rel=\"noopener noreferrer\"><br \/>\n<img class=\"img-responsive\" alt=\"\u00bfOtra figura m\u00e1s al f\u00fatbol brasile\u00f1o?\" src=\"http:\/\/hoycordobaweb.com\/wp-content\/uploads\/2021\/12\/bombazo-soteldo-puede-volver-a-brasil-y-no-a-santos-2.jpg\" loading=\"lazy\"><br \/>\n<\/a>\n<\/picture>\n<\/div>\n<\/div><\/div>\n<\/div>\n<p>De acuerdo a las informaciones que llegan desde algunos medios del pa\u00eds sudamericanos, un grande del continente est\u00e1 interesado en contar con \u00e9l para 2022, y<strong> el volante creativo estar\u00eda dispuesto al menos a escuchar la oferta y le abre una puerta a otra etapa en Brasil. <\/strong>Pero no es Santos el que pica en punta&#8230;<\/p>\n<div class=\"sp__SM\">\n<div class=\"content-new \">\n<span class=\"tit-mobile\">Mir\u00e1 tambi\u00e9n<\/span><\/p>\n<div class=\"mg\">\n<div class=\"wrap-figure\">\n<picture>\n<a href=\"https:\/\/www.ole.com.ar\/seleccion\/fecha-confirmada-argentina-italia_0_UHp1Zmdhc.html\" target=\"_self\" rel=\"noopener noreferrer\"><br \/>\n<img class=\"img-responsive\" alt=\"Confirmado Argentina - Italia en Londres\" src=\"http:\/\/hoycordobaweb.com\/wp-content\/uploads\/2021\/12\/bombazo-soteldo-puede-volver-a-brasil-y-no-a-santos-3.jpg\" loading=\"lazy\"><br \/>\n<\/a>\n<\/picture>\n<\/div>\n<\/div><\/div>\n<\/div>\n<h2><strong>NO SE CONFORMA<\/strong><\/h2>\n<p>El equipo que estar\u00eda tras los pasos de Soteldo es nada menos que el <strong><a alt=\"palmeiras\" class=\"slug\" href=\"https:\/\/www.ole.com.ar\/tema\/palmeiras.html\" target=\"_blank\" title=\"palmeiras\" rel=\"noopener noreferrer\">Palmeiras<\/a><\/strong>, que viene de consagrarse campe\u00f3n de la Copa Libertadores y cuenta con un plantel top en Am\u00e9rica, pero igual pretende seguir haciendo inversiones fuertes y parte del dinero que tiene destinado a incorporaciones est<strong>ar\u00eda dispuesto a gastarlo en el jugador ex<a alt=\"universidad-de-chile\" class=\"slug\" href=\"https:\/\/www.ole.com.ar\/tema\/universidad-de-chile.html\" target=\"_blank\" title=\"universidad-de-chile\" rel=\"noopener noreferrer\"> Universidad de Chile.<\/a><\/strong><\/p>\n<div class=\"sp__SM\">\n<div class=\"content-new \">\n<span class=\"tit-mobile\">Mir\u00e1 tambi\u00e9n<\/span><\/p>\n<div class=\"mg\">\n<div class=\"wrap-figure\">\n<picture>\n<a href=\"https:\/\/www.ole.com.ar\/boca-juniors\/avalos-boca-interes-refuerzo_0_A6m_k-au7.html\" target=\"_self\" rel=\"noopener noreferrer\"><br \/>\n<img class=\"img-responsive\" alt=\"\u00c1valos: &quot;Me llamaron para jugar en Boca&quot;\" src=\"http:\/\/hoycordobaweb.com\/wp-content\/uploads\/2021\/12\/bombazo-soteldo-puede-volver-a-brasil-y-no-a-santos-4.jpg\" loading=\"lazy\"><br \/>\n<\/a>\n<\/picture>\n<\/div>\n<\/div><\/div>\n<\/div>\n<div class=\"sp__Normal\">\n<div class=\"image-embeb image-trigger\" readability=\"6\">\n<picture><source media=\"(min-width: 720px)\" srcset=\"http:\/\/hoycordobaweb.com\/wp-content\/uploads\/2021\/12\/bombazo-soteldo-puede-volver-a-brasil-y-no-a-santos-5.jpg\"><img itemprop=\"image\" src=\"http:\/\/hoycordobaweb.com\/wp-content\/uploads\/2021\/12\/bombazo-soteldo-puede-volver-a-brasil-y-no-a-santos-5.jpg\" loading=\"lazy\" alt=\"Soteldo perdi\u00f3 protagonismo en la selecci\u00f3n de Venezuela. EFE\">\n<\/picture><figcaption readability=\"2\">\n<p>Soteldo perdi\u00f3 protagonismo en la selecci\u00f3n de Venezuela. EFE\n<\/p>\n<\/figcaption><\/div>\n<\/div>\n<p>Resulta extra\u00f1o que Toronto venda a un jugador tan prometedor de apenas 24 a\u00f1os y con tan buenos rendimientos en el f\u00fatbol sudamericano. <strong>Pero los n\u00fameros revelan el rendimiento de Soteldo en estos meses en Norteam\u00e9rica: apenas tres goles en 24 partidos, una cifra bien distinta de las que cosech\u00f3 en sus actuaciones en Santos<\/strong>, por ejemplo. <\/p>\n<div class=\"sp__SM\">\n<div class=\"content-new \">\n<span class=\"tit-mobile\">Mir\u00e1 tambi\u00e9n<\/span><\/p>\n<div class=\"mg\">\n<div class=\"wrap-figure\">\n<picture>\n<a href=\"https:\/\/www.ole.com.ar\/boca-juniors\/racha-boca-penales_0_pU1f2odoK.html\" target=\"_self\" rel=\"noopener noreferrer\"><br \/>\n<img class=\"img-responsive\" alt=\"La tremenda racha de Boca en los penales: 17 remates y otra serie adentro\" src=\"http:\/\/hoycordobaweb.com\/wp-content\/uploads\/2021\/12\/bombazo-soteldo-puede-volver-a-brasil-y-no-a-santos-6.jpg\" loading=\"lazy\"><br \/>\n<\/a>\n<\/picture>\n<\/div>\n<\/div><\/div>\n<\/div>\n<p>Si ya le hab\u00eda costado asumir protagonismo, la llegada de un nuevo t\u00e9cnico hace algunas semanas puso un manto de duda todav\u00eda m\u00e1s grande sobre su continuidad<strong>. En Canad\u00e1<a data-cke-saved-href=\"https:\/\/www.ole.com.ar\/futbol-internacional\/america\/unidos-futuro-bob-bradley_0_yjTwIDgQJ.html\" target=\"_blank\" href=\"https:\/\/www.ole.com.ar\/futbol-internacional\/america\/unidos-futuro-bob-bradley_0_yjTwIDgQJ.html\" rel=\"noopener noreferrer\"> se especulaba sobre una posible salida por su bajo nivel<\/a>, y el arribo de Bob Bradley amenaza todav\u00eda m\u00e1s con su futuro en la MLS.<\/strong><\/p>\n<div class=\"sp__SM\">\n<div class=\"content-new \">\n<span class=\"tit-mobile\">Mir\u00e1 tambi\u00e9n<\/span><\/p>\n<div class=\"mg\">\n<div class=\"wrap-figure\">\n<picture>\n<a href=\"https:\/\/www.ole.com.ar\/boca-juniors\/boca-barcelona-rossi-penales_0_xWEhhwgf9.html\" target=\"_self\" rel=\"noopener noreferrer\"><br \/>\n<img class=\"img-responsive\" alt=\"Rossi, otra vez h\u00e9roe: &quot;Una alegr\u00eda m\u00e1s&quot;\" src=\"http:\/\/hoycordobaweb.com\/wp-content\/uploads\/2021\/12\/bombazo-soteldo-puede-volver-a-brasil-y-no-a-santos-7.jpg\" loading=\"lazy\"><br \/>\n<\/a>\n<\/picture>\n<\/div>\n<\/div><\/div>\n<\/div>\n<h2><strong>\u00bfCU\u00c1NTAS CHANCES EXISTEN?<\/strong><\/h2>\n<p>Desde un vivo que realiza UOL Esporte con toda la informaci\u00f3n del Verdao, afirmaron que el equipo planea contratar nuevos futbolistas para refrescar a un plantel que viene de ser bicampe\u00f3n de Am\u00e9rica. Ante algunos rumores sobre delanteros, los <strong>periodistas aseguraron que el nombre de Soteldo realmente toma fuerza, aunque las negociaciones todav\u00eda no comenzaron.<\/strong><\/p>\n<div class=\"sp__SM\">\n<div class=\"content-new \">\n<span class=\"tit-mobile\">Mir\u00e1 tambi\u00e9n<\/span><\/p>\n<div class=\"mg\">\n<div class=\"wrap-figure\">\n<picture>\n<a href=\"https:\/\/www.ole.com.ar\/poli\/premios-olimpia-oro_0_l9h9DCt9W.html\" target=\"_self\" rel=\"noopener noreferrer\"><br \/>\n<img class=\"img-responsive\" alt=\"Messi y Schwartzman ganaron los Olimpia de Oro\" src=\"http:\/\/hoycordobaweb.com\/wp-content\/uploads\/2021\/12\/bombazo-soteldo-puede-volver-a-brasil-y-no-a-santos-8.jpg\" loading=\"lazy\"><br \/>\n<\/a>\n<\/picture>\n<\/div>\n<\/div><\/div>\n<\/div>\n<p>El medio cont\u00f3 que todav\u00eda no hubo negociaciones oficiales entre los directivos de Palmeiras y miembros de la dirigencia de Toronto o parte del entorno del futbolista, aunque tambi\u00e9n reconocieron que la actual dirigencia del club paulista se mueve <strong>con bastante sigilo y logran cerrar estos acuerdos en silencio.<\/strong><\/p>\n<div class=\"sp__SM\">\n<div class=\"content-new \">\n<span class=\"tit-mobile\">Mir\u00e1 tambi\u00e9n<\/span><\/p>\n<div class=\"mg\">\n<div class=\"wrap-figure\">\n<picture>\n<a href=\"https:\/\/www.ole.com.ar\/boca-juniors\/boca-barcelona-historial_0_FAmm9uVQg.html\" target=\"_self\" rel=\"noopener noreferrer\"><br \/>\n<img class=\"img-responsive\" alt=\"C\u00f3mo qued\u00f3 el historial entre Boca y Barcelona\" src=\"http:\/\/hoycordobaweb.com\/wp-content\/uploads\/2021\/12\/bombazo-soteldo-puede-volver-a-brasil-y-no-a-santos-9.jpg\" loading=\"lazy\"><br \/>\n<\/a>\n<\/picture>\n<\/div>\n<\/div><\/div>\n<\/div>\n<h2><strong>\u00bfQU\u00c9 QUIERE HACER SOTELDO?<\/strong><\/h2>\n<p>Yefferson no se ha expresado todav\u00eda sobre sus intenciones, aunque muchos afirman que no haberse aclimatado al f\u00fatbol norteamericano permite que los hinchas del Verdao se ilusionen con su llegada. de hecho, hace poco el presidente de <strong>Toronto hab\u00eda contado que no descartaba ninguna chance al respecto del futuro del venezolano.<\/strong><\/p>\n<div class=\"sp__SM\">\n<div class=\"content-new \">\n<span class=\"tit-mobile\">Mir\u00e1 tambi\u00e9n<\/span><\/p>\n<div class=\"mg\">\n<div class=\"wrap-figure\">\n<picture>\n<a href=\"https:\/\/www.ole.com.ar\/messi\/messi-mejor-once-temporada-fifpro_0_fMbPFt-ke.html\" target=\"_self\" rel=\"noopener noreferrer\"><br \/>\n<img class=\"img-responsive\" alt=\"Messi: nominado a integrar el mejor XI de la temporada de FIFPro\" src=\"http:\/\/hoycordobaweb.com\/wp-content\/uploads\/2021\/12\/bombazo-soteldo-puede-volver-a-brasil-y-no-a-santos-10.jpg\" loading=\"lazy\"><br \/>\n<\/a>\n<\/picture>\n<\/div>\n<\/div><\/div>\n<\/div>\n<div class=\"sp__Normal\">\n<div class=\"image-embeb image-trigger\">\n<picture><source media=\"(min-width: 720px)\" srcset=\"http:\/\/hoycordobaweb.com\/wp-content\/uploads\/2021\/12\/bombazo-soteldo-puede-volver-a-brasil-y-no-a-santos-11.jpg\"><img itemprop=\"image\" src=\"http:\/\/hoycordobaweb.com\/wp-content\/uploads\/2021\/12\/bombazo-soteldo-puede-volver-a-brasil-y-no-a-santos-11.jpg\" loading=\"lazy\" alt=\"Soteldo y Messi. Reuter.\">\n<\/picture><figcaption>\n<p>Soteldo y Messi. Reuter.\n<\/p>\n<\/figcaption><\/div>\n<\/div>\n<p><strong>\u00abTodas las puertas est\u00e1n abiertas con nosotros en este momento. Est\u00e1n bajo contrato, pero tambi\u00e9n hablaremos con todos dependiendo de las posibilidades y opciones para mejorar y crear un equipo ganador\u00bb<\/strong>, hab\u00eda dicho Bill Manning hace algunos d\u00edas. Despu\u00e9s intent\u00f3 bajarle la espuma a los comentarios.<\/p>\n<div class=\"sp__SM\">\n<div class=\"content-new \">\n<span class=\"tit-mobile\">Mir\u00e1 tambi\u00e9n<\/span><\/p>\n<div class=\"mg\">\n<div class=\"wrap-figure\">\n<picture>\n<a href=\"https:\/\/www.ole.com.ar\/boca-juniors\/fotos-idolos-boca-barcelona_0_RR88zAtmx.html\" target=\"_self\" rel=\"noopener noreferrer\"><br \/>\n<img class=\"img-responsive\" alt=\"Las fotos con los \u00eddolos de los jugadores de Boca\" src=\"http:\/\/hoycordobaweb.com\/wp-content\/uploads\/2021\/12\/bombazo-soteldo-puede-volver-a-brasil-y-no-a-santos-12.jpg\" loading=\"lazy\"><br \/>\n<\/a>\n<\/picture>\n<\/div>\n<\/div><\/div>\n<\/div>\n<p><strong>\u00abSi me dieran un d\u00f3lar por cada rumor falso, ser\u00eda millonario. Yeferson est\u00e1 bajo contrato, vamos a gastar tiempo con Bob revisando la plantilla, pero no gastar\u00eda mucho tiempo en esos rumores\u00bb<\/strong>, afirm\u00f3. Toronto pag\u00f3 casi seis millones de d\u00f3lares por Soteldo, por lo que seguramente pretender\u00e1 recuperar parte de la inversi\u00f3n.<\/p>\n<div class=\"sp__SM\">\n<div class=\"content-new \">\n<span class=\"tit-mobile\">Mir\u00e1 tambi\u00e9n<\/span><\/p>\n<div class=\"mg\">\n<div class=\"wrap-figure\">\n<picture>\n<a href=\"https:\/\/www.ole.com.ar\/boca-juniors\/x-barcelona_0_7iwf_zXsR.html\" target=\"_self\" rel=\"noopener noreferrer\"><br \/>\n<img class=\"img-responsive\" alt=\"El uno x uno del Barcelona frente a Boca\" src=\"http:\/\/hoycordobaweb.com\/wp-content\/uploads\/2021\/12\/bombazo-soteldo-puede-volver-a-brasil-y-no-a-santos-13.jpg\" loading=\"lazy\"><br \/>\n<\/a>\n<\/picture>\n<\/div>\n<\/div><\/div>\n<\/div>\n<div class=\"entry-tags\">\n<h2>TEMAS QUE APARECEN EN ESTA NOTA<\/h2>\n<\/p><\/div>\n","protected":false},"excerpt":{"rendered":"<p>Yeferson Soteldo dej\u00f3 Santos hace apenas unos meses, en abril de 2021, para ir al f\u00fatbol norteamericano, m\u00e1s precisamente al equipo canadiense Toronto FC, que compite en la MLS de Estados Unidos. Sin embargo, esa excursi\u00f3n del venezolano parece tener fecha de vencimiento demasiado pronto y como principal opci\u00f3n aparece el regreso a Brasil. Mir\u00e1 [&hellip;]<\/p>\n","protected":false},"author":1,"featured_media":34297,"comment_status":"open","ping_status":"closed","sticky":false,"template":"","format":"standard","meta":[],"categories":[16],"tags":[],"_links":{"self":[{"href":"http:\/\/hoycordobaweb.com\/index.php\/wp-json\/wp\/v2\/posts\/34296"}],"collection":[{"href":"http:\/\/hoycordobaweb.com\/index.php\/wp-json\/wp\/v2\/posts"}],"about":[{"href":"http:\/\/hoycordobaweb.com\/index.php\/wp-json\/wp\/v2\/types\/post"}],"author":[{"embeddable":true,"href":"http:\/\/hoycordobaweb.com\/index.php\/wp-json\/wp\/v2\/users\/1"}],"replies":[{"embeddable":true,"href":"http:\/\/hoycordobaweb.com\/index.php\/wp-json\/wp\/v2\/comments?post=34296"}],"version-history":[{"count":0,"href":"http:\/\/hoycordobaweb.com\/index.php\/wp-json\/wp\/v2\/posts\/34296\/revisions"}],"wp:featuredmedia":[{"embeddable":true,"href":"http:\/\/hoycordobaweb.com\/index.php\/wp-json\/wp\/v2\/media\/34297"}],"wp:attachment":[{"href":"http:\/\/hoycordobaweb.com\/index.php\/wp-json\/wp\/v2\/media?parent=34296"}],"wp:term":[{"taxonomy":"category","embeddable":true,"href":"http:\/\/hoycordobaweb.com\/index.php\/wp-json\/wp\/v2\/categories?post=34296"},{"taxonomy":"post_tag","embeddable":true,"href":"http:\/\/hoycordobaweb.com\/index.php\/wp-json\/wp\/v2\/tags?post=34296"}],"curies":[{"name":"wp","href":"https:\/\/api.w.org\/{rel}","templated":true}]}}