{"id":34273,"date":"2021-12-15T12:52:34","date_gmt":"2021-12-15T12:52:34","guid":{"rendered":"https:\/\/www.espinof.com\/trailers\/intenso-trailer-edad-ira-manu-rios-protagoniza-nueva-miniserie-juvenil-atresplayer"},"modified":"2021-12-15T12:52:34","modified_gmt":"2021-12-15T12:52:34","slug":"intenso-trailer-de-la-edad-de-la-ira-manu-rios-protagoniza-la-nueva-miniserie-juvenil-de-atresplayer","status":"publish","type":"post","link":"http:\/\/hoycordobaweb.com\/index.php\/2021\/12\/15\/intenso-trailer-de-la-edad-de-la-ira-manu-rios-protagoniza-la-nueva-miniserie-juvenil-de-atresplayer\/","title":{"rendered":"Intenso tr\u00e1iler de &#8216;La edad de la ira&#8217;: Manu R\u00edos protagoniza la nueva miniserie juvenil de Atresplayer"},"content":{"rendered":"<p>La <a href=\"https:\/\/www.espinof.com\/series-de-ficcion\/atresplayer-anuncia-continuacion-veneno-renueva-cardo-protegidos-regreso-temporada-2\">continuaci\u00f3n de &#8216;Veneno&#8217;<\/a> y el <a href=\"https:\/\/www.espinof.com\/series-de-ficcion\/paso-adelante-vuelve-academia-carmen-arranz-reabre-sus-puertas-atresplayer-upa-next\">regreso de &#8216;Un paso adelante&#8217;<\/a> no son las \u00fanicas novedades que ha presentado <a href=\"http:\/\/atresplayer.com\">ATRESplayer Premium<\/a> en estos d\u00edas ya que la plataforma ha lanzado el primer <strong>tr\u00e1iler de &#8216;La edad de la ira&#8217;, una de sus prometedoras nuevas miniseries para 2022<\/strong>.<\/p>\n<p><!-- BREAK 1 --><\/p>\n<p>La serie comienza con el <strong>brutal asesinato de un hombre a manos, aparentemente, de su propio hijo<\/strong>. Pero algo no cuadra en ello, ya que Marcos es un chico popular y ejemplar. Esto hace que todo el mundo se pregunte qu\u00e9 ha podido pasar y si, efectivamente, fue \u00e9l el parricida.<\/p>\n<p><!-- BREAK 2 --> <\/p>\n<div class=\"article-asset article-asset-normal article-asset-center\">\n<div class=\"desvio-container\">\n<div class=\"desvio\">\n<div class=\"desvio-figure js-desvio-figure\"> <a href=\"https:\/\/www.espinof.com\/listas\/mejores-series-espanolas-que-puedes-ver-netflix-hbo-amazon-movistar-otros-servicios-vod\"> <img alt=\"Las 34 mejores series espa\u00f1olas que puedes ver en Netflix, HBO, Amazon, Movistar+ y otras plataformas de VOD\" src=\"http:\/\/hoycordobaweb.com\/wp-content\/uploads\/2021\/12\/intenso-trailer-de-la-edad-de-la-ira-manu-rios-protagoniza-la-nueva-miniserie-juvenil-de-atresplayer.jpg\"> <\/a> <\/div><\/div><\/div>\n<\/div>\n<p><strong>Luc\u00eda Carballal y Juanma Ruiz de C\u00f3rdoba <\/strong>son los encargados de escribir esta miniserie, que cuenta con cuatro episodios en los que prometen indagar cada vez m\u00e1s en la vida y el entorno de este joven. Con un estreno programado para <strong>principios de 2022<\/strong>, se trata de la adaptaci\u00f3n de la novela hom\u00f3nima de Nando L\u00f3pez.<\/p>\n<p><!-- BREAK 3 --><\/p>\n<p><a href=\"https:\/\/www.espinof.com\/en-rodaje\/manu-rios-protagonizara-edad-ira-atresplayer-anuncia-reparto-serie-basada-popular-novela-juvenil\">Manu R\u00edos interpreta a este joven Marcos<\/a>. El reparto principal se completa con <strong>Amaia Aberasturi, Daniel Ib\u00e1\u00f1ez, Carlos Alcaide y Eloy Azor\u00edn<\/strong>. Adem\u00e1s, veremos a Sara Jim\u00e9nez, Mar\u00eda Morales, Xavi S\u00e1ez, Eleazar Ortiz, \u00c1lvaro Larr\u00e1n, Dani Sabiti, Daniel Cabrera, Oriol Franco, Markos Mar\u00edn, Roc\u00edo Mu\u00f1oz-Cobo, Sara Deray, Joan Pedrola y Marina F\u00e1bregas.<\/p>\n<p><!-- BREAK 4 --> <\/p>\n","protected":false},"excerpt":{"rendered":"<p>La continuaci\u00f3n de &#8216;Veneno&#8217; y el regreso de &#8216;Un paso adelante&#8217; no son las \u00fanicas novedades que ha presentado ATRESplayer Premium en estos d\u00edas ya que la plataforma ha lanzado el primer tr\u00e1iler de &#8216;La edad de la ira&#8217;, una de sus prometedoras nuevas miniseries para 2022. La serie comienza con el brutal asesinato de [&hellip;]<\/p>\n","protected":false},"author":1,"featured_media":34274,"comment_status":"open","ping_status":"closed","sticky":false,"template":"","format":"standard","meta":[],"categories":[1],"tags":[],"_links":{"self":[{"href":"http:\/\/hoycordobaweb.com\/index.php\/wp-json\/wp\/v2\/posts\/34273"}],"collection":[{"href":"http:\/\/hoycordobaweb.com\/index.php\/wp-json\/wp\/v2\/posts"}],"about":[{"href":"http:\/\/hoycordobaweb.com\/index.php\/wp-json\/wp\/v2\/types\/post"}],"author":[{"embeddable":true,"href":"http:\/\/hoycordobaweb.com\/index.php\/wp-json\/wp\/v2\/users\/1"}],"replies":[{"embeddable":true,"href":"http:\/\/hoycordobaweb.com\/index.php\/wp-json\/wp\/v2\/comments?post=34273"}],"version-history":[{"count":0,"href":"http:\/\/hoycordobaweb.com\/index.php\/wp-json\/wp\/v2\/posts\/34273\/revisions"}],"wp:featuredmedia":[{"embeddable":true,"href":"http:\/\/hoycordobaweb.com\/index.php\/wp-json\/wp\/v2\/media\/34274"}],"wp:attachment":[{"href":"http:\/\/hoycordobaweb.com\/index.php\/wp-json\/wp\/v2\/media?parent=34273"}],"wp:term":[{"taxonomy":"category","embeddable":true,"href":"http:\/\/hoycordobaweb.com\/index.php\/wp-json\/wp\/v2\/categories?post=34273"},{"taxonomy":"post_tag","embeddable":true,"href":"http:\/\/hoycordobaweb.com\/index.php\/wp-json\/wp\/v2\/tags?post=34273"}],"curies":[{"name":"wp","href":"https:\/\/api.w.org\/{rel}","templated":true}]}}