{"id":34270,"date":"2021-12-15T14:17:00","date_gmt":"2021-12-15T14:17:00","guid":{"rendered":"http:\/\/hoycordobaweb.com\/index.php\/2021\/12\/15\/el-abogado-confia-en-la-libertad-de-bebelo-reynoso-acusado-de-actos-de-violencia\/"},"modified":"2021-12-15T14:17:00","modified_gmt":"2021-12-15T14:17:00","slug":"el-abogado-confia-en-la-libertad-de-bebelo-reynoso-acusado-de-actos-de-violencia","status":"publish","type":"post","link":"http:\/\/hoycordobaweb.com\/index.php\/2021\/12\/15\/el-abogado-confia-en-la-libertad-de-bebelo-reynoso-acusado-de-actos-de-violencia\/","title":{"rendered":"El abogado conf\u00eda en la libertad de \u00abBebelo\u00bb Reynoso, acusado de actos de violencia"},"content":{"rendered":"<p><img src=\"http:\/\/hoycordobaweb.com\/wp-content\/uploads\/2021\/12\/el-abogado-confia-en-la-libertad-de-bebelo-reynoso-acusado-de-actos-de-violencia.jpg\"><\/p>\n<figure class=\"mb-3\"><img loading=\"lazy\" src=\"http:\/\/hoycordobaweb.com\/wp-content\/uploads\/2021\/12\/el-abogado-confia-en-la-libertad-de-bebelo-reynoso-acusado-de-actos-de-violencia-2.jpg\" width=\"100%\" height=\"100%\" alt=\"Reynoso fue indagado el martes \"><figcaption> Reynoso fue indagado el martes <\/figcaption><\/figure>\n<p>La defensa del futbolista cordob\u00e9s Emanuel &#8216;Bebelo&#8217; Reynoso, que se desempe\u00f1a en el club de Minnesota United de Estados Unidos, reafirm\u00f3 que el deportista detenido<strong> \u00abno tuvo nada que ver\u00bb <\/strong>con los supuestos hechos de violencia que lo involucran, por lo tanto se manifest\u00f3 confiado en que va a \u00abrecuperar la libertad\u00bb.<\/p>\n<p><strong>Reynoso fue indagado el martes<\/strong> y, seg\u00fan su abogado Jorge S\u00e1nchez del Bianco, declar\u00f3 qu<strong>e es \u00abtotalmente ajeno a las denuncias sobre supuestos hechos de violencia\u00bb <\/strong>y que se acreditaron pruebas testimoniales en ese sentido.<\/p>\n<p>Asimismo el letrado, en declaraciones a T\u00e9lam, dijo que el futbolista declar\u00f3 con modalidad virtual desde el penal de Bouwer y al exponer ante la fiscal Milagros Gorgas \u00abestuvo participando de una fiesta privada alejada\u00bb del escenario de los hechos violentos, por lo tanto \u00absi no estuvo en el lugar de los hechos no pudo tener participaci\u00f3n\u00bb, remarc\u00f3.<\/p>\n<p>En ese sentido manifest\u00f3 que<strong> luego de la declaraci\u00f3n indagatoria solicit\u00f3 el<\/strong> <strong>\u00abrecupero de la libertad porque no representa ning\u00fan riesgo procesal para la investigaci\u00f3n\u00bb,<\/strong> plante\u00f3 que la fiscal Gorgas podr\u00eda resolver en los pr\u00f3ximos diez d\u00edas como lo establece el C\u00f3digo Procesal Penal local.<\/p>\n<p>El ex jugador de Talleres de C\u00f3rdoba y Boca <a href=\"https:\/\/www.telam.com.ar\/notas\/202112\/577106-bebelo-reynoso-violencia-cordoba.html\" target=\"_blank\" rel=\"noopener noreferrer\">fue denunciado por tres j\u00f3venes, de entre 17 y 19 a\u00f1os sobre supuestos incidentes que habr\u00edan ocurrido en la madrugada del pasado s\u00e1bado 4 <\/a>cuando el futbolista participaba de una fiesta privada en una vivienda del barrio Chino, en la ciudad de C\u00f3rdoba, en donde a un grupo de j\u00f3venes que pretend\u00eda ser parte del evento le fue negado el ingreso.<\/p>\n<p>Denis (17), el primero que hab\u00eda formulado la denuncia, hab\u00eda afirmado que \u00abBebelo\u00bb Reynoso sali\u00f3 junto a otras personas de la vivienda donde se realizaba la fiesta y le propin\u00f3 un golpe en el rostro con un arma de fuego antes de ser despojado de sus pertenencias (tel\u00e9fono celular y dinero).<\/p>\n<p>Posteriormente se sumaron denuncias de otros dos j\u00f3venes de 18 y 19 a\u00f1os, que estaban junto a Denis, quienes tambi\u00e9n afirmaron que fueron golpeados por el deportista que se encuentra detenido desde el 7 de diciembre \u00faltimo. <\/p>\n","protected":false},"excerpt":{"rendered":"<p>Reynoso fue indagado el martes La defensa del futbolista cordob\u00e9s Emanuel &#8216;Bebelo&#8217; Reynoso, que se desempe\u00f1a en el club de Minnesota United de Estados Unidos, reafirm\u00f3 que el deportista detenido \u00abno tuvo nada que ver\u00bb con los supuestos hechos de violencia que lo involucran, por lo tanto se manifest\u00f3 confiado en que va a \u00abrecuperar [&hellip;]<\/p>\n","protected":false},"author":1,"featured_media":34271,"comment_status":"open","ping_status":"closed","sticky":false,"template":"","format":"standard","meta":[],"categories":[16],"tags":[],"_links":{"self":[{"href":"http:\/\/hoycordobaweb.com\/index.php\/wp-json\/wp\/v2\/posts\/34270"}],"collection":[{"href":"http:\/\/hoycordobaweb.com\/index.php\/wp-json\/wp\/v2\/posts"}],"about":[{"href":"http:\/\/hoycordobaweb.com\/index.php\/wp-json\/wp\/v2\/types\/post"}],"author":[{"embeddable":true,"href":"http:\/\/hoycordobaweb.com\/index.php\/wp-json\/wp\/v2\/users\/1"}],"replies":[{"embeddable":true,"href":"http:\/\/hoycordobaweb.com\/index.php\/wp-json\/wp\/v2\/comments?post=34270"}],"version-history":[{"count":0,"href":"http:\/\/hoycordobaweb.com\/index.php\/wp-json\/wp\/v2\/posts\/34270\/revisions"}],"wp:featuredmedia":[{"embeddable":true,"href":"http:\/\/hoycordobaweb.com\/index.php\/wp-json\/wp\/v2\/media\/34271"}],"wp:attachment":[{"href":"http:\/\/hoycordobaweb.com\/index.php\/wp-json\/wp\/v2\/media?parent=34270"}],"wp:term":[{"taxonomy":"category","embeddable":true,"href":"http:\/\/hoycordobaweb.com\/index.php\/wp-json\/wp\/v2\/categories?post=34270"},{"taxonomy":"post_tag","embeddable":true,"href":"http:\/\/hoycordobaweb.com\/index.php\/wp-json\/wp\/v2\/tags?post=34270"}],"curies":[{"name":"wp","href":"https:\/\/api.w.org\/{rel}","templated":true}]}}