{"id":34258,"date":"2021-12-14T13:15:49","date_gmt":"2021-12-14T13:15:49","guid":{"rendered":"https:\/\/www.mujerhoy.com\/moda\/no-te-pierdas\/joyas-pelo-truco-politicas-espanolas-look-fiesta-navidad-barato-facil-copiar-andrea-levy-20211214141109-nt.html"},"modified":"2021-12-14T13:15:49","modified_gmt":"2021-12-14T13:15:49","slug":"el-truco-facil-de-las-politicas-para-convertir-un-look-basico-en-uno-de-lujo-y-que-vas-a-querer-copiar-estas-fiestas-de-navidad","status":"publish","type":"post","link":"http:\/\/hoycordobaweb.com\/index.php\/2021\/12\/14\/el-truco-facil-de-las-politicas-para-convertir-un-look-basico-en-uno-de-lujo-y-que-vas-a-querer-copiar-estas-fiestas-de-navidad\/","title":{"rendered":"El truco f\u00e1cil de las pol\u00edticas para convertir un look b\u00e1sico en uno de lujo y que vas a querer copiar estas fiestas de Navidad"},"content":{"rendered":"<p><!-- AUTHOR --><!-- COMPONENTS --><\/p>\n<p class=\"voc-paragraph\">En la <a data-voc-vtm-id=\"in-text-traffic\" href=\"https:\/\/www.mujerhoy.com\/celebrities\/alfombra-roja\/premios-forque-2021-famosas-mejor-vestidas-peores-looks-alfombra-roja-paula-echevarria-vestido-zara-20211211224220-ga.html\">alfombra roja de los Premios Forqu\u00e9 <\/a>vimos posar a actrices, presentadoras, influencers y hasta pol\u00edticas. Una cita cinematogr\u00e1fica que reuni\u00f3 a numerosos personajes conocidos que sacaron sus mejores galas para posar ante las c\u00e1maras. All\u00ed vimos un look con <a data-voc-vtm-id=\"in-text-traffic\" href=\"https:\/\/www.mujerhoy.com\/moda\/no-te-pierdas\/collar-tipo-cuello-zara-llevar-con-camisa-parece-lujo-arrasa-famosas-influencers-20211211150425-nt.html\">este collar XL de Zara<\/a> y nos dimos cuenta de que <strong>los complementos hab\u00edan pasado a ser los protagonistas de los mejores looks<\/strong>. Minibolsos, pendientes llamativos o medias de colores fueron algunos de los <strong>accesorios <\/strong>que triunfaron aquella noche. Pero sin duda, el complemento estrella fue el que llev\u00f3 <strong>Andrea Levy<\/strong>.\n<\/p>\n<p class=\"voc-paragraph\">Una vez m\u00e1s las pol\u00edticas fueron las mejor vestidas de la cita y en este caso fue Levy quien se coron\u00f3 gracias a un look sobrio y sencillo al que dio una vuelta de tuerca gracias a los complementos y el maquillaje. La pol\u00edtica del Partido Popular escogi\u00f3 un bonito <strong>vestido negro <\/strong>de corte recto, mango corta y escote cuadrado de <strong>Lorenzo Caprile<\/strong> que acompa\u00f1\u00f3 de una<br \/>\n<strong> peineta joya en forma de estrella de Suma Cruz<\/strong>.\n<\/p>\n<div class=\"voc-detail__cmp\">\n<div class=\"voc-article-container\">\n<article class=\"voc-article voc-article--cmp-photo-text\">\n<div class=\"voc-img-container\"><picture>\n<div class=\"voc-horizontal voc-img-icon-link\"><img class=\"lazy\" loading=\"lazy\" data-original=\"\/\/static2.mujerhoy.com\/www\/multimedia\/202112\/13\/media\/cortadas\/andrea-levy-tocado-horquillas-joya-kayF--624x624@MujerHoy.jpg\" alt><\/div>\n<\/picture>\n<p class=\"figure-caption \"><span class=\"voc-photo-author\"> gtres <\/span><\/p>\n<\/div>\n<\/article>\n<\/div>\n<\/div>\n<p class=\"voc-paragraph\">Se trata de un accesorio de la firma de lujo que est\u00e1 <strong>inspirado en las divas de los a\u00f1os treinta<\/strong>. Una pieza que est\u00e1 elaborada a mano y que cuesta <strong>260 euros<\/strong>. Como se puede apreciar en la imagen, no ha sido la \u00fanica que ha llevado, pues Andrea Levy opt\u00f3 por combinar varias en un lateral de la cabeza y acompa\u00f1ando as\u00ed ese recogido bajo con raya al medio.\n<\/p>\n<div class=\"voc-detail__cmp\">\n<div class=\"voc-article-container\">\n<article class=\"voc-article voc-article--cmp-photo-text\">\n<div class=\"voc-img-container\"><picture>\n<div class=\"voc-horizontal voc-img-icon-link\"><img class=\"lazy\" loading=\"lazy\" data-original=\"\/\/static2.mujerhoy.com\/www\/multimedia\/202112\/13\/media\/cortadas\/peneta-joya-pelo-kayF--624x624@MujerHoy.jpg\" alt><\/div>\n<\/picture>\n<p class=\"figure-caption \"><span class=\"voc-photo-author\"> suma cruz <\/span><\/p>\n<\/div>\n<\/article>\n<\/div>\n<\/div>\n<p class=\"voc-paragraph\">Una opci\u00f3n que gust\u00f3 much\u00edsimo, que ha sido muy aplaudida y que ha vuelto a repetir -aunque de manera m\u00e1s sencilla- d\u00edas despu\u00e9s. Ha sido para <strong>asistir a la \u00f3pera<\/strong> cuando la abogada ha escogido de nuevo los complementos en el pelo, esta vez unos <strong>clips que ha lucido en la raya y en un lateral<\/strong> y que, deducimos, tambi\u00e9n son de la misma firma. Parece haber encontrado un buen aliado para hacer de sus<br \/>\n<strong> looks b\u00e1sicos unos muy sofisticados<\/strong> y no se equivoca.\n<\/p>\n<div class=\"voc-detail__cmp\">\n<div class=\"voc-article-container\">\n<article class=\"voc-article voc-article--cmp-photo-text\">\n<div class=\"voc-img-container\"><picture>\n<div class=\"voc-horizontal voc-img-icon-link\"><img class=\"lazy\" loading=\"lazy\" data-original=\"\/\/static2.mujerhoy.com\/www\/multimedia\/202112\/13\/media\/cortadas\/andrea-levy-looks-politicas-kayF--624x624@MujerHoy.jpg\" alt><\/div>\n<\/picture>\n<p class=\"figure-caption \"><span class=\"voc-photo-author\"> gtres <\/span><\/p>\n<\/div>\n<\/article>\n<\/div>\n<\/div>\n<p class=\"voc-paragraph\">De hecho, <strong>Piluka de Echegaray<\/strong>, experta en Imagen Personal y estilista de &#8216;celebs&#8217; como Ana de Armas, aprueba la decisi\u00f3n de la pol\u00edtica: \u00abHa dejado <strong>un outfit limpio en el que el \u00fanico protagonista es el vestido<\/strong>, sobrio, sin joyas y dejando a la vista su maquillaje que resalta las facciones de su cara de una forma muy elegante. Y es que, las joyas no siempre tienen que ir colgadas en las manos o en el cuello, tambi\u00e9n pueden ir en el pelo\u00ab.\n<\/p>\n<p class=\"voc-paragraph\">Unas joyas muy originales que la experta aprueba y aconseja para todo tipo de edades: \u00abEste tipo de joyas no son v\u00e1lidas para todo el mundo porque <strong>necesitan un cabello recogido<\/strong>, por lo tanto requieren visagismo espec\u00edfico al que le favorezca ese recogido tan pegado. Y pienso que <strong>son perfectas a cualquier edad<\/strong>, depende m\u00e1s del estilo y las caracter\u00edsticas de la persona\u00ab. \u00bfTe atreves con ellas? Es un buen truco para copiar en Navidad.\n<\/p>\n<div class=\"voc-detail__cmp voc-detail__cmp--pad-lr voc-detail__cmp--pad-lr--bdr\">\n<div class=\"voc-ficha-detail__wrapper\">\n<section class=\"voc-ficha-detail\">\n<h4 class=\"voc-ficha-detail-title voc-title-section\">te recomendamos<\/h4>\n<\/section>\n<\/div>\n<\/div>\n<p><!-- TOPICS --><\/p>\n","protected":false},"excerpt":{"rendered":"<p>En la alfombra roja de los Premios Forqu\u00e9 vimos posar a actrices, presentadoras, influencers y hasta pol\u00edticas. Una cita cinematogr\u00e1fica que reuni\u00f3 a numerosos personajes conocidos que sacaron sus mejores galas para posar ante las c\u00e1maras. All\u00ed vimos un look con este collar XL de Zara y nos dimos cuenta de que los complementos hab\u00edan [&hellip;]<\/p>\n","protected":false},"author":1,"featured_media":34259,"comment_status":"closed","ping_status":"closed","sticky":false,"template":"","format":"standard","meta":[],"categories":[1],"tags":[],"_links":{"self":[{"href":"http:\/\/hoycordobaweb.com\/index.php\/wp-json\/wp\/v2\/posts\/34258"}],"collection":[{"href":"http:\/\/hoycordobaweb.com\/index.php\/wp-json\/wp\/v2\/posts"}],"about":[{"href":"http:\/\/hoycordobaweb.com\/index.php\/wp-json\/wp\/v2\/types\/post"}],"author":[{"embeddable":true,"href":"http:\/\/hoycordobaweb.com\/index.php\/wp-json\/wp\/v2\/users\/1"}],"replies":[{"embeddable":true,"href":"http:\/\/hoycordobaweb.com\/index.php\/wp-json\/wp\/v2\/comments?post=34258"}],"version-history":[{"count":0,"href":"http:\/\/hoycordobaweb.com\/index.php\/wp-json\/wp\/v2\/posts\/34258\/revisions"}],"wp:featuredmedia":[{"embeddable":true,"href":"http:\/\/hoycordobaweb.com\/index.php\/wp-json\/wp\/v2\/media\/34259"}],"wp:attachment":[{"href":"http:\/\/hoycordobaweb.com\/index.php\/wp-json\/wp\/v2\/media?parent=34258"}],"wp:term":[{"taxonomy":"category","embeddable":true,"href":"http:\/\/hoycordobaweb.com\/index.php\/wp-json\/wp\/v2\/categories?post=34258"},{"taxonomy":"post_tag","embeddable":true,"href":"http:\/\/hoycordobaweb.com\/index.php\/wp-json\/wp\/v2\/tags?post=34258"}],"curies":[{"name":"wp","href":"https:\/\/api.w.org\/{rel}","templated":true}]}}