{"id":34208,"date":"2021-12-13T12:50:28","date_gmt":"2021-12-13T12:50:28","guid":{"rendered":"https:\/\/www.mujerhoy.com\/moda\/no-te-pierdas\/abrigos-lana-mango-clasicos-elegantes-comodos-estilizan-calentitos-20211213114247-nt.html"},"modified":"2021-12-13T12:50:28","modified_gmt":"2021-12-13T12:50:28","slug":"cinco-abrigos-clasicos-de-lana-que-puedes-encontrar-en-mango-elegantes-y-comodos-estilizan-y-son-perfectos-para-el-frio","status":"publish","type":"post","link":"http:\/\/hoycordobaweb.com\/index.php\/2021\/12\/13\/cinco-abrigos-clasicos-de-lana-que-puedes-encontrar-en-mango-elegantes-y-comodos-estilizan-y-son-perfectos-para-el-frio\/","title":{"rendered":"Cinco abrigos cl\u00e1sicos de lana que puedes encontrar en Mango: elegantes y c\u00f3modos (estilizan y son perfectos para el fr\u00edo)"},"content":{"rendered":"<p><!-- AUTHOR --><!-- COMPONENTS --><\/p>\n<p class=\"voc-paragraph\">Los abrigos de lana son la mejor opci\u00f3n <strong>para no pasar fr\u00edo<\/strong> durante los meses de invierno. No solo son muy calentitos, sino que adem\u00e1s son los m\u00e1s <a data-voc-vtm-id=\"in-text-traffic\" href=\"https:\/\/www.mujerhoy.com\/moda\/no-te-pierdas\/cazadora-denim-uterque-elegante-pata-gallo-corazones-20211211094238-nt.html\">elegantes <\/a>y vers\u00e1tiles. Si a\u00fan no te has hecho con uno, sigue leyendo porque hoy te traemos algunas buenas opciones que son perfectas para tus <a data-voc-vtm-id=\"in-text-traffic\" href=\"https:\/\/www.mujerhoy.com\/moda\/no-te-pierdas\/toni-moreno-abrigo-negro-estilo-militar-made-in-spain-triunfa-instagram-looks-botas-20211208090947-nt.html\">looks con botas<\/a>. Las hemos encontrado en <a data-voc-vtm-id=\"in-text-traffic\" href=\"https:\/\/www.mujerhoy.com\/moda\/no-te-pierdas\/blanca-suarez-abrigo-doble-faz-stradivarius-mango-bershka-barato-tendencia-calentito-20211208131711-nt.html\">Mango <\/a>y hay para todos los gustos.\n<\/p>\n<div class=\"voc-detail-photo-zoom\"><picture data-toggle=\"modal\" data-target=\"#photoZoomModal-602\" target=\"modal\">\n<div class=\"voc-img-icon-link\"><img loading=\"lazy\" data-original=\"\/\/static1.mujerhoy.com\/www\/multimedia\/202112\/13\/media\/cortadas\/abrigos-lana-mango-1-kTfH--460x637@MujerHoy.jpg\" class=\"lazy\" alt=\"El abrigo con estampado de pata de gallo tiene el cuello de pico\"><noscript><img src=\"http:\/\/hoycordobaweb.com\/wp-content\/uploads\/2021\/12\/cinco-abrigos-clasicos-de-lana-que-puedes-encontrar-en-mango-elegantes-y-comodos-estilizan-y-son-perfectos-para-el-frio.jpg\" alt=\"El abrigo con estampado de pata de gallo tiene el cuello de pico\"><\/noscript><i class=\"voc-icons zoom voc-multimedia-box voc-ico-l\"><\/i><\/div><figcaption class=\"figure-caption\">El abrigo con estampado de pata de gallo tiene el cuello de pico<\/figcaption><\/picture><\/div>\n<div id=\"photoZoomModal-602\" class=\"voc-lightbox modal fade voc-lightbox--photo-zoom\" role=\"dialog\" data-voc-photozoom-lightbox>\n<div class=\"voc-lightbox__dialog\" role=\"document\">\n<div class=\"voc-lightbox__content\"><!-- Modal header --><!-- Modal content --><\/p>\n<div class=\"voc-lightbox__photo-container\"><picture class><img loading=\"lazy\" data-original=\"\/\/static1.mujerhoy.com\/www\/multimedia\/202112\/13\/media\/cortadas\/abrigos-lana-mango-1-kTfH--460x637@MujerHoy.jpg\" alt=\"El abrigo con estampado de pata de gallo tiene el cuello de pico\" class=\"lazy\"><noscript><img src=\"http:\/\/hoycordobaweb.com\/wp-content\/uploads\/2021\/12\/cinco-abrigos-clasicos-de-lana-que-puedes-encontrar-en-mango-elegantes-y-comodos-estilizan-y-son-perfectos-para-el-frio.jpg\" alt=\"El abrigo con estampado de pata de gallo tiene el cuello de pico\"><\/noscript><\/picture><\/div>\n<\/div>\n<\/div>\n<\/div>\n<p class=\"voc-paragraph\">El primero es un modelo de color marr\u00f3n <strong>con estampado de pata de gallo<\/strong>. Su dise\u00f1o es largo y recto. Tiene un cuello de pico con solapa. Lo encontrar\u00e1s en todas las tallas (desde la XS hasta la XL). En cuanto a su precio, es de 119 \u20ac.\n<\/p>\n<div class=\"voc-detail-photo-zoom\"><picture data-toggle=\"modal\" data-target=\"#photoZoomModal-728\" target=\"modal\">\n<div class=\"voc-img-icon-link\"><img loading=\"lazy\" data-original=\"\/\/static.mujerhoy.com\/www\/multimedia\/202112\/13\/media\/cortadas\/abrigos-lana-mango-2-kTfH--460x637@MujerHoy.jpg\" class=\"lazy\" alt=\"El abrigo recto de corte medio lo encontar\u00e1s en tallas grandes\"><noscript><img src=\"http:\/\/hoycordobaweb.com\/wp-content\/uploads\/2021\/12\/cinco-abrigos-clasicos-de-lana-que-puedes-encontrar-en-mango-elegantes-y-comodos-estilizan-y-son-perfectos-para-el-frio-1.jpg\" alt=\"El abrigo recto de corte medio lo encontar\u00e1s en tallas grandes\"><\/noscript><i class=\"voc-icons zoom voc-multimedia-box voc-ico-l\"><\/i><\/div><figcaption class=\"figure-caption\">El abrigo recto de corte medio lo encontar\u00e1s en tallas grandes<\/figcaption><\/picture><\/div>\n<div id=\"photoZoomModal-728\" class=\"voc-lightbox modal fade voc-lightbox--photo-zoom\" role=\"dialog\" data-voc-photozoom-lightbox>\n<div class=\"voc-lightbox__dialog\" role=\"document\">\n<div class=\"voc-lightbox__content\"><!-- Modal header --><!-- Modal content --><\/p>\n<div class=\"voc-lightbox__photo-container\"><picture class><img loading=\"lazy\" data-original=\"\/\/static.mujerhoy.com\/www\/multimedia\/202112\/13\/media\/cortadas\/abrigos-lana-mango-2-kTfH--460x637@MujerHoy.jpg\" alt=\"El abrigo recto de corte medio lo encontar\u00e1s en tallas grandes\" class=\"lazy\"><noscript><img src=\"http:\/\/hoycordobaweb.com\/wp-content\/uploads\/2021\/12\/cinco-abrigos-clasicos-de-lana-que-puedes-encontrar-en-mango-elegantes-y-comodos-estilizan-y-son-perfectos-para-el-frio-1.jpg\" alt=\"El abrigo recto de corte medio lo encontar\u00e1s en tallas grandes\"><\/noscript><\/picture><\/div>\n<\/div>\n<\/div>\n<\/div>\n<p class=\"voc-paragraph\">La segunda opci\u00f3n es un abrigo <strong>de dise\u00f1o recto y de corte medio<\/strong>. Cuenta con un cierre de doble abotonadura, as\u00ed como con un cuello de estilo cl\u00e1sico. Est\u00e1 disponible en granate y en negro. Ofrece una gran variedad de tallas (de la XXS a la 4XL), aunque algunas han empezado a agotarse. Tiene un precio de 79 \u20ac.\n<\/p>\n<div class=\"voc-detail-photo-zoom\"><picture data-toggle=\"modal\" data-target=\"#photoZoomModal-948\" target=\"modal\">\n<div class=\"voc-img-icon-link\"><img loading=\"lazy\" data-original=\"\/\/static.mujerhoy.com\/www\/multimedia\/202112\/13\/media\/cortadas\/abrigos-lana-mango-3-kTfH--460x637@MujerHoy.jpg\" class=\"lazy\" alt=\"El modelo largo con doble abotonadura est\u00e1 disponible en marr\u00f3n medio y en negro\"><noscript><img src=\"http:\/\/hoycordobaweb.com\/wp-content\/uploads\/2021\/12\/cinco-abrigos-clasicos-de-lana-que-puedes-encontrar-en-mango-elegantes-y-comodos-estilizan-y-son-perfectos-para-el-frio-2.jpg\" alt=\"El modelo largo con doble abotonadura est\u00e1 disponible en marr\u00f3n medio y en negro\"><\/noscript><i class=\"voc-icons zoom voc-multimedia-box voc-ico-l\"><\/i><\/div><figcaption class=\"figure-caption\">El modelo largo con doble abotonadura est\u00e1 disponible en marr\u00f3n medio y en negro<\/figcaption><\/picture><\/div>\n<div id=\"photoZoomModal-948\" class=\"voc-lightbox modal fade voc-lightbox--photo-zoom\" role=\"dialog\" data-voc-photozoom-lightbox>\n<div class=\"voc-lightbox__dialog\" role=\"document\">\n<div class=\"voc-lightbox__content\"><!-- Modal header --><!-- Modal content --><\/p>\n<div class=\"voc-lightbox__photo-container\"><picture class><img loading=\"lazy\" data-original=\"\/\/static.mujerhoy.com\/www\/multimedia\/202112\/13\/media\/cortadas\/abrigos-lana-mango-3-kTfH--460x637@MujerHoy.jpg\" alt=\"El modelo largo con doble abotonadura est\u00e1 disponible en marr\u00f3n medio y en negro\" class=\"lazy\"><noscript><img src=\"http:\/\/hoycordobaweb.com\/wp-content\/uploads\/2021\/12\/cinco-abrigos-clasicos-de-lana-que-puedes-encontrar-en-mango-elegantes-y-comodos-estilizan-y-son-perfectos-para-el-frio-2.jpg\" alt=\"El modelo largo con doble abotonadura est\u00e1 disponible en marr\u00f3n medio y en negro\"><\/noscript><\/picture><\/div>\n<\/div>\n<\/div>\n<\/div>\n<p class=\"voc-paragraph\">Tienen otro dise\u00f1o con doble abotonadura pero de corte largo. El cuello es <strong>en forma de pico<\/strong> y cuenta con solapa. Lo encontrar\u00e1s en marr\u00f3n medio y en negro. Algunas tallas ya est\u00e1n agotadas, por lo que tendr\u00e1s que comprobar su disponibilidad en la p\u00e1gina web o en una tienda. Cuesta 99 \u20ac.\n<\/p>\n<div class=\"voc-detail-photo-zoom\"><picture data-toggle=\"modal\" data-target=\"#photoZoomModal-346\" target=\"modal\">\n<div class=\"voc-img-icon-link\"><img loading=\"lazy\" data-original=\"\/\/static1.mujerhoy.com\/www\/multimedia\/202112\/13\/media\/cortadas\/abrigos-lana-mango-4-kTfH--460x637@MujerHoy.jpg\" class=\"lazy\" alt=\"La opci\u00f3n m\u00e1s colorida la encontrar\u00e1s en verde, aul celeste o rosa palo\"><noscript><img src=\"http:\/\/hoycordobaweb.com\/wp-content\/uploads\/2021\/12\/cinco-abrigos-clasicos-de-lana-que-puedes-encontrar-en-mango-elegantes-y-comodos-estilizan-y-son-perfectos-para-el-frio-3.jpg\" alt=\"La opci\u00f3n m\u00e1s colorida la encontrar\u00e1s en verde, aul celeste o rosa palo\"><\/noscript><i class=\"voc-icons zoom voc-multimedia-box voc-ico-l\"><\/i><\/div><figcaption class=\"figure-caption\">La opci\u00f3n m\u00e1s colorida la encontrar\u00e1s en verde, aul celeste o rosa palo<\/figcaption><\/picture><\/div>\n<div id=\"photoZoomModal-346\" class=\"voc-lightbox modal fade voc-lightbox--photo-zoom\" role=\"dialog\" data-voc-photozoom-lightbox>\n<div class=\"voc-lightbox__dialog\" role=\"document\">\n<div class=\"voc-lightbox__content\"><!-- Modal header --><!-- Modal content --><\/p>\n<div class=\"voc-lightbox__photo-container\"><picture class><img loading=\"lazy\" data-original=\"\/\/static1.mujerhoy.com\/www\/multimedia\/202112\/13\/media\/cortadas\/abrigos-lana-mango-4-kTfH--460x637@MujerHoy.jpg\" alt=\"La opci\u00f3n m\u00e1s colorida la encontrar\u00e1s en verde, aul celeste o rosa palo\" class=\"lazy\"><noscript><img src=\"http:\/\/hoycordobaweb.com\/wp-content\/uploads\/2021\/12\/cinco-abrigos-clasicos-de-lana-que-puedes-encontrar-en-mango-elegantes-y-comodos-estilizan-y-son-perfectos-para-el-frio-3.jpg\" alt=\"La opci\u00f3n m\u00e1s colorida la encontrar\u00e1s en verde, aul celeste o rosa palo\"><\/noscript><\/picture><\/div>\n<\/div>\n<\/div>\n<\/div>\n<p class=\"voc-paragraph\">Para las que buscan dar color a sus looks nos traen un modelo en<br \/>\n<strong> verde, azul celeste o rosa palo<\/strong>. Tiene un dise\u00f1o largo y de corte oversize. Tendr\u00e1s que comprobar la disponibilidad de tallas, ya que puede variar en funci\u00f3n del color que escojas. Su precio es de 79,99 \u20ac.\n<\/p>\n<div class=\"voc-detail-photo-zoom\"><picture data-toggle=\"modal\" data-target=\"#photoZoomModal-800\" target=\"modal\">\n<div class=\"voc-img-icon-link\"><img loading=\"lazy\" data-original=\"\/\/static2.mujerhoy.com\/www\/multimedia\/202112\/13\/media\/cortadas\/abrigos-lana-mango-5-kTfH--460x637@MujerHoy.jpg\" class=\"lazy\" alt=\"El abrigo m\u00e1s barato est\u00e1 disponible en negro y en rojo\"><noscript><img src=\"http:\/\/hoycordobaweb.com\/wp-content\/uploads\/2021\/12\/cinco-abrigos-clasicos-de-lana-que-puedes-encontrar-en-mango-elegantes-y-comodos-estilizan-y-son-perfectos-para-el-frio-4.jpg\" alt=\"El abrigo m\u00e1s barato est\u00e1 disponible en negro y en rojo\"><\/noscript><i class=\"voc-icons zoom voc-multimedia-box voc-ico-l\"><\/i><\/div><figcaption class=\"figure-caption\">El abrigo m\u00e1s barato est\u00e1 disponible en negro y en rojo<\/figcaption><\/picture><\/div>\n<div id=\"photoZoomModal-800\" class=\"voc-lightbox modal fade voc-lightbox--photo-zoom\" role=\"dialog\" data-voc-photozoom-lightbox>\n<div class=\"voc-lightbox__dialog\" role=\"document\">\n<div class=\"voc-lightbox__content\"><!-- Modal header --><!-- Modal content --><\/p>\n<div class=\"voc-lightbox__photo-container\"><picture class><img loading=\"lazy\" data-original=\"\/\/static2.mujerhoy.com\/www\/multimedia\/202112\/13\/media\/cortadas\/abrigos-lana-mango-5-kTfH--460x637@MujerHoy.jpg\" alt=\"El abrigo m\u00e1s barato est\u00e1 disponible en negro y en rojo\" class=\"lazy\"><noscript><img src=\"http:\/\/hoycordobaweb.com\/wp-content\/uploads\/2021\/12\/cinco-abrigos-clasicos-de-lana-que-puedes-encontrar-en-mango-elegantes-y-comodos-estilizan-y-son-perfectos-para-el-frio-4.jpg\" alt=\"El abrigo m\u00e1s barato est\u00e1 disponible en negro y en rojo\"><\/noscript><\/picture><\/div>\n<\/div>\n<\/div>\n<\/div>\n<p class=\"voc-paragraph\">Terminamos con un abrigo de corte midi. Tiene un dise\u00f1o recto, un cuello de solapa y dos bolsillos laterales. El cierre frontal es <strong>mediante botones<\/strong>. Puedes elegir entre el color negro o el rojo. Ambos los encontrar\u00e1s en varias tallas (de la XS a la L). Con un precio de 69,99 \u20ac, es el m\u00e1s barato de la lista.\n<\/p>\n<div class=\"voc-detail__cmp voc-detail__cmp--pad-lr voc-detail__cmp--pad-lr--bdr\">\n<div class=\"voc-ficha-detail__wrapper\">\n<section class=\"voc-ficha-detail\">\n<h4 class=\"voc-ficha-detail-title voc-title-section\">Te recomendamos<\/h4>\n<\/section>\n<\/div>\n<\/div>\n<p><!-- TOPICS --><\/p>\n","protected":false},"excerpt":{"rendered":"<p>Los abrigos de lana son la mejor opci\u00f3n para no pasar fr\u00edo durante los meses de invierno. No solo son muy calentitos, sino que adem\u00e1s son los m\u00e1s elegantes y vers\u00e1tiles. Si a\u00fan no te has hecho con uno, sigue leyendo porque hoy te traemos algunas buenas opciones que son perfectas para tus looks con [&hellip;]<\/p>\n","protected":false},"author":1,"featured_media":34209,"comment_status":"closed","ping_status":"closed","sticky":false,"template":"","format":"standard","meta":[],"categories":[1],"tags":[],"_links":{"self":[{"href":"http:\/\/hoycordobaweb.com\/index.php\/wp-json\/wp\/v2\/posts\/34208"}],"collection":[{"href":"http:\/\/hoycordobaweb.com\/index.php\/wp-json\/wp\/v2\/posts"}],"about":[{"href":"http:\/\/hoycordobaweb.com\/index.php\/wp-json\/wp\/v2\/types\/post"}],"author":[{"embeddable":true,"href":"http:\/\/hoycordobaweb.com\/index.php\/wp-json\/wp\/v2\/users\/1"}],"replies":[{"embeddable":true,"href":"http:\/\/hoycordobaweb.com\/index.php\/wp-json\/wp\/v2\/comments?post=34208"}],"version-history":[{"count":0,"href":"http:\/\/hoycordobaweb.com\/index.php\/wp-json\/wp\/v2\/posts\/34208\/revisions"}],"wp:featuredmedia":[{"embeddable":true,"href":"http:\/\/hoycordobaweb.com\/index.php\/wp-json\/wp\/v2\/media\/34209"}],"wp:attachment":[{"href":"http:\/\/hoycordobaweb.com\/index.php\/wp-json\/wp\/v2\/media?parent=34208"}],"wp:term":[{"taxonomy":"category","embeddable":true,"href":"http:\/\/hoycordobaweb.com\/index.php\/wp-json\/wp\/v2\/categories?post=34208"},{"taxonomy":"post_tag","embeddable":true,"href":"http:\/\/hoycordobaweb.com\/index.php\/wp-json\/wp\/v2\/tags?post=34208"}],"curies":[{"name":"wp","href":"https:\/\/api.w.org\/{rel}","templated":true}]}}