{"id":34139,"date":"2021-12-09T22:47:55","date_gmt":"2021-12-09T22:47:55","guid":{"rendered":"http:\/\/ladecimaweb.com\/?p=12125"},"modified":"2021-12-09T22:47:55","modified_gmt":"2021-12-09T22:47:55","slug":"el-concejo-deliberante-aprobo-el-paquete-economico-2022","status":"publish","type":"post","link":"http:\/\/hoycordobaweb.com\/index.php\/2021\/12\/09\/el-concejo-deliberante-aprobo-el-paquete-economico-2022\/","title":{"rendered":"El Concejo Deliberante aprob\u00f3 el paquete econ\u00f3mico 2022"},"content":{"rendered":"<p style=\"font-weight: 400;\"><em>(Prensa Concejo Deliberante)<\/em> El viceintendente Daniel Passerini presidi\u00f3 la 37\u00ba Sesi\u00f3n Ordinaria del Concejo Deliberante. En primera instancia se trat\u00f3 la Nota del concejal Rodrigo de Loredo elevando su renuncia al cargo de concejal de la ciudad de C\u00f3rdoba.<\/p>\n<p style=\"font-weight: 400;\">Luego se aprob\u00f3 la ratificaci\u00f3n del Convenio de Cooperaci\u00f3n entre la secretar\u00eda de Culto de la Naci\u00f3n y la Municipalidad; se trata como primera medida, \u00a0de la instalaci\u00f3n de una ventanilla en la Municipalidad para la recepci\u00f3n de tr\u00e1mites de los cultos.<\/p>\n<p style=\"font-weight: 400;\">\u201cEl municipio ser\u00e1 un nexo, un espacio colaborativo menos oneroso para el ciudadano. Hoy todos los cultos deben hacer el tr\u00e1mite en Buenos Aires, y de esta forma tratamos de facilitar las gestiones a los cultos y credos acelerando las gestiones\u201d dijo el concejal Pedro Altamira.<\/p>\n<p style=\"font-weight: 400;\">Posteriormente se trat\u00f3 \u00a0en un debate de m\u00e1s de 3 horas el Paquete Econ\u00f3mico Municipal para el ejercicio 2022 en conjunto: Presupuesto General de Gastos y C\u00e1lculo de Recursos;\u00a0C\u00f3digo Tributario Municipal; y Ordenanza Tarifaria Anual. Result\u00f3 con 16 votos afirmativos, 12 negativos y 2 abstenciones.<\/p>\n<p><img loading=\"lazy\" class=\"wp-image-12127 alignleft\" src=\"http:\/\/hoycordobaweb.com\/wp-content\/uploads\/2021\/12\/el-concejo-deliberante-aprobo-el-paquete-economico-2022.jpg\" alt=\"\" width=\"314\" height=\"210\" srcset=\"http:\/\/hoycordobaweb.com\/wp-content\/uploads\/2021\/12\/el-concejo-deliberante-aprobo-el-paquete-economico-2022.jpg 1504w, http:\/\/hoycordobaweb.com\/wp-content\/uploads\/2021\/12\/el-concejo-deliberante-aprobo-el-paquete-economico-2022-1.jpg 665w, http:\/\/hoycordobaweb.com\/wp-content\/uploads\/2021\/12\/el-concejo-deliberante-aprobo-el-paquete-economico-2022-2.jpg 768w\" sizes=\"(max-width: 314px) 100vw, 314px\" \/><\/p>\n<p style=\"font-weight: 400;\">\u201cLos tres grandes ejes tomados en consideraci\u00f3n para la toma de decisiones y las proyecciones para el a\u00f1o entrante y que apuntan a generar un desarrollo sostenible son: la inversi\u00f3n de capital, las pol\u00edticas de g\u00e9neros y la inversi\u00f3n social cultural y art\u00edstica\u201d destac\u00f3 la concejala Ileana Quaglino.<\/p>\n<p style=\"font-weight: 400;\">\u00a0A la vez que agreg\u00f3 que este Presupuesto \u201cse elabor\u00f3 con la convicci\u00f3n de que el gobierno municipal tiene el rol fundamental para mejorar la calidad de vida de los vecinos, garantizando una ciudad segura, moderna y ambientalmente sostenible, que promueva la participaci\u00f3n ciudadana y el desarrollo urbano\u201d.<\/p>\n<p style=\"font-weight: 400;\">\u00a0En materia fiscal, Quaglino indic\u00f3 que se busca \u201creducir el d\u00e9ficit fiscal para el logro de cuentas p\u00fablicas sostenibles; resolver las deudas sociales y de infraestructura de la sociedad; y converger hacia un sistema tributario m\u00e1s simple, eficiente,\u00a0equitativo y progresivo\u201d.<\/p>\n<p style=\"font-weight: 400;\">\u00a0El viceintendente Passerini al final de la sesi\u00f3n precis\u00f3 que dada la aprobaci\u00f3n en primera lectura, la Audiencia P\u00fablica ser\u00e1 convocada para el d\u00eda martes 14 de diciembre a partir de las 9 horas.<\/p>\n<div class=\"ubm_banner\"><a href=\"https:\/\/www.cordobaturismo.gov.ar\/%20\" target=\"_blank\" rel=\"dofollow noopener noreferrer\"><img src=\"http:\/\/hoycordobaweb.com\/wp-content\/uploads\/2021\/12\/el-concejo-deliberante-aprobo-el-paquete-economico-2022.gif\" alt=\"\"><\/a><\/div>\n<p>La entrada <a rel=\"nofollow\" href=\"https:\/\/ladecimaweb.com\/el-concejo-deliberante-aprobo-el-paquete-economico-2022\/\">El Concejo Deliberante aprob\u00f3 el paquete econ\u00f3mico 2022<\/a> se public\u00f3 primero en <a rel=\"nofollow\" href=\"https:\/\/ladecimaweb.com\">LaDecima<\/a>.<\/p>\n","protected":false},"excerpt":{"rendered":"<p>(Prensa Concejo Deliberante) El viceintendente Daniel Passerini presidi\u00f3 la 37\u00ba Sesi\u00f3n Ordinaria del Concejo Deliberante. En primera instancia se trat\u00f3 la Nota del concejal Rodrigo de Loredo elevando su renuncia al cargo de concejal de la ciudad de C\u00f3rdoba. Luego se aprob\u00f3 la ratificaci\u00f3n del Convenio de Cooperaci\u00f3n entre la secretar\u00eda de Culto de la [&hellip;]<\/p>\n","protected":false},"author":1,"featured_media":34140,"comment_status":"closed","ping_status":"closed","sticky":false,"template":"","format":"standard","meta":[],"categories":[19],"tags":[],"_links":{"self":[{"href":"http:\/\/hoycordobaweb.com\/index.php\/wp-json\/wp\/v2\/posts\/34139"}],"collection":[{"href":"http:\/\/hoycordobaweb.com\/index.php\/wp-json\/wp\/v2\/posts"}],"about":[{"href":"http:\/\/hoycordobaweb.com\/index.php\/wp-json\/wp\/v2\/types\/post"}],"author":[{"embeddable":true,"href":"http:\/\/hoycordobaweb.com\/index.php\/wp-json\/wp\/v2\/users\/1"}],"replies":[{"embeddable":true,"href":"http:\/\/hoycordobaweb.com\/index.php\/wp-json\/wp\/v2\/comments?post=34139"}],"version-history":[{"count":0,"href":"http:\/\/hoycordobaweb.com\/index.php\/wp-json\/wp\/v2\/posts\/34139\/revisions"}],"wp:featuredmedia":[{"embeddable":true,"href":"http:\/\/hoycordobaweb.com\/index.php\/wp-json\/wp\/v2\/media\/34140"}],"wp:attachment":[{"href":"http:\/\/hoycordobaweb.com\/index.php\/wp-json\/wp\/v2\/media?parent=34139"}],"wp:term":[{"taxonomy":"category","embeddable":true,"href":"http:\/\/hoycordobaweb.com\/index.php\/wp-json\/wp\/v2\/categories?post=34139"},{"taxonomy":"post_tag","embeddable":true,"href":"http:\/\/hoycordobaweb.com\/index.php\/wp-json\/wp\/v2\/tags?post=34139"}],"curies":[{"name":"wp","href":"https:\/\/api.w.org\/{rel}","templated":true}]}}