{"id":34117,"date":"2021-12-11T17:50:00","date_gmt":"2021-12-11T17:50:00","guid":{"rendered":"http:\/\/hoycordobaweb.com\/index.php\/2021\/12\/11\/se-nego-a-declarar-el-policia-acusado-del-homicidio-de-luciano-y-seguira-preso\/"},"modified":"2021-12-11T17:50:00","modified_gmt":"2021-12-11T17:50:00","slug":"se-nego-a-declarar-el-policia-acusado-del-homicidio-de-luciano-y-seguira-preso","status":"publish","type":"post","link":"http:\/\/hoycordobaweb.com\/index.php\/2021\/12\/11\/se-nego-a-declarar-el-policia-acusado-del-homicidio-de-luciano-y-seguira-preso\/","title":{"rendered":"Se neg\u00f3 a declarar el polic\u00eda acusado del homicidio de Luciano y seguir\u00e1 preso"},"content":{"rendered":"<p><img src=\"http:\/\/hoycordobaweb.com\/wp-content\/uploads\/2021\/12\/se-nego-a-declarar-el-policia-acusado-del-homicidio-de-luciano-y-seguira-preso.jpg\"><\/p>\n<figure class=\"mb-3\"><img loading=\"lazy\" src=\"http:\/\/hoycordobaweb.com\/wp-content\/uploads\/2021\/12\/se-nego-a-declarar-el-policia-acusado-del-homicidio-de-luciano-y-seguira-preso-2.jpg\" width=\"100%\" height=\"100%\" alt=\"El traslado de Maximiliano Gonzlez el polica detenido por el asesinato de Luciano Foto Alejandro Moritz\"><figcaption> El traslado de Maximiliano Gonz\u00e1lez, el polic\u00eda detenido por el asesinato de Luciano. (Foto Alejandro Moritz) <\/figcaption><\/figure>\n<p>El polic\u00eda acusado del homicidio del adolescente <strong>Luciano Olivera<\/strong>, quien recibi\u00f3 un balazo en el pecho cuando lo persiguieron porque aparentemente se neg\u00f3 a detenerse en un control en la ciudad balnearia de Miramar, se neg\u00f3 a declarar ante la fiscal de la causa y seguir\u00e1 preso, informaron fuentes judiciales.<\/p>\n<p>Se trata de <strong>Maximiliano Gonz\u00e1lez (25), quien se abstuvo de prestar declaraci\u00f3n frente a la fiscal Ana Mar\u00eda Caro<\/strong> que lo acus\u00f3 por el delito de \u00abhomicidio agravado por ser funcionario policial en cumplimiento de sus funciones\u00bb, que prev\u00e9 la pena de prisi\u00f3n perpetua, y ya fue trasladado a la Unidad Penitenciaria 44 de Bat\u00e1n.<\/p>\n<p>Fuentes judiciales informaron a T\u00e9lam que previamente el efectivo mantuvo una entrevista con sus abogados Lautaro Res\u00faa y Carla Medina, quienes le recomendaron no declarar por el momento.<\/p>\n<p>\u00abLa autopsia confirma que un \u00fanico proyectil le perfor\u00f3 el coraz\u00f3n, el pulm\u00f3n derecho en la parte inferior y tambi\u00e9n ha tenido una lesi\u00f3n hep\u00e1tica que produjo la muerte casi de manera instant\u00e1nea y sali\u00f3 a la altura de la espalda\u00bb, dijo tras la audiencia la fiscal Caro en una conferencia de prensa en el hall del edificio ubicado en Tucum\u00e1n y Almirante Brown.<\/p>\n<figure class=\"mb-3\"><img loading=\"lazy\" src=\"http:\/\/hoycordobaweb.com\/wp-content\/uploads\/2021\/12\/se-nego-a-declarar-el-policia-acusado-del-homicidio-de-luciano-y-seguira-preso-3.jpg\" width=\"100%\" height=\"100%\" alt=\"El polica Maximiliano Gonzlez fue llevado a Mar del Plata acusado de homicidio agravado Foto Alejandro Moritz\"><figcaption> El polic\u00eda Maximiliano Gonz\u00e1lez fue llevado a Mar del Plata, acusado de \u00abhomicidio agravado\u00bb. (Foto Alejandro Moritz) <\/figcaption><\/figure>\n<p>La titular de la Unidad Funcional de Instrucci\u00f3n (UFI) descentralizada General Alvarado afirm\u00f3 que el juez de garant\u00edas 5 de Mar del Plata, Gabriel Bombini, convalid\u00f3 el pedido de la conversi\u00f3n de la aprehensi\u00f3n en detenci\u00f3n y que contin\u00faan las pericias.<\/p>\n<p>\u00abSeguimos con toda la incorporaci\u00f3n de la prueba que estamos haciendo y todos los an\u00e1lisis de c\u00e1maras y con las testimoniales\u00bb, dijo Caro.<\/p>\n<p>La fiscal ya dispuso la entrega del cuerpo a los familiares que hoy velar\u00e1n sus restos en la casa de sepelios ubicada en Diagonal entre 15 y 17 de Miramar.<\/p>\n<p>Adem\u00e1s, amigos y vecinos convocaron a una nueva movilizaci\u00f3n para esta tarde a las 17 para pedir \u00abJusticia\u00bb por el crimen.<\/p>\n<h2 class>El hecho<\/h2>\n<p>El hecho investigado ocurri\u00f3 pasadas las 3 de la madrugada del jueves lo que gener\u00f3 un fuerte repudio por parte de los familiares y amigos de la v\u00edctima, como as\u00ed tambi\u00e9n de vecinos de la localidad bonaerense que marcharon a la comisar\u00eda y en el centro de Miramar, donde hubo incidentes con la Polic\u00eda.<\/p>\n<p>Todo comenz\u00f3 cuando una patrulla con cuatro efectivos a bordo quiso supuestamente identificar al adolescente que se trasladaba a bordo de una moto Yamaha YBR 125 roja.<\/p>\n<figure class=\"mb-3\"><img loading=\"lazy\" src=\"http:\/\/hoycordobaweb.com\/wp-content\/uploads\/2021\/12\/se-nego-a-declarar-el-policia-acusado-del-homicidio-de-luciano-y-seguira-preso-4.jpg\" width=\"100%\" height=\"100%\" alt=\"Vecinos marcharon a la comisara y en el centro de Miramar hubo incidentes con la Polica Foto Alejandro Moritz\"><figcaption> Vecinos marcharon a la comisar\u00eda y en el centro de Miramar hubo incidentes con la Polic\u00eda. (Foto Alejandro Moritz) <\/figcaption><\/figure>\n<p>En circunstancias que a\u00fan son materia de investigaci\u00f3n, los efectivos se cruzaron en su camino en la avenida 9, entre las calles 32 y 34, y luego de bajar de la patrulla uno de ellos le efectu\u00f3 un disparo con su arma reglamentaria, una pistola calibre 9 mil\u00edmetros, agregaron las fuentes.<\/p>\n<p>\u00abEl m\u00f3vil no fue a chocar la moto que ven\u00eda de frente por la avenida, ellos detuvieron el patrullero y bajan pero la moto sigui\u00f3 y, en ese marco, al parecer la moto lo atropella (a Gonz\u00e1lez) y ah\u00ed se produce el disparo\u00bb, dijo a T\u00e9lam un vocero encargado de la pesquisa.<\/p>\n<p>El adolescente cay\u00f3 gravemente herido y cuando llegaron los m\u00e9dicos de la ambulancia convocada al lugar ya hab\u00eda fallecido.<\/p>\n<p>De inmediato, por orden de la Justicia, el polic\u00eda que efectu\u00f3 el disparo qued\u00f3 detenido y se le secuestr\u00f3 su arma reglamentaria para ser sometida a peritajes.<\/p>\n<figure class=\"mb-3\"><img loading=\"lazy\" src=\"http:\/\/hoycordobaweb.com\/wp-content\/uploads\/2021\/12\/se-nego-a-declarar-el-policia-acusado-del-homicidio-de-luciano-y-seguira-preso-5.jpg\" width=\"100%\" height=\"100%\" alt=\"La fiscal Caro orden que todos los peritajes sean realizados por la Polica Federal Argentina Foto Alejandro Moritz\"><figcaption> La fiscal Caro orden\u00f3 que todos los peritajes sean realizados por la Polic\u00eda Federal Argentina. (Foto Alejandro Moritz) <\/figcaption><\/figure>\n<p><\/p>\n<h2 class>La investigaci\u00f3n<\/h2>\n<p>En tanto, <strong>el ministro de Seguridad provincial, Sergio Berni<\/strong>, asegur\u00f3 tras reunirse con los familiares de Luciano que <strong>\u00abno hay ninguna justificaci\u00f3n\u00bb para explicar el crimen del adolescente<\/strong> y afirm\u00f3 que el polic\u00eda involucrado en el hecho, quien hab\u00eda festejado su propio cumplea\u00f1os pocas horas antes del asesinato, \u00abhizo todo mal\u00bb.<\/p>\n<p>Una fuente de la investigaci\u00f3n explic\u00f3 a T\u00e9lam que el dosaje de alcohol en sangre que se le practic\u00f3 a Gonz\u00e1lez dio resultado negativo, aunque ahora deber\u00e1n aguardar el resultado de los an\u00e1lisis de sangre.<\/p>\n<p>El ministro Berni explic\u00f3 que en su primera declaraci\u00f3n ante sus compa\u00f1eros, el polic\u00eda dijo que el disparo se efectu\u00f3 de manera accidental.<\/p>\n<p>Sin embargo, voceros de la investigaci\u00f3n rechazaron la versi\u00f3n del efectivo, ya que -seg\u00fan explicaron- para que se produzca el disparo \u00abprimero tuvo que desenfundar su arma, sacarle el seguro, montar el arma y poner el dedo en el gatillo\u00bb.<\/p>\n<figure class=\"mb-3\"><img loading=\"lazy\" src=\"http:\/\/hoycordobaweb.com\/wp-content\/uploads\/2021\/12\/se-nego-a-declarar-el-policia-acusado-del-homicidio-de-luciano-y-seguira-preso-6.jpg\" width=\"100%\" height=\"100%\" alt=\"Ana Mara Caro Foto Alejandro Moritz\"><figcaption> Ana Mar\u00eda Caro. (Foto Alejandro Moritz) <\/figcaption><\/figure>\n<p><strong>La fiscal Caro orden\u00f3 que todos los peritajes sean realizados por la Polic\u00eda Federal Argentina (PFA).<\/strong><\/p>\n<p>Adem\u00e1s, la funcionaria judicial solicit\u00f3 un relevamiento de c\u00e1maras de seguridad que pudieran haber captado la persecuci\u00f3n, un peritaje sobre los GPS de los m\u00f3viles policiales para establecer la geolocalizaci\u00f3n de cada uno de los patrulleros y el testimonio de todos los amigos de la v\u00edctima.<\/p>\n<p>Familiares y conocidos de la v\u00edctima denunciaron que Gonz\u00e1lez vive a dos cuadras de la casa de Luciano y que ambos se conoc\u00edan del barrio.<\/p>\n<p>Tras el hecho, familiares y amigos de la v\u00edctima se manifestaron por la tarde en el centro de Miramar y un grupo de vecinos atac\u00f3 la comisar\u00eda, por lo que la Polic\u00eda respondi\u00f3 con gases y balas de goma.<\/p>\n<p>Por la noche tambi\u00e9n hubo incidentes frente de la municipalidad, donde lanzaron tres neum\u00e1ticos que hab\u00edan prendido fuego, lo que provoc\u00f3 destrozos tambi\u00e9n en el concejo deliberante, ubicado al lado. <\/p>\n","protected":false},"excerpt":{"rendered":"<p>El traslado de Maximiliano Gonz\u00e1lez, el polic\u00eda detenido por el asesinato de Luciano. (Foto Alejandro Moritz) El polic\u00eda acusado del homicidio del adolescente Luciano Olivera, quien recibi\u00f3 un balazo en el pecho cuando lo persiguieron porque aparentemente se neg\u00f3 a detenerse en un control en la ciudad balnearia de Miramar, se neg\u00f3 a declarar ante [&hellip;]<\/p>\n","protected":false},"author":1,"featured_media":34118,"comment_status":"open","ping_status":"closed","sticky":false,"template":"","format":"standard","meta":[],"categories":[19],"tags":[],"_links":{"self":[{"href":"http:\/\/hoycordobaweb.com\/index.php\/wp-json\/wp\/v2\/posts\/34117"}],"collection":[{"href":"http:\/\/hoycordobaweb.com\/index.php\/wp-json\/wp\/v2\/posts"}],"about":[{"href":"http:\/\/hoycordobaweb.com\/index.php\/wp-json\/wp\/v2\/types\/post"}],"author":[{"embeddable":true,"href":"http:\/\/hoycordobaweb.com\/index.php\/wp-json\/wp\/v2\/users\/1"}],"replies":[{"embeddable":true,"href":"http:\/\/hoycordobaweb.com\/index.php\/wp-json\/wp\/v2\/comments?post=34117"}],"version-history":[{"count":0,"href":"http:\/\/hoycordobaweb.com\/index.php\/wp-json\/wp\/v2\/posts\/34117\/revisions"}],"wp:featuredmedia":[{"embeddable":true,"href":"http:\/\/hoycordobaweb.com\/index.php\/wp-json\/wp\/v2\/media\/34118"}],"wp:attachment":[{"href":"http:\/\/hoycordobaweb.com\/index.php\/wp-json\/wp\/v2\/media?parent=34117"}],"wp:term":[{"taxonomy":"category","embeddable":true,"href":"http:\/\/hoycordobaweb.com\/index.php\/wp-json\/wp\/v2\/categories?post=34117"},{"taxonomy":"post_tag","embeddable":true,"href":"http:\/\/hoycordobaweb.com\/index.php\/wp-json\/wp\/v2\/tags?post=34117"}],"curies":[{"name":"wp","href":"https:\/\/api.w.org\/{rel}","templated":true}]}}