{"id":34091,"date":"2021-12-09T23:42:56","date_gmt":"2021-12-09T23:42:56","guid":{"rendered":"http:\/\/ladecimaweb.com\/?p=12129"},"modified":"2021-12-09T23:42:56","modified_gmt":"2021-12-09T23:42:56","slug":"tamse-incorporara-50-nuevas-unidades-cero-kilometros","status":"publish","type":"post","link":"http:\/\/hoycordobaweb.com\/index.php\/2021\/12\/09\/tamse-incorporara-50-nuevas-unidades-cero-kilometros\/","title":{"rendered":"TAMSE incorporar\u00e1 50 nuevas unidades cero kil\u00f3metros"},"content":{"rendered":"<p data-uw-styling-context=\"true\"><em>(Prensa municipal)<\/em> El intendente Mart\u00edn Llaryora anunci\u00f3 la <strong>compra de 50 colectivos 0 kil\u00f3metro que se sumar\u00e1n a las 110 adquiridas<\/strong> entre junio y septiembre, posibilitando as\u00ed que la empresa municipal TAMSE cuente con 160 unidades modernas.<\/p>\n<p data-uw-styling-context=\"true\">La decisi\u00f3n del Intendente de adquirir los nuevos coches posibilita <strong>mejorar la frecuencia de los recorridos.<\/strong> As\u00ed, el pr\u00f3ximo mi\u00e9rcoles 17 de diciembre se realizar\u00e1 la subasta electr\u00f3nica inversa de colectivos marca Mercedes Benz, que cuentan con Norma Euro 5, lo que disminuye el \u00f3xido nitroso emitido, produciendo as\u00ed menos impacto al ambiente.<\/p>\n<p data-uw-styling-context=\"true\">Al igual que las que ya est\u00e1n en circulaci\u00f3n,<strong> las flamantes unidades estar\u00e1n equipada<\/strong>s con rampas para personas con discapacidad, piso bajo, caja autom\u00e1tica, c\u00e1maras de seguridad, puertos USB y wifi gratis. Adem\u00e1s, cabe destacar que todas cuentan con la habilitaci\u00f3n de ITV correspondiente para circular en la ciudad.<\/p>\n<p data-uw-styling-context=\"true\"><strong>El pasado 1 de octubre la empresa municipal de transporte sum\u00f3 a sus recorridos las l\u00edneas 80, 81, 82, 83, 84, 85, 31, 32, 33, 35 y 36, correspondientes a los corredores 3 y 8 de la ciudad de C\u00f3rdoba.<\/strong><\/p>\n<p data-uw-styling-context=\"true\">Ese d\u00eda comenzaron a circular 69 de las 110 unidades adquiridas a mitad de a\u00f1o, lo que tambi\u00e9n implic\u00f3 la incorporaci\u00f3n de 576 nuevos empleados que pasar\u00e1n a formar parte de la empresa. El 31 de octubre salieron a la calle las 41 restantes unidades.<\/p>\n<p data-uw-styling-context=\"true\"><strong>Cuando inici\u00f3 la actual gesti\u00f3n, Tamse ten\u00eda el 3% del sistema, hoy ya dispone del 25%.<\/strong><\/p>\n<p data-uw-styling-context=\"true\">El intendente subray\u00f3 el crecimiento de la empresa en este tiempo:\u00a0<em data-uw-styling-context=\"true\">\u201cSabemos que <strong>la empresa elev\u00f3 su rendimiento, mejor\u00f3 el concepto social<\/strong> y con esfuerzo y ganas de superarse de sus trabajadores, demostr\u00f3 que una empresa p\u00fablica puede expandirse de manera tal que hoy nos ayuda a sostener plazas y administrar una estaci\u00f3n de servicio convirti\u00e9ndola en la primera dentro de su categor\u00eda\u201d.<\/em><\/p>\n<p data-uw-styling-context=\"true\"><em data-uw-styling-context=\"true\">\u201cPara nosotros es clave llevar adelante una gesti\u00f3n responsable del transporte en la ciudad. El intendente Mart\u00edn Llaryora nos encomend\u00f3 trabajar con compromiso y responsabilidad. Esto demuestra que una empresa del Estado bien manejada, con gesti\u00f3n y control, puede cumplir objetivos concretos de crecimiento\u201d<\/em>, expres\u00f3 su presidente, Marcelo Rodio.<\/p>\n<p data-uw-styling-context=\"true\"><em data-uw-styling-context=\"true\">\u201cEstos colectivos constituyen un ejemplo m\u00e1s del compromiso de la Municipalidad y la empresa para mejorar el transporte en la ciudad y garantizar tecnolog\u00eda y modernizaci\u00f3n a los ciudadanos de C\u00f3rdoba\u201d<\/em>, agreg\u00f3.<\/p>\n<div class=\"ubm_banner\"><a href=\"https:\/\/www.cordobaturismo.gov.ar\/%20\" target=\"_blank\" rel=\"dofollow noopener noreferrer\"><img src=\"http:\/\/hoycordobaweb.com\/wp-content\/uploads\/2021\/12\/tamse-incorporara-50-nuevas-unidades-cero-kilometros.gif\" alt=\"\"><\/a><\/div>\n<p>La entrada <a rel=\"nofollow\" href=\"https:\/\/ladecimaweb.com\/tamse-incorporara-50-nuevas-unidades-cero-kilometros\/\">TAMSE incorporar\u00e1 50 nuevas unidades cero kil\u00f3metros<\/a> se public\u00f3 primero en <a rel=\"nofollow\" href=\"https:\/\/ladecimaweb.com\">LaDecima<\/a>.<\/p>\n","protected":false},"excerpt":{"rendered":"<p>(Prensa municipal) El intendente Mart\u00edn Llaryora anunci\u00f3 la compra de 50 colectivos 0 kil\u00f3metro que se sumar\u00e1n a las 110 adquiridas entre junio y septiembre, posibilitando as\u00ed que la empresa municipal TAMSE cuente con 160 unidades modernas. La decisi\u00f3n del Intendente de adquirir los nuevos coches posibilita mejorar la frecuencia de los recorridos. As\u00ed, el [&hellip;]<\/p>\n","protected":false},"author":1,"featured_media":34092,"comment_status":"closed","ping_status":"closed","sticky":false,"template":"","format":"standard","meta":[],"categories":[19],"tags":[],"_links":{"self":[{"href":"http:\/\/hoycordobaweb.com\/index.php\/wp-json\/wp\/v2\/posts\/34091"}],"collection":[{"href":"http:\/\/hoycordobaweb.com\/index.php\/wp-json\/wp\/v2\/posts"}],"about":[{"href":"http:\/\/hoycordobaweb.com\/index.php\/wp-json\/wp\/v2\/types\/post"}],"author":[{"embeddable":true,"href":"http:\/\/hoycordobaweb.com\/index.php\/wp-json\/wp\/v2\/users\/1"}],"replies":[{"embeddable":true,"href":"http:\/\/hoycordobaweb.com\/index.php\/wp-json\/wp\/v2\/comments?post=34091"}],"version-history":[{"count":0,"href":"http:\/\/hoycordobaweb.com\/index.php\/wp-json\/wp\/v2\/posts\/34091\/revisions"}],"wp:featuredmedia":[{"embeddable":true,"href":"http:\/\/hoycordobaweb.com\/index.php\/wp-json\/wp\/v2\/media\/34092"}],"wp:attachment":[{"href":"http:\/\/hoycordobaweb.com\/index.php\/wp-json\/wp\/v2\/media?parent=34091"}],"wp:term":[{"taxonomy":"category","embeddable":true,"href":"http:\/\/hoycordobaweb.com\/index.php\/wp-json\/wp\/v2\/categories?post=34091"},{"taxonomy":"post_tag","embeddable":true,"href":"http:\/\/hoycordobaweb.com\/index.php\/wp-json\/wp\/v2\/tags?post=34091"}],"curies":[{"name":"wp","href":"https:\/\/api.w.org\/{rel}","templated":true}]}}