{"id":34089,"date":"2021-12-11T14:43:32","date_gmt":"2021-12-11T14:43:32","guid":{"rendered":"http:\/\/ladecimaweb.com\/?p=12141"},"modified":"2021-12-11T14:43:32","modified_gmt":"2021-12-11T14:43:32","slug":"cobran-auge-los-servicios-de-seguridad-privada-en-barrios-abiertos","status":"publish","type":"post","link":"http:\/\/hoycordobaweb.com\/index.php\/2021\/12\/11\/cobran-auge-los-servicios-de-seguridad-privada-en-barrios-abiertos\/","title":{"rendered":"Cobran auge los servicios de seguridad privada en barrios abiertos"},"content":{"rendered":"<p><strong><em>Vecinos de Smata y Los Olmos contrataron un servicio de seguridad privado para disuadir el delito. <\/em><\/strong><\/p>\n<p><strong>\u00a0<\/strong>En la zona sur, este servicio est\u00e1 en auge y lo ofrecen empresas formales e informales.<\/p>\n<p>Los barrios Smata I, Smata II y Los Olmos, son los \u00faltimos en contratar servicios de este tipo para paliar la inseguridad ciudadana.<\/p>\n<p>\u201cHoy me despierto a la ma\u00f1ana y no tengo ning\u00fan mensaje en el grupo de whatsapp de que le hayan robado a alguien\u201d, comenta \u00a0Lorena \u201cGuada\u201d Ferreyra, una de las vecinas impulsoras de contratar el servicio para barrio Smata I.<\/p>\n<p>\u201cDos meses antes, siempre amanec\u00edamos con un robo: le robaron la rueda del auto a tal, le rompieron el vidrio a tal, lo arrebataron a tal. \u00a1Se estaban ensa\u00f1ando mal con el barrio!\u201d, manifiesta Ferreyra contenta con la eficacia del servicio.<\/p>\n<p>La gota que rebals\u00f3 el vaso vecinal fue el s\u00e1bado 10 de julio cuando en plena final de Argentina contra Brasil por la copa Am\u00e9rica le desvalijaron la casa a su vecina, sin que nadie lo advirtiera. Todos estaban concentrados en el partido, menos los malvivientes.<\/p>\n<p>\u201cTambi\u00e9n en agosto le robaron el cero kil\u00f3metro a una chica que vive frente a la plaza y le hicieron destrozos en la casa\u201d, describe Lorena los hechos que justificaron la contrataci\u00f3n del servicio.<\/p>\n<p>\u201cUna cosa es el arrebato en la calle pero otra es que entren a tu casa, te la vac\u00eden y que nadie vea nada. Fue ah\u00ed donde dijimos que ten\u00edamos que hacer algo para parar esto\u201d, agrega Lorena, sobre el momento bisagra de la decisi\u00f3n.<\/p>\n<p>Hoy cuentan con un servicio de seguridad de 24 horas con guardias patrullando las calles del barrio constantemente en motocicletas. Tambi\u00e9n se colocaron garitas en lugares estrat\u00e9gicos.<\/p>\n<p>Cada vecino paga por ese servicio 3.600 pesos mensuales, pero Lorena comenta que el costo disminuye a medida que se sumen m\u00e1s vecinos. Hay margen para eso porque de 500 viviendas que hay en Smata 1, por ahora pagan unas 130.<\/p>\n<p><img loading=\"lazy\" class=\"wp-image-12142 alignleft\" src=\"http:\/\/hoycordobaweb.com\/wp-content\/uploads\/2021\/12\/cobran-auge-los-servicios-de-seguridad-privada-en-barrios-abiertos.jpg\" alt=\"\" width=\"289\" height=\"217\" srcset=\"http:\/\/hoycordobaweb.com\/wp-content\/uploads\/2021\/12\/cobran-auge-los-servicios-de-seguridad-privada-en-barrios-abiertos.jpg 800w, http:\/\/hoycordobaweb.com\/wp-content\/uploads\/2021\/12\/cobran-auge-los-servicios-de-seguridad-privada-en-barrios-abiertos-1.jpg 592w, http:\/\/hoycordobaweb.com\/wp-content\/uploads\/2021\/12\/cobran-auge-los-servicios-de-seguridad-privada-en-barrios-abiertos-2.jpg 768w\" sizes=\"(max-width: 289px) 100vw, 289px\" \/><\/p>\n<p>\u201cHace dos meses que est\u00e1 la guardia y ya notas que hay menos entradas de motos, carreros, de todo\u201d, dice Lorena. Tampoco es la panacea. \u201cPor supuesto que ocurrieron situaciones sospechosas pero la guardia las disuadi\u00f3\u201d, agrega la referente.<\/p>\n<p><strong>Prevenci\u00f3n<\/strong><\/p>\n<p>Los guardias no portan armas. \u201dNuestra tarea es solo de prevenci\u00f3n y disuasi\u00f3n y cuando vemos algo sospechoso ah\u00ed nom\u00e1s llamamos a la Polic\u00eda\u201d, cuenta el responsable de una de las empresas haciendo reserva de su nombre.<\/p>\n<p>\u201cLe damos una gran mano a la Polic\u00eda\u201d, agrega la fuente, quien cuenta que cuando empezaron, hace diez a\u00f1os, eran dos personas y ahora son treinta guardias.<\/p>\n<p>\u201cCuidamos al vecino cuando tiene que sacar o entrar el auto, acompa\u00f1ar al hijo hasta la parada de colectivo, o cuando te tocan el timbre a la madrugada, estamos para todo\u201d, cuenta.<\/p>\n<p>\u201cYo los llamo cuando tengo que ir a la parada de colectivo\u201d, reconoce Lorena, quien como la mayor\u00eda vive en un barrio de clase media trabajadora.<\/p>\n<p>Adem\u00e1s de rejas, alarmas hogare\u00f1as y comunitarias, perros guardianes, p\u00f3lizas hogare\u00f1as, los vecinos tienen que organizarse y movilizarse para auto cuidarse con medidas como estas que apuntan a la prevenci\u00f3n del delito.<\/p>\n<p>\u201cSi no cont\u00e1s con la seguridad p\u00fablica para protegerte, ten\u00e9s que procurarte una seguridad barrial\u201d, dice Lorena al final de la entrevista.<\/p>\n<p>Adem\u00e1s de Los Olmos, Smata I y II, el servicio tambi\u00e9n se presta en Parque Capital Sur.<\/p>\n<p><em>Nota principal publicada en la edici\u00f3n gr\u00e1fica de diciembre de La D\u00e9cima.\u00a0<\/em><\/p>\n<p>&nbsp;<\/p>\n<div class=\"ubm_banner\"><a href=\"https:\/\/www.cordobaturismo.gov.ar\/%20\" target=\"_blank\" rel=\"dofollow noopener noreferrer\"><img src=\"http:\/\/hoycordobaweb.com\/wp-content\/uploads\/2021\/12\/cobran-auge-los-servicios-de-seguridad-privada-en-barrios-abiertos.gif\" alt=\"\"><\/a><\/div>\n<p>La entrada <a rel=\"nofollow\" href=\"https:\/\/ladecimaweb.com\/cobran-auge-los-servicios-de-seguridad-privada-en-barrios-abiertos\/\">Cobran auge los servicios de seguridad privada en barrios abiertos<\/a> se public\u00f3 primero en <a rel=\"nofollow\" href=\"https:\/\/ladecimaweb.com\">LaDecima<\/a>.<\/p>\n","protected":false},"excerpt":{"rendered":"<p>Vecinos de Smata y Los Olmos contrataron un servicio de seguridad privado para disuadir el delito. \u00a0En la zona sur, este servicio est\u00e1 en auge y lo ofrecen empresas formales e informales. Los barrios Smata I, Smata II y Los Olmos, son los \u00faltimos en contratar servicios de este tipo para paliar la inseguridad ciudadana. [&hellip;]<\/p>\n","protected":false},"author":1,"featured_media":34090,"comment_status":"closed","ping_status":"closed","sticky":false,"template":"","format":"standard","meta":[],"categories":[19],"tags":[],"_links":{"self":[{"href":"http:\/\/hoycordobaweb.com\/index.php\/wp-json\/wp\/v2\/posts\/34089"}],"collection":[{"href":"http:\/\/hoycordobaweb.com\/index.php\/wp-json\/wp\/v2\/posts"}],"about":[{"href":"http:\/\/hoycordobaweb.com\/index.php\/wp-json\/wp\/v2\/types\/post"}],"author":[{"embeddable":true,"href":"http:\/\/hoycordobaweb.com\/index.php\/wp-json\/wp\/v2\/users\/1"}],"replies":[{"embeddable":true,"href":"http:\/\/hoycordobaweb.com\/index.php\/wp-json\/wp\/v2\/comments?post=34089"}],"version-history":[{"count":0,"href":"http:\/\/hoycordobaweb.com\/index.php\/wp-json\/wp\/v2\/posts\/34089\/revisions"}],"wp:featuredmedia":[{"embeddable":true,"href":"http:\/\/hoycordobaweb.com\/index.php\/wp-json\/wp\/v2\/media\/34090"}],"wp:attachment":[{"href":"http:\/\/hoycordobaweb.com\/index.php\/wp-json\/wp\/v2\/media?parent=34089"}],"wp:term":[{"taxonomy":"category","embeddable":true,"href":"http:\/\/hoycordobaweb.com\/index.php\/wp-json\/wp\/v2\/categories?post=34089"},{"taxonomy":"post_tag","embeddable":true,"href":"http:\/\/hoycordobaweb.com\/index.php\/wp-json\/wp\/v2\/tags?post=34089"}],"curies":[{"name":"wp","href":"https:\/\/api.w.org\/{rel}","templated":true}]}}