{"id":34069,"date":"2021-12-10T17:35:00","date_gmt":"2021-12-10T17:35:00","guid":{"rendered":"http:\/\/hoycordobaweb.com\/index.php\/2021\/12\/10\/ascienden-a-54-los-migrantes-muertos-tras-un-accidente-vial-en-mexico\/"},"modified":"2021-12-10T17:35:00","modified_gmt":"2021-12-10T17:35:00","slug":"ascienden-a-54-los-migrantes-muertos-tras-un-accidente-vial-en-mexico","status":"publish","type":"post","link":"http:\/\/hoycordobaweb.com\/index.php\/2021\/12\/10\/ascienden-a-54-los-migrantes-muertos-tras-un-accidente-vial-en-mexico\/","title":{"rendered":"Ascienden a 54 los migrantes muertos tras un accidente vial en M\u00e9xico"},"content":{"rendered":"<p><img src=\"http:\/\/hoycordobaweb.com\/wp-content\/uploads\/2021\/12\/ascienden-a-54-los-migrantes-muertos-tras-un-accidente-vial-en-mexico.jpg\"><\/p>\n<figure class=\"mb-3\"><img loading=\"lazy\" src=\"http:\/\/hoycordobaweb.com\/wp-content\/uploads\/2021\/12\/ascienden-a-54-los-migrantes-muertos-tras-un-accidente-vial-en-mexico-2.jpg\" width=\"100%\" height=\"100%\" alt=\"Foto AFP\"><figcaption> Foto: AFP <\/figcaption><\/figure>\n<p> &nbsp;<br \/>El n\u00famero de <strong>migrantes muertos ascendi\u00f3 a 54, mientras que un centenar de personas recibieron atenci\u00f3n en centros m\u00e9dicos<\/strong> de la zona, tras el choque ocurrido este jueves cuando un cami\u00f3n en el que viajaban clandestinamente choc\u00f3 contra un muro de contenci\u00f3n y volc\u00f3 en una carretera del sure\u00f1o estado mexicano de Chiapas, informaron fuentes oficiales.<\/p>\n<p>El <strong>accidente se produjo en la tarde de este jueves en una carretera de Chiapas<\/strong>, principal punto de acceso de indocumentados, cuando un trailer que transportaba a las v\u00edctimas choc\u00f3 contra un muro presuntamente por exceso de velocidad.<\/p>\n<p>\u00abLas personas que resultaron lesionadas y fallecidas en el accidente son originarias de <strong>Guatemala, Honduras, Ecuador, Rep\u00fablica Dominicana y M\u00e9xico<\/strong>\u00ab, se\u00f1al\u00f3 en un comunicado la secretar\u00eda de Protecci\u00f3n Civil del estado de Chiapas.<\/p>\n<p>Aunque la entidad no detall\u00f3 el n\u00famero de v\u00edctimas por nacionalidad, autoridades regionales adelantaron que la mayor\u00eda son guatemaltecos que intentaban llegar a los Estados Unidos, seg\u00fan consign\u00f3 la agencia de noticias AFP.<\/p>\n<p>En tanto, el reporte precis\u00f3 que en el lugar del accidente fallecieron 49 personas y otras cinco perdieron la vida en hospitales \u00abpor la gravedad de sus lesiones\u00bb.<\/p>\n<p>Asimismo, las fuentes detallaron que 83 hombres y 22 mujeres tuvieron que recibir atenci\u00f3n en centros m\u00e9dicos de la zona, precisaron desde Protecci\u00f3n Civil local.<\/p>\n<h2 class>La repercusi\u00f3n del accidente<\/h2>\n<p>La colisi\u00f3n se produjo a 200 metros de un ret\u00e9n policial, entre la <strong>ciudad de Chiapa de Corzo<\/strong> y la capital, Tuxtla Guti\u00e9rrez.<\/p>\n<p>Al respecto, el <strong>presidente mexicano, Andr\u00e9s Manuel L\u00f3pez Obrador<\/strong>, como su <strong>par guatemalteco, Alejandro Giammattei <\/strong>y el Vaticano, expresaron sus condolencias a las familias de las v\u00edctimas.<\/p>\n<p>Por su parte, el <strong>Instituto Nacional de Migraci\u00f3n <\/strong>inform\u00f3 que trabaja para \u00abidentificar los cuerpos, cubrir los gastos funerarios y facilitar la repatriaci\u00f3n de los restos\u00bb, adem\u00e1s ofreci\u00f3 \u00abatenci\u00f3n humanitaria\u00bb y regularizar la situaci\u00f3n migratoria de los sobrevivientes.<\/p>\n<p>\u00abSe requieren alternativas migratorias y v\u00edas legales para evitar tragedias como \u00e9sta\u00bb, se\u00f1al\u00f3 en Twitter la <strong>Oficina de Naciones Unidas para los Refugiados <\/strong>(Acnur).<\/p>\n<blockquote class=\"twitter-tweet\" readability=\"7.9189944134078\">\n<p lang=\"es\" dir=\"ltr\">Lamentamos profundamente el accidente ocurrido hoy en Chiapas, en el que 49 personas migrantes perdieron la vida y m\u00e1s de 50 resultaron heridas.Nuestras sinceras condolencias a sus familiares. Se requieren alternativas migratorias y v\u00edas legales para evitar tragedias como \u00e9sta. <a href=\"https:\/\/t.co\/xm0XGcvGZA\">pic.twitter.com\/xm0XGcvGZA<\/a><\/p>\n<p>\u2014 ACNUR M\u00e9xico (@AcnurMexico) <a href=\"https:\/\/twitter.com\/AcnurMexico\/status\/1469102255899095044?ref_src=twsrc%5Etfw\">December 10, 2021<\/a><\/p><\/blockquote>\n<p>El tr\u00e1gico accidente ocurri\u00f3 tres d\u00edas despu\u00e9s de que se reactivara, por orden judicial, un criticado programa de Estados Unidos que obliga a los migrantes a esperar en M\u00e9xico la respuesta a sus solicitudes de asilo.<\/p>\n<p>Seg\u00fan precis\u00f3 la AFP, el<strong> traslado de migrantes en camiones es uno de los m\u00e9todos m\u00e1s habituales <\/strong>con el que los traficantes de personas los internan en territorio mexicano, con el objetivo de llegar hasta la frontera norte e intentar cruzar hacia Estados Unidos.<\/p>\n<p>El flujo de indocumentados se multiplic\u00f3 tras la llegada al poder de Biden, quien prometi\u00f3 analizar sus casos.<\/p>\n<p><strong>M\u00e1s de 190.000 migrantes fueron detectados por autoridades mexicanas entre enero y septiembre de este a\u00f1o<\/strong>, el triple que en 2020, y cerca de 74.300 fueron deportados.<\/p>\n<p>Estados Unidos, a su vez, registr\u00f3 que 1,7 millones de personas ingresaron ilegalmente desde M\u00e9xico entre octubre de 2020 y septiembre pasado, un r\u00e9cord hist\u00f3rico, de acuerdo a lo informado por medios locales.<\/p>\n","protected":false},"excerpt":{"rendered":"<p>Foto: AFP &nbsp;El n\u00famero de migrantes muertos ascendi\u00f3 a 54, mientras que un centenar de personas recibieron atenci\u00f3n en centros m\u00e9dicos de la zona, tras el choque ocurrido este jueves cuando un cami\u00f3n en el que viajaban clandestinamente choc\u00f3 contra un muro de contenci\u00f3n y volc\u00f3 en una carretera del sure\u00f1o estado mexicano de Chiapas, [&hellip;]<\/p>\n","protected":false},"author":1,"featured_media":34070,"comment_status":"open","ping_status":"closed","sticky":false,"template":"","format":"standard","meta":[],"categories":[19],"tags":[],"_links":{"self":[{"href":"http:\/\/hoycordobaweb.com\/index.php\/wp-json\/wp\/v2\/posts\/34069"}],"collection":[{"href":"http:\/\/hoycordobaweb.com\/index.php\/wp-json\/wp\/v2\/posts"}],"about":[{"href":"http:\/\/hoycordobaweb.com\/index.php\/wp-json\/wp\/v2\/types\/post"}],"author":[{"embeddable":true,"href":"http:\/\/hoycordobaweb.com\/index.php\/wp-json\/wp\/v2\/users\/1"}],"replies":[{"embeddable":true,"href":"http:\/\/hoycordobaweb.com\/index.php\/wp-json\/wp\/v2\/comments?post=34069"}],"version-history":[{"count":0,"href":"http:\/\/hoycordobaweb.com\/index.php\/wp-json\/wp\/v2\/posts\/34069\/revisions"}],"wp:featuredmedia":[{"embeddable":true,"href":"http:\/\/hoycordobaweb.com\/index.php\/wp-json\/wp\/v2\/media\/34070"}],"wp:attachment":[{"href":"http:\/\/hoycordobaweb.com\/index.php\/wp-json\/wp\/v2\/media?parent=34069"}],"wp:term":[{"taxonomy":"category","embeddable":true,"href":"http:\/\/hoycordobaweb.com\/index.php\/wp-json\/wp\/v2\/categories?post=34069"},{"taxonomy":"post_tag","embeddable":true,"href":"http:\/\/hoycordobaweb.com\/index.php\/wp-json\/wp\/v2\/tags?post=34069"}],"curies":[{"name":"wp","href":"https:\/\/api.w.org\/{rel}","templated":true}]}}