{"id":34050,"date":"2021-12-10T17:31:12","date_gmt":"2021-12-10T17:31:12","guid":{"rendered":"https:\/\/www.ole.com.ar\/futbol-internacional\/italia\/serie-seleccion-inter_0_V_B_ZdzOJ.html"},"modified":"2021-12-10T17:31:12","modified_gmt":"2021-12-10T17:31:12","slug":"un-ex-boca-en-el-radar-del-napoli","status":"publish","type":"post","link":"http:\/\/hoycordobaweb.com\/index.php\/2021\/12\/10\/un-ex-boca-en-el-radar-del-napoli\/","title":{"rendered":"Un ex Boca, en el radar del Napoli"},"content":{"rendered":"<p><img src=\"http:\/\/hoycordobaweb.com\/wp-content\/uploads\/2021\/12\/un-ex-boca-en-el-radar-del-napoli.jpg\"><\/p>\n<p><strong><a alt=\"naithan-nandez\" class=\"slug\" href=\"https:\/\/www.ole.com.ar\/tema\/naithan-nandez.html\" target=\"_blank\" title=\"naithan-nandez\" rel=\"noopener noreferrer\">Nahitan N\u00e1ndez<\/a><\/strong> parti\u00f3 de <a alt=\"boca-juniors\" class=\"slug\" href=\"https:\/\/www.ole.com.ar\/tema\/boca-juniors.html\" target=\"_blank\" title=\"boca-juniors\" rel=\"noopener noreferrer\">Boca<\/a> en 2019 para jugar en el <a alt=\"cagliari\" class=\"slug\" href=\"https:\/\/www.ole.com.ar\/tema\/cagliari.html\" target=\"_blank\" title=\"cagliari\" rel=\"noopener noreferrer\">Cagliari<\/a> y se asent\u00f3 en el f\u00fatbol italiano, siendo uno de los volantes m\u00e1s buscados por otras instituciones de la <a alt=\"serie-a\" class=\"slug\" href=\"https:\/\/www.ole.com.ar\/tema\/serie-a.html\" target=\"_blank\" title=\"serie-a\" rel=\"noopener noreferrer\">Serie A<\/a> en cada mercado de pases. <strong>Ahora, podr\u00eda dar un paso m\u00e1s en su carrera: desde el pa\u00eds europeo aseguran que el uruguayo, no seguir\u00eda en su actual club y ya tendr\u00eda un interesado en ficharlo.<\/strong><\/p>\n<div class=\"sp__Normal\">\n<div class=\"image-embeb image-trigger\" readability=\"6\">\n<picture><source media=\"(min-width: 720px)\" srcset=\"http:\/\/hoycordobaweb.com\/wp-content\/uploads\/2021\/12\/un-ex-boca-en-el-radar-del-napoli-2.jpg\"><img itemprop=\"image\" src=\"http:\/\/hoycordobaweb.com\/wp-content\/uploads\/2021\/12\/un-ex-boca-en-el-radar-del-napoli-2.jpg\" loading=\"lazy\" alt=\"N\u00e1ndez podr\u00eda cambiar de club.\">\n<\/picture><figcaption readability=\"2\">\n<p>N\u00e1ndez podr\u00eda cambiar de club.\n<\/p>\n<\/figcaption><\/div>\n<\/div>\n<p>Para <a alt=\"napoles\" class=\"slug\" href=\"https:\/\/www.ole.com.ar\/tema\/napoles.html\" target=\"_blank\" title=\"napoles\" rel=\"noopener noreferrer\">Napoli<\/a>, <strong>el jugador de 25 a\u00f1os es un viejo anhelo y, seg\u00fan inform\u00f3 la Gazzetta dello Sport, en la pr\u00f3xima ventana de transferencias ir\u00eda a la carga por \u00e9l nuevamente.<\/strong> Clasificado a las rondas finales de la Europa League, el equipo dirigido por Luciano Spalletti estar\u00eda buscando un jugador con car\u00e1cter y sacrificio para nutrir el mediocampo, requisitos que cumple el futbolista de la <a alt=\"seleccion-de-uruguay\" class=\"slug\" href=\"https:\/\/www.ole.com.ar\/tema\/seleccion-de-uruguay.html\" target=\"_blank\" title=\"seleccion-de-uruguay\" rel=\"noopener noreferrer\">selecci\u00f3n de Uruguay<\/a>.<\/p>\n<div class=\"sp__SM\">\n<div class=\"content-new \">\n<span class=\"tit-mobile\">Mir\u00e1 tambi\u00e9n<\/span><\/p>\n<div class=\"mg\">\n<div class=\"wrap-figure\">\n<picture>\n<a href=\"https:\/\/www.ole.com.ar\/fuera-de-juego\/duki-emilia-mernes-neymar-cargadas_0_KSUDR80Kz.html\" target=\"_self\" rel=\"noopener noreferrer\"><br \/>\n<img class=\"img-responsive\" alt=\"Las cargadas a Neymar tras la confirmaci\u00f3n del romance entre el Duki y Emilia Mernes\" src=\"http:\/\/hoycordobaweb.com\/wp-content\/uploads\/2021\/12\/un-ex-boca-en-el-radar-del-napoli-3.jpg\" loading=\"lazy\"><br \/>\n<\/a>\n<\/picture>\n<\/div>\n<\/div><\/div>\n<\/div>\n<h2><strong>N\u00c1NDEZ, EN LA \u00d3RBITA DEL NAPOLI<\/strong><\/h2>\n<p>El conjunto de N\u00e1poles tiene en carpeta el nombre de N\u00e1ndez para reforzar el plantel y dar pelea tanto en la <a alt=\"uefa-europa-league\" class=\"slug\" href=\"https:\/\/www.ole.com.ar\/tema\/uefa-europa-league.html\" target=\"_blank\" title=\"uefa-europa-league\" rel=\"noopener noreferrer\">Europa League<\/a> -que tiene clubes importantes como el <a alt=\"fc-barcelona\" class=\"slug\" href=\"https:\/\/www.ole.com.ar\/tema\/fc-barcelona.html\" target=\"_blank\" title=\"fc-barcelona\" rel=\"noopener noreferrer\">Barcelona<\/a>, <a alt=\"borussia-dortmund\" class=\"slug\" href=\"https:\/\/www.ole.com.ar\/tema\/borussia-dortmund.html\" target=\"_blank\" title=\"borussia-dortmund\" rel=\"noopener noreferrer\">Borussia Dortmund<\/a> o <a alt=\"sevilla\" class=\"slug\" href=\"https:\/\/www.ole.com.ar\/tema\/sevilla.html\" target=\"_blank\" title=\"sevilla\" rel=\"noopener noreferrer\">Sevilla<\/a>&#8211; como en la Serie A, donde se disputa los primeros puestos con el <a alt=\"milan\" class=\"slug\" href=\"https:\/\/www.ole.com.ar\/tema\/milan.html\" target=\"_blank\" title=\"milan\" rel=\"noopener noreferrer\">Milan<\/a> y el <a alt=\"internazionale\" class=\"slug\" href=\"https:\/\/www.ole.com.ar\/tema\/internazionale.html\" target=\"_blank\" title=\"internazionale\" rel=\"noopener noreferrer\">Inter<\/a>. <strong>El charr\u00faa, por su parte, tiene contrato con el Cagliari, pero no seguir\u00eda en el club.<\/strong><\/p>\n<div class=\"sp__Normal\">\n<div class=\"image-embeb image-trigger\" readability=\"6\">\n<picture><source media=\"(min-width: 720px)\" srcset=\"http:\/\/hoycordobaweb.com\/wp-content\/uploads\/2021\/12\/un-ex-boca-en-el-radar-del-napoli-4.jpg\"><img itemprop=\"image\" src=\"http:\/\/hoycordobaweb.com\/wp-content\/uploads\/2021\/12\/un-ex-boca-en-el-radar-del-napoli-4.jpg\" loading=\"lazy\" alt=\"\u00bfD\u00f3nde estar\u00e1 el futuro de Nahitan N\u00e1ndez?\">\n<\/picture><figcaption readability=\"2\">\n<p>\u00bfD\u00f3nde estar\u00e1 el futuro de Nahitan N\u00e1ndez?\n<\/p>\n<\/figcaption><\/div>\n<\/div>\n<p>El volante uruguayo ya hab\u00eda sido buscado por los napolitanos con anterioridad y tambi\u00e9n por el Inter que, de concretarse la hipot\u00e9tica llegada del ex Boca a N\u00e1poles, deber\u00eda buscar otra alternativa para incorporar a su mediocampo. <strong>En Italia, N\u00e1ndez lleva 87 partidos, cuatro goles y nueve asistencias con la camiseta del equipo de Cerde\u00f1a.<\/strong><\/p>\n<div class=\"sp__SM\">\n<div class=\"content-new \">\n<span class=\"tit-mobile\">Mir\u00e1 tambi\u00e9n<\/span><\/p>\n<div class=\"mg\">\n<div class=\"wrap-figure\">\n<picture>\n<a href=\"https:\/\/www.ole.com.ar\/boca-juniors\/boca-barcelona-maradona-precios-entradas_0_LTDS4_6hn.html\" target=\"_self\" rel=\"noopener noreferrer\"><br \/>\n<img class=\"img-responsive\" alt=\"Las entradas de Boca - Barcelona: precios, disponibilidad y m\u00e1s\" src=\"http:\/\/hoycordobaweb.com\/wp-content\/uploads\/2021\/12\/un-ex-boca-en-el-radar-del-napoli-5.jpg\" loading=\"lazy\"><br \/>\n<\/a>\n<\/picture>\n<\/div>\n<\/div><\/div>\n<\/div>\n<div class=\"sp__Normal\">\n<div class=\"image-embeb image-trigger\" readability=\"6\">\n<picture><source media=\"(min-width: 720px)\" srcset=\"http:\/\/hoycordobaweb.com\/wp-content\/uploads\/2021\/12\/un-ex-boca-en-el-radar-del-napoli-6.jpg\"><img itemprop=\"image\" src=\"http:\/\/hoycordobaweb.com\/wp-content\/uploads\/2021\/12\/un-ex-boca-en-el-radar-del-napoli-6.jpg\" loading=\"lazy\" alt=\"Al uruguayo lo buscan desde el Napoli.\">\n<\/picture><figcaption readability=\"2\">\n<p>Al uruguayo lo buscan desde el Napoli.\n<\/p>\n<\/figcaption><\/div>\n<\/div>\n<div class=\"sp__SM\">\n<div class=\"content-new \">\n<span class=\"tit-mobile\">Mir\u00e1 tambi\u00e9n<\/span><\/p>\n<div class=\"mg\">\n<div class=\"wrap-figure\">\n<picture>\n<a href=\"https:\/\/www.ole.com.ar\/futbol-internacional\/haaland-gigantes-raiola_0_gIDFLnxIE.html\" target=\"_self\" rel=\"noopener noreferrer\"><br \/>\n<img class=\"img-responsive\" alt=\"Confirmado: Haaland jugar\u00e1 en uno de estos cuatro gigantes\" src=\"http:\/\/hoycordobaweb.com\/wp-content\/uploads\/2021\/12\/un-ex-boca-en-el-radar-del-napoli-7.jpg\" loading=\"lazy\"><br \/>\n<\/a>\n<\/picture>\n<\/div>\n<\/div><\/div>\n<\/div>\n<p>Hasta el momento, con 16 partidos de la actual temporada de la Serie A disputados, <strong>el Cagliari se encuentra en la 18\u00b0 posici\u00f3n con 10 puntos cosechados, producto de apenas una victoria, siete empates y ocho derrotas.<\/strong> En zona de descenso, si no remonta y escala algunos puestos antes del final del campeonato, podr\u00eda verse comprometido en relaci\u00f3n a la permanencia en la m\u00e1xima categor\u00eda del f\u00fatbol italiano.<\/p>\n<div class=\"sp__SM\">\n<div class=\"content-new \">\n<span class=\"tit-mobile\">Mir\u00e1 tambi\u00e9n<\/span><\/p>\n<div class=\"mg\">\n<div class=\"wrap-figure\">\n<picture>\n<a href=\"https:\/\/www.ole.com.ar\/boca-juniors\/battaglia-cara-gallardo-festejo-9-12_0_DranG19km.html\" target=\"_self\" rel=\"noopener noreferrer\"><br \/>\n<img class=\"img-responsive\" alt=\"Video: la imagen viral de Battaglia mientras Gallardo cantaba por el 9\/12\" src=\"http:\/\/hoycordobaweb.com\/wp-content\/uploads\/2021\/12\/un-ex-boca-en-el-radar-del-napoli-8.jpg\" loading=\"lazy\"><br \/>\n<\/a>\n<\/picture>\n<\/div>\n<\/div><\/div>\n<\/div>\n<div class=\"sp__SM\">\n<div class=\"content-new \">\n<span class=\"tit-mobile\">Mir\u00e1 tambi\u00e9n<\/span><\/p>\n<div class=\"mg\">\n<div class=\"wrap-figure\">\n<picture>\n<a href=\"https:\/\/www.ole.com.ar\/futbol-internacional\/dudamel-teo-gutierrez-emotivo-mensaje_0_EzWtV2okJ.html\" target=\"_self\" rel=\"noopener noreferrer\"><br \/>\n<img class=\"img-responsive\" alt=\"El emotivo mensaje de Dudamel para Teo Guti\u00e9rrez\" src=\"http:\/\/hoycordobaweb.com\/wp-content\/uploads\/2021\/12\/un-ex-boca-en-el-radar-del-napoli-9.jpg\" loading=\"lazy\"><br \/>\n<\/a>\n<\/picture>\n<\/div>\n<\/div><\/div>\n<\/div>\n<div class=\"sp__SM\">\n<div class=\"content-new \">\n<span class=\"tit-mobile\">Mir\u00e1 tambi\u00e9n<\/span><\/p>\n<div class=\"mg\">\n<div class=\"wrap-figure\">\n<picture>\n<a href=\"https:\/\/www.ole.com.ar\/futbol-internacional\/memes-cargadas-arquero-atlas_0_T9TmnNn6-.html\" target=\"_self\" rel=\"noopener noreferrer\"><br \/>\n<img class=\"img-responsive\" alt=\"Memes y cargadas para el arquero de Atlas tras la derrota en la primera final\" src=\"http:\/\/hoycordobaweb.com\/wp-content\/uploads\/2021\/12\/un-ex-boca-en-el-radar-del-napoli-10.jpg\" loading=\"lazy\"><br \/>\n<\/a>\n<\/picture>\n<\/div>\n<\/div><\/div>\n<\/div>\n<div class=\"entry-tags\">\n<h2>TEMAS QUE APARECEN EN ESTA NOTA<\/h2>\n<\/p><\/div>\n","protected":false},"excerpt":{"rendered":"<p>Nahitan N\u00e1ndez parti\u00f3 de Boca en 2019 para jugar en el Cagliari y se asent\u00f3 en el f\u00fatbol italiano, siendo uno de los volantes m\u00e1s buscados por otras instituciones de la Serie A en cada mercado de pases. Ahora, podr\u00eda dar un paso m\u00e1s en su carrera: desde el pa\u00eds europeo aseguran que el uruguayo, [&hellip;]<\/p>\n","protected":false},"author":1,"featured_media":34051,"comment_status":"open","ping_status":"closed","sticky":false,"template":"","format":"standard","meta":[],"categories":[16],"tags":[],"_links":{"self":[{"href":"http:\/\/hoycordobaweb.com\/index.php\/wp-json\/wp\/v2\/posts\/34050"}],"collection":[{"href":"http:\/\/hoycordobaweb.com\/index.php\/wp-json\/wp\/v2\/posts"}],"about":[{"href":"http:\/\/hoycordobaweb.com\/index.php\/wp-json\/wp\/v2\/types\/post"}],"author":[{"embeddable":true,"href":"http:\/\/hoycordobaweb.com\/index.php\/wp-json\/wp\/v2\/users\/1"}],"replies":[{"embeddable":true,"href":"http:\/\/hoycordobaweb.com\/index.php\/wp-json\/wp\/v2\/comments?post=34050"}],"version-history":[{"count":0,"href":"http:\/\/hoycordobaweb.com\/index.php\/wp-json\/wp\/v2\/posts\/34050\/revisions"}],"wp:featuredmedia":[{"embeddable":true,"href":"http:\/\/hoycordobaweb.com\/index.php\/wp-json\/wp\/v2\/media\/34051"}],"wp:attachment":[{"href":"http:\/\/hoycordobaweb.com\/index.php\/wp-json\/wp\/v2\/media?parent=34050"}],"wp:term":[{"taxonomy":"category","embeddable":true,"href":"http:\/\/hoycordobaweb.com\/index.php\/wp-json\/wp\/v2\/categories?post=34050"},{"taxonomy":"post_tag","embeddable":true,"href":"http:\/\/hoycordobaweb.com\/index.php\/wp-json\/wp\/v2\/tags?post=34050"}],"curies":[{"name":"wp","href":"https:\/\/api.w.org\/{rel}","templated":true}]}}