{"id":34027,"date":"2021-12-09T18:20:00","date_gmt":"2021-12-09T18:20:00","guid":{"rendered":"https:\/\/fm-comunicar.com.ar\/contenido\/18644\/que-informo-la-provincia-sobre-el-brote-de-covid-en-nuestra-zona"},"modified":"2021-12-09T18:20:00","modified_gmt":"2021-12-09T18:20:00","slug":"que-informo-la-provincia-sobre-el-brote-de-covid-en-nuestra-zona","status":"publish","type":"post","link":"http:\/\/hoycordobaweb.com\/index.php\/2021\/12\/09\/que-informo-la-provincia-sobre-el-brote-de-covid-en-nuestra-zona\/","title":{"rendered":"\u00bfQu\u00e9 inform\u00f3 la Provincia sobre el brote de Covid en nuestra zona?"},"content":{"rendered":"<p>En un extenso comunicado, la secretaria de Prevenci\u00f3n y Promoci\u00f3n de la Salud, Gabriela Barb\u00e1s dijo que \u00aben los primeros resultados, se podr\u00eda inferir que es una probable \u00d3micron\u00bb. Los medios nacionales se hicieron eco de la noticia.<img src=\"http:\/\/hoycordobaweb.com\/wp-content\/uploads\/2021\/12\/que-informo-la-provincia-sobre-el-brote-de-covid-en-nuestra-zona.jpg\"><\/p>\n","protected":false},"excerpt":{"rendered":"<p>En un extenso comunicado, la secretaria de Prevenci\u00f3n y Promoci\u00f3n de la Salud, Gabriela Barb\u00e1s dijo que \u00aben los primeros resultados, se podr\u00eda inferir que es una probable \u00d3micron\u00bb. Los medios nacionales se hicieron eco de la noticia.<\/p>\n","protected":false},"author":1,"featured_media":34028,"comment_status":"closed","ping_status":"closed","sticky":false,"template":"","format":"standard","meta":[],"categories":[18],"tags":[],"_links":{"self":[{"href":"http:\/\/hoycordobaweb.com\/index.php\/wp-json\/wp\/v2\/posts\/34027"}],"collection":[{"href":"http:\/\/hoycordobaweb.com\/index.php\/wp-json\/wp\/v2\/posts"}],"about":[{"href":"http:\/\/hoycordobaweb.com\/index.php\/wp-json\/wp\/v2\/types\/post"}],"author":[{"embeddable":true,"href":"http:\/\/hoycordobaweb.com\/index.php\/wp-json\/wp\/v2\/users\/1"}],"replies":[{"embeddable":true,"href":"http:\/\/hoycordobaweb.com\/index.php\/wp-json\/wp\/v2\/comments?post=34027"}],"version-history":[{"count":0,"href":"http:\/\/hoycordobaweb.com\/index.php\/wp-json\/wp\/v2\/posts\/34027\/revisions"}],"wp:featuredmedia":[{"embeddable":true,"href":"http:\/\/hoycordobaweb.com\/index.php\/wp-json\/wp\/v2\/media\/34028"}],"wp:attachment":[{"href":"http:\/\/hoycordobaweb.com\/index.php\/wp-json\/wp\/v2\/media?parent=34027"}],"wp:term":[{"taxonomy":"category","embeddable":true,"href":"http:\/\/hoycordobaweb.com\/index.php\/wp-json\/wp\/v2\/categories?post=34027"},{"taxonomy":"post_tag","embeddable":true,"href":"http:\/\/hoycordobaweb.com\/index.php\/wp-json\/wp\/v2\/tags?post=34027"}],"curies":[{"name":"wp","href":"https:\/\/api.w.org\/{rel}","templated":true}]}}