{"id":34023,"date":"2021-12-10T14:06:21","date_gmt":"2021-12-10T14:06:21","guid":{"rendered":"https:\/\/www.espinof.com\/trailers\/halo-deslumbrante-trailer-serie-paramount-plus-que-adapta-franquicia-videojuegos-microsoft"},"modified":"2021-12-10T14:06:21","modified_gmt":"2021-12-10T14:06:21","slug":"halo-deslumbrante-trailer-de-la-serie-de-paramount-que-adapta-la-franquicia-de-videojuegos-de-microsoft","status":"publish","type":"post","link":"http:\/\/hoycordobaweb.com\/index.php\/2021\/12\/10\/halo-deslumbrante-trailer-de-la-serie-de-paramount-que-adapta-la-franquicia-de-videojuegos-de-microsoft\/","title":{"rendered":"&#8216;Halo&#8217;: deslumbrante tr\u00e1iler de la serie de Paramount+ que adapta la franquicia de videojuegos de Microsoft"},"content":{"rendered":"<p>Ya est\u00e1 aqu\u00ed el primer y <strong>deslumbrante tr\u00e1iler<\/strong> de <a href=\"https:\/\/www.espinof.com\/trailers\/halo-the-series-desvela-su-primer-teaser-jefe-maestro-se-enfunda-traje-prometedora-adaptacion-videojuego\">&#8216;Halo: The Series&#8217;<\/a>, adaptaci\u00f3n televisiva del popular videojuego de Microsoft que <strong>estrenar\u00e1 Paramount+ en 2022<\/strong>. El lanzamiento del mismo ha tenido lugar durante la gala The Game Awards en la que tambi\u00e9n debut\u00f3 el esperado adelanto de <a href=\"https:\/\/www.espinof.com\/trailers\/espectacular-trailer-sonic-pelicula-2-jim-carrey-vuelve-a-enfrentarse-al-famoso-erizo-sega-esperada-secuela\">&#8216;Sonic: La pel\u00edcula 2&#8217;<\/a>.<\/p>\n<p><!-- BREAK 1 --><\/p>\n<p><strong>Prometedora<\/strong><\/p>\n<p>No puede decirse que el tr\u00e1iler desvele gran cosa, pro s\u00ed sirve para dejar claro que el apartado visual de &#8216;Halo: The Series&#8217; va a estar muy cuidado, algo imprescindible para hacer justicia al material visual. Adem\u00e1s, nos permite echar otro vistazo a <strong>Pablo Schreiber<\/strong> (<a href=\"https:\/\/www.espinof.com\/tag\/orange-is-the-new-black\">&#8216;Orange is the New Black&#8217;<\/a>) luciendo el traje de Master Chief.<\/p>\n<p><!-- BREAK 2 --> <\/p>\n<div class=\"article-asset article-asset-normal article-asset-center\">\n<div class=\"desvio-container\">\n<div class=\"desvio\">\n<div class=\"desvio-figure js-desvio-figure\"> <a href=\"https:\/\/www.espinof.com\/proyectos\/11-videojuegos-que-necesitamos-ver-convertidos-en-buenas-peliculas\"> <img alt=\"11 videojuegos que necesitamos ver convertidos en (buenas) pel\u00edculas\" src=\"http:\/\/hoycordobaweb.com\/wp-content\/uploads\/2021\/12\/halo-deslumbrante-trailer-de-la-serie-de-paramount-que-adapta-la-franquicia-de-videojuegos-de-microsoft.jpg\"> <\/a> <\/div><\/div><\/div>\n<\/div>\n<p>La serie se sit\u00faa en el siglo XXVI y su historia gira alrededor de<strong> un conflicto que enfrenta a la humanidad con una amenaza alien\u00edgena<\/strong> conocida por el nombre de Covenant. Se lleva desde 2015 intentando sacar adelante la serie -y <a href=\"https:\/\/www.espinof.com\/en-rodaje\/neill-blomkamp-dice-que-el-proyecto-de-halo-esta-muerto\">antes se quiso hacer pel\u00edcula<\/a>-, por lo que lo que es seguro es que han tenido tiempo de sobra para dar con la tecla adecuada para hacer una gran adaptaci\u00f3n.<\/p>\n<p><!-- BREAK 3 --><\/p>\n<p>La primera temporada de &#8216;Halo: The Series&#8217; constar\u00e1 de <strong>10 episodios <\/strong>y en su reparto tambi\u00e9n participan <strong>Natascha McElhone<\/strong>, Yerin Ha, Charlie Murphy, Shabana Azmi, Bokeem Woodbine, Olive Gray, Kate Kennedy, Natasha Culzac, Bentley Kalu y Danny Sapani.<\/p>\n<p><!-- BREAK 4 --> <\/p>\n","protected":false},"excerpt":{"rendered":"<p>Ya est\u00e1 aqu\u00ed el primer y deslumbrante tr\u00e1iler de &#8216;Halo: The Series&#8217;, adaptaci\u00f3n televisiva del popular videojuego de Microsoft que estrenar\u00e1 Paramount+ en 2022. El lanzamiento del mismo ha tenido lugar durante la gala The Game Awards en la que tambi\u00e9n debut\u00f3 el esperado adelanto de &#8216;Sonic: La pel\u00edcula 2&#8217;. Prometedora No puede decirse que [&hellip;]<\/p>\n","protected":false},"author":1,"featured_media":34024,"comment_status":"open","ping_status":"closed","sticky":false,"template":"","format":"standard","meta":[],"categories":[1],"tags":[],"_links":{"self":[{"href":"http:\/\/hoycordobaweb.com\/index.php\/wp-json\/wp\/v2\/posts\/34023"}],"collection":[{"href":"http:\/\/hoycordobaweb.com\/index.php\/wp-json\/wp\/v2\/posts"}],"about":[{"href":"http:\/\/hoycordobaweb.com\/index.php\/wp-json\/wp\/v2\/types\/post"}],"author":[{"embeddable":true,"href":"http:\/\/hoycordobaweb.com\/index.php\/wp-json\/wp\/v2\/users\/1"}],"replies":[{"embeddable":true,"href":"http:\/\/hoycordobaweb.com\/index.php\/wp-json\/wp\/v2\/comments?post=34023"}],"version-history":[{"count":0,"href":"http:\/\/hoycordobaweb.com\/index.php\/wp-json\/wp\/v2\/posts\/34023\/revisions"}],"wp:featuredmedia":[{"embeddable":true,"href":"http:\/\/hoycordobaweb.com\/index.php\/wp-json\/wp\/v2\/media\/34024"}],"wp:attachment":[{"href":"http:\/\/hoycordobaweb.com\/index.php\/wp-json\/wp\/v2\/media?parent=34023"}],"wp:term":[{"taxonomy":"category","embeddable":true,"href":"http:\/\/hoycordobaweb.com\/index.php\/wp-json\/wp\/v2\/categories?post=34023"},{"taxonomy":"post_tag","embeddable":true,"href":"http:\/\/hoycordobaweb.com\/index.php\/wp-json\/wp\/v2\/tags?post=34023"}],"curies":[{"name":"wp","href":"https:\/\/api.w.org\/{rel}","templated":true}]}}