{"id":34022,"date":"2021-12-10T13:08:17","date_gmt":"2021-12-10T13:08:17","guid":{"rendered":"https:\/\/fono.fcm.unc.edu.ar\/?p=8023"},"modified":"2021-12-10T13:08:17","modified_gmt":"2021-12-10T13:08:17","slug":"articulando-acciones-para-las-practicas-en-el-nuevo-plan-de-estudios","status":"publish","type":"post","link":"http:\/\/hoycordobaweb.com\/index.php\/2021\/12\/10\/articulando-acciones-para-las-practicas-en-el-nuevo-plan-de-estudios\/","title":{"rendered":"Articulando acciones para las Pr\u00e1cticas en el nuevo plan de estudios"},"content":{"rendered":"<h2 class=\"fusion-post-title\">Articulando acciones para las Pr\u00e1cticas en el nuevo plan de estudios<\/h2>\n<div class=\"post-content\" readability=\"40\">\n<p><img loading=\"lazy\" class=\"alignright wp-image-8027 size-fusion-400\" src=\"https:\/\/fono.fcm.unc.edu.ar\/wp-content\/uploads\/sites\/14\/2021\/12\/FinalizaronPracticas-presenciales-6-400x400.png\" alt width=\"400\" height=\"400\" srcset=\"https:\/\/fono.fcm.unc.edu.ar\/wp-content\/uploads\/sites\/14\/2021\/12\/FinalizaronPracticas-presenciales-6-66x66.png 66w, https:\/\/fono.fcm.unc.edu.ar\/wp-content\/uploads\/sites\/14\/2021\/12\/FinalizaronPracticas-presenciales-6-150x150.png 150w, https:\/\/fono.fcm.unc.edu.ar\/wp-content\/uploads\/sites\/14\/2021\/12\/FinalizaronPracticas-presenciales-6-200x200.png 200w, https:\/\/fono.fcm.unc.edu.ar\/wp-content\/uploads\/sites\/14\/2021\/12\/FinalizaronPracticas-presenciales-6-300x300.png 300w, https:\/\/fono.fcm.unc.edu.ar\/wp-content\/uploads\/sites\/14\/2021\/12\/FinalizaronPracticas-presenciales-6-400x400.png 400w, https:\/\/fono.fcm.unc.edu.ar\/wp-content\/uploads\/sites\/14\/2021\/12\/FinalizaronPracticas-presenciales-6-600x600.png 600w, https:\/\/fono.fcm.unc.edu.ar\/wp-content\/uploads\/sites\/14\/2021\/12\/FinalizaronPracticas-presenciales-6-768x768.png 768w, https:\/\/fono.fcm.unc.edu.ar\/wp-content\/uploads\/sites\/14\/2021\/12\/FinalizaronPracticas-presenciales-6-800x800.png 800w, https:\/\/fono.fcm.unc.edu.ar\/wp-content\/uploads\/sites\/14\/2021\/12\/FinalizaronPracticas-presenciales-6-1024x1024.png 1024w, https:\/\/fono.fcm.unc.edu.ar\/wp-content\/uploads\/sites\/14\/2021\/12\/FinalizaronPracticas-presenciales-6.png 1080w\" sizes=\"(max-width: 400px) 100vw, 400px\">Se avanza en los procesos de articulaci\u00f3n para la implementaci\u00f3n del nuevo plan de estudio en el a\u00f1o 2022.<\/p>\n<p>En esta direcci\u00f3n durante la ma\u00f1ana de ayer, 9 de diciembre, se llev\u00f3 a cabo una actividad con las docentes de las asignaturas de Pr\u00e1cticas de I, II y III Nivel. Con los desaf\u00edos encuadrados dentro del art\u00edculo 43 y la nueva ley de ejercicio profesional.<\/p>\n<\/p><\/div>\n","protected":false},"excerpt":{"rendered":"<p>Articulando acciones para las Pr\u00e1cticas en el nuevo plan de estudios Se avanza en los procesos de articulaci\u00f3n para la implementaci\u00f3n del nuevo plan de estudio en el a\u00f1o 2022. En esta direcci\u00f3n durante la ma\u00f1ana de ayer, 9 de diciembre, se llev\u00f3 a cabo una actividad con las docentes de las asignaturas de Pr\u00e1cticas [&hellip;]<\/p>\n","protected":false},"author":1,"featured_media":0,"comment_status":"closed","ping_status":"closed","sticky":false,"template":"","format":"standard","meta":[],"categories":[1],"tags":[],"_links":{"self":[{"href":"http:\/\/hoycordobaweb.com\/index.php\/wp-json\/wp\/v2\/posts\/34022"}],"collection":[{"href":"http:\/\/hoycordobaweb.com\/index.php\/wp-json\/wp\/v2\/posts"}],"about":[{"href":"http:\/\/hoycordobaweb.com\/index.php\/wp-json\/wp\/v2\/types\/post"}],"author":[{"embeddable":true,"href":"http:\/\/hoycordobaweb.com\/index.php\/wp-json\/wp\/v2\/users\/1"}],"replies":[{"embeddable":true,"href":"http:\/\/hoycordobaweb.com\/index.php\/wp-json\/wp\/v2\/comments?post=34022"}],"version-history":[{"count":0,"href":"http:\/\/hoycordobaweb.com\/index.php\/wp-json\/wp\/v2\/posts\/34022\/revisions"}],"wp:attachment":[{"href":"http:\/\/hoycordobaweb.com\/index.php\/wp-json\/wp\/v2\/media?parent=34022"}],"wp:term":[{"taxonomy":"category","embeddable":true,"href":"http:\/\/hoycordobaweb.com\/index.php\/wp-json\/wp\/v2\/categories?post=34022"},{"taxonomy":"post_tag","embeddable":true,"href":"http:\/\/hoycordobaweb.com\/index.php\/wp-json\/wp\/v2\/tags?post=34022"}],"curies":[{"name":"wp","href":"https:\/\/api.w.org\/{rel}","templated":true}]}}