{"id":34020,"date":"2021-12-10T13:00:00","date_gmt":"2021-12-10T13:00:00","guid":{"rendered":"http:\/\/hoycordobaweb.com\/index.php\/2021\/12\/10\/gremio-le-pidio-perdon-a-sus-hinchas-por-el-descenso-mediante-una-carta\/"},"modified":"2021-12-10T13:00:00","modified_gmt":"2021-12-10T13:00:00","slug":"gremio-le-pidio-perdon-a-sus-hinchas-por-el-descenso-mediante-una-carta","status":"publish","type":"post","link":"http:\/\/hoycordobaweb.com\/index.php\/2021\/12\/10\/gremio-le-pidio-perdon-a-sus-hinchas-por-el-descenso-mediante-una-carta\/","title":{"rendered":"Gremio le pidi\u00f3 perd\u00f3n a sus hinchas por el descenso mediante una carta"},"content":{"rendered":"<p><img src=\"http:\/\/hoycordobaweb.com\/wp-content\/uploads\/2021\/12\/gremio-le-pidio-perdon-a-sus-hinchas-por-el-descenso-mediante-una-carta.jpg\"><\/p>\n<figure class=\"mb-3\"><img loading=\"lazy\" src=\"http:\/\/hoycordobaweb.com\/wp-content\/uploads\/2021\/12\/gremio-le-pidio-perdon-a-sus-hinchas-por-el-descenso-mediante-una-carta-2.jpg\" width=\"100%\" height=\"100%\" alt=\"Gremio de Porto Alegre descendi por tercera vez en su historia\"><figcaption> Gremio de Porto Alegre descendi\u00f3 por tercera vez en su historia. <\/figcaption><\/figure>\n<p>Gremio de Porto Alegre, que la noche del jueves pese a vencer al Atl\u00e9tico Mineiro descendi\u00f3 por tercera vez en su historia a la segunda divisi\u00f3n brasile\u00f1a de f\u00fatbol, le pidi\u00f3 perd\u00f3n a su hinchada por el fracaso deportivo a trav\u00e9s de redes sociales y reafirm\u00f3 la grandeza del club pese a este mal momento.<\/p>\n<p><strong>\u00abEste es un momento de dolor para cada uno de los m\u00e1s de 10 millones de fan\u00e1ticos de Gremio repartidos por R\u00edo Grande y alrededor del mundo. Dolor e indignaci\u00f3n: sentimientos que son m\u00e1s que leg\u00edtimos y necesitan ser escuchados y respetados\u00bb expres\u00f3 el primer p\u00e1rrafo de la misiva.<\/strong><\/p>\n<p>La carta continu\u00f3 a\u00f1adiendo: \u00abNuestra obligaci\u00f3n es disculparnos, reconocer los errores y trabajar con humildad y energ\u00eda para corregir el rumbo y afrontar los retos que nos impone el 2022. Somos plenamente conscientes de lo que nos espera. Tengan la seguridad de que se tomar\u00e1n todas las medidas, sin excepci\u00f3n\u00bb.<\/p>\n<p>La noche del jueves Gremio, que tiene en su plantel a los argentinos Walter Kannemann y Diego Chur\u00edn, venci\u00f3 al campe\u00f3n Mineiro, que present\u00f3 un equipo alternativo, por 4 a 3, pero descendi\u00f3 al quedar en los \u00faltimos cuatro puestos debido al triunfo de Fortaleza ante Corinthians por 1 a 0.<\/p>\n<p><strong>La nota del Gremio asegur\u00f3 adem\u00e1s: \u00abQue nadie se atreva a dudar de nuestra grandeza. Pero no ser\u00e1 por la camiseta, las copas o el tama\u00f1o de nuestro club que volveremos al lugar que exige nuestra historia<\/strong>. Gremio volver\u00e1 para un trabajo serio, con los pies en la tierra y haciendo lo que hay que hacer, por una reformulaci\u00f3n profunda y por la fuerza de esta naci\u00f3n que nunca deja de apoyar\u00bb. <\/p>\n","protected":false},"excerpt":{"rendered":"<p>Gremio de Porto Alegre descendi\u00f3 por tercera vez en su historia. Gremio de Porto Alegre, que la noche del jueves pese a vencer al Atl\u00e9tico Mineiro descendi\u00f3 por tercera vez en su historia a la segunda divisi\u00f3n brasile\u00f1a de f\u00fatbol, le pidi\u00f3 perd\u00f3n a su hinchada por el fracaso deportivo a trav\u00e9s de redes sociales [&hellip;]<\/p>\n","protected":false},"author":1,"featured_media":34021,"comment_status":"open","ping_status":"closed","sticky":false,"template":"","format":"standard","meta":[],"categories":[16],"tags":[],"_links":{"self":[{"href":"http:\/\/hoycordobaweb.com\/index.php\/wp-json\/wp\/v2\/posts\/34020"}],"collection":[{"href":"http:\/\/hoycordobaweb.com\/index.php\/wp-json\/wp\/v2\/posts"}],"about":[{"href":"http:\/\/hoycordobaweb.com\/index.php\/wp-json\/wp\/v2\/types\/post"}],"author":[{"embeddable":true,"href":"http:\/\/hoycordobaweb.com\/index.php\/wp-json\/wp\/v2\/users\/1"}],"replies":[{"embeddable":true,"href":"http:\/\/hoycordobaweb.com\/index.php\/wp-json\/wp\/v2\/comments?post=34020"}],"version-history":[{"count":0,"href":"http:\/\/hoycordobaweb.com\/index.php\/wp-json\/wp\/v2\/posts\/34020\/revisions"}],"wp:featuredmedia":[{"embeddable":true,"href":"http:\/\/hoycordobaweb.com\/index.php\/wp-json\/wp\/v2\/media\/34021"}],"wp:attachment":[{"href":"http:\/\/hoycordobaweb.com\/index.php\/wp-json\/wp\/v2\/media?parent=34020"}],"wp:term":[{"taxonomy":"category","embeddable":true,"href":"http:\/\/hoycordobaweb.com\/index.php\/wp-json\/wp\/v2\/categories?post=34020"},{"taxonomy":"post_tag","embeddable":true,"href":"http:\/\/hoycordobaweb.com\/index.php\/wp-json\/wp\/v2\/tags?post=34020"}],"curies":[{"name":"wp","href":"https:\/\/api.w.org\/{rel}","templated":true}]}}