{"id":34012,"date":"2021-12-09T18:01:55","date_gmt":"2021-12-09T18:01:55","guid":{"rendered":"https:\/\/www.trendencias.com\/complementos-ellas\/estos-pendientes-sfera-que-anadiran-elegancia-a-todos-nuestros-estilismos-fiesta-dia-a-dia"},"modified":"2021-12-09T18:01:55","modified_gmt":"2021-12-09T18:01:55","slug":"estos-son-los-pendientes-de-sfera-que-anadiran-elegancia-a-todos-nuestros-estilismos-de-fiesta-o-del-dia-a-dia","status":"publish","type":"post","link":"http:\/\/hoycordobaweb.com\/index.php\/2021\/12\/09\/estos-son-los-pendientes-de-sfera-que-anadiran-elegancia-a-todos-nuestros-estilismos-de-fiesta-o-del-dia-a-dia\/","title":{"rendered":"Estos son los pendientes de Sfera que a\u00f1adir\u00e1n elegancia a todos nuestros estilismos (de fiesta o del d\u00eda a d\u00eda)"},"content":{"rendered":"<p>A sabiendas que los detalles marcan la diferencia, <strong>Sfera<\/strong> aprovecha la llegada de la <a href=\"https:\/\/www.trendencias.com\/vestidos\/este-llamativo-vestido-verde-sfera-que-promete-convertirnos-mejor-vestida-reuniones-familiares\">\u00e9poca de fiestas<\/a> para lanzar <a href=\"https:\/\/www.trendencias.com\/complementos-ellas\/vas-a-querer-agujerearte-orejas-para-poder-llevar-todos-nuevos-pendientes-parfois\">una colecci\u00f3n de pendientes<\/a> atrevidos, llamativos y diferentes. <strong>De gran tama\u00f1o<\/strong> y brillantes, estos modelos son capaces de <a href=\"https:\/\/www.trendencias.com\/marcas\/rojos-acampanados-repletos-lentejuelas-asi-pantalones-que-nos-haran-brillar-estas-navidades-low-cost\">transformar cualquier look<\/a> -incluso los m\u00e1s casual-.&nbsp;<\/p>\n<p><!-- BREAK 1 --><\/p>\n<div class=\"article-asset article-asset-normal article-asset-center\">\n<div class=\"desvio-container\">\n<div class=\"desvio\">\n<div class=\"desvio-figure js-desvio-figure\"> <a href=\"https:\/\/www.trendencias.com\/vestidos\/este-llamativo-vestido-verde-sfera-que-promete-convertirnos-mejor-vestida-reuniones-familiares\"> <img alt=\"Este es el (llamativo) vestido verde de Sfera que promete convertirnos en la mejor vestida de las reuniones familiares \" src=\"http:\/\/hoycordobaweb.com\/wp-content\/uploads\/2021\/12\/estos-son-los-pendientes-de-sfera-que-anadiran-elegancia-a-todos-nuestros-estilismos-de-fiesta-o-del-dia-a-dia.jpg\"> <\/a> <\/div><\/div><\/div>\n<\/div>\n<h2>Modelos en tama\u00f1o XXL<\/h2>\n<p>Esta temporada no se lleva el tener miedo a <del>dar la nota<\/del> destacar y estos pendientes nos lo recuerdan. En tama\u00f1o extra grande, estas propuestas quieren convertirse en el centro de atenci\u00f3n y elevar el estilismo final a lo m\u00e1s alto.<\/p>\n<p><!-- BREAK 2 --> <\/p>\n<div class=\"article-asset-image article-asset-normal article-asset-center\">\n<div class=\"asset-content\">\n<div class=\"base-wrapper-image\"> <img class=\"sf-lazy centro_sinmarco\" data-sf-srcset=\"http:\/\/hoycordobaweb.com\/wp-content\/uploads\/2021\/12\/estos-son-los-pendientes-de-sfera-que-anadiran-elegancia-a-todos-nuestros-estilismos-de-fiesta-o-del-dia-a-dia-1.jpg 450w, http:\/\/hoycordobaweb.com\/wp-content\/uploads\/2021\/12\/estos-son-los-pendientes-de-sfera-que-anadiran-elegancia-a-todos-nuestros-estilismos-de-fiesta-o-del-dia-a-dia-7.jpg 681w,http:\/\/hoycordobaweb.com\/wp-content\/uploads\/2021\/12\/estos-son-los-pendientes-de-sfera-que-anadiran-elegancia-a-todos-nuestros-estilismos-de-fiesta-o-del-dia-a-dia-8.jpg 1024w, http:\/\/hoycordobaweb.com\/wp-content\/uploads\/2021\/12\/estos-son-los-pendientes-de-sfera-que-anadiran-elegancia-a-todos-nuestros-estilismos-de-fiesta-o-del-dia-a-dia-9.jpg 1366w,\" data-sf-src=\"http:\/\/hoycordobaweb.com\/wp-content\/uploads\/2021\/12\/estos-son-los-pendientes-de-sfera-que-anadiran-elegancia-a-todos-nuestros-estilismos-de-fiesta-o-del-dia-a-dia-1.jpg\" alt=\"Sfera Pendientes Fiesta 2021 2022 04\"> <noscript><img alt=\"Sfera Pendientes Fiesta 2021 2022 04\" class=\"centro_sinmarco\" src=\"http:\/\/hoycordobaweb.com\/wp-content\/uploads\/2021\/12\/estos-son-los-pendientes-de-sfera-que-anadiran-elegancia-a-todos-nuestros-estilismos-de-fiesta-o-del-dia-a-dia-1.jpg\"><\/noscript> <\/div><\/div>\n<\/div>\n<p> <!-- PIVOT START --><\/p>\n<div class=\"pivot-ecommerce-container\">\n<div class=\"pivot-ecommerce\" readability=\"2.7931034482759\">\n<div class=\"pivot-ecommerce-figure\"> <img alt=\"Pendientes piedras azules.\" src=\"http:\/\/hoycordobaweb.com\/wp-content\/uploads\/2021\/12\/estos-son-los-pendientes-de-sfera-que-anadiran-elegancia-a-todos-nuestros-estilismos-de-fiesta-o-del-dia-a-dia-2.jpg\"> <\/div>\n<div class=\"pivot-ecommerce-summary\" readability=\"3.2586206896552\">\n<p class=\"pivot-ecommerce-desc\">Pendientes piedras azules.<\/p>\n<\/p><\/div><\/div>\n<\/div>\n<p><!-- PIVOT END --><\/p>\n<p>Ya sea para aderezar un look de fiesta o para a\u00f1adir un toque distinto a un sencillo estilismo del d\u00eda a d\u00eda, estas propuestas son perfectas para tenerlas como <em>fondo de armario<\/em>.<\/p>\n<p><!-- BREAK 3 --><\/p>\n<div class=\"article-asset-image article-asset-normal article-asset-center\">\n<div class=\"asset-content\">\n<div class=\"base-wrapper-image\"> <img class=\"sf-lazy centro_sinmarco\" data-sf-srcset=\"http:\/\/hoycordobaweb.com\/wp-content\/uploads\/2021\/12\/estos-son-los-pendientes-de-sfera-que-anadiran-elegancia-a-todos-nuestros-estilismos-de-fiesta-o-del-dia-a-dia-3.jpg 450w, http:\/\/hoycordobaweb.com\/wp-content\/uploads\/2021\/12\/estos-son-los-pendientes-de-sfera-que-anadiran-elegancia-a-todos-nuestros-estilismos-de-fiesta-o-del-dia-a-dia-10.jpg 681w,http:\/\/hoycordobaweb.com\/wp-content\/uploads\/2021\/12\/estos-son-los-pendientes-de-sfera-que-anadiran-elegancia-a-todos-nuestros-estilismos-de-fiesta-o-del-dia-a-dia-11.jpg 1024w, http:\/\/hoycordobaweb.com\/wp-content\/uploads\/2021\/12\/estos-son-los-pendientes-de-sfera-que-anadiran-elegancia-a-todos-nuestros-estilismos-de-fiesta-o-del-dia-a-dia-12.jpg 1366w,\" data-sf-src=\"http:\/\/hoycordobaweb.com\/wp-content\/uploads\/2021\/12\/estos-son-los-pendientes-de-sfera-que-anadiran-elegancia-a-todos-nuestros-estilismos-de-fiesta-o-del-dia-a-dia-3.jpg\" alt=\"Sfera Pendientes Fiesta 2021 2022 01\"> <noscript><img alt=\"Sfera Pendientes Fiesta 2021 2022 01\" class=\"centro_sinmarco\" src=\"http:\/\/hoycordobaweb.com\/wp-content\/uploads\/2021\/12\/estos-son-los-pendientes-de-sfera-que-anadiran-elegancia-a-todos-nuestros-estilismos-de-fiesta-o-del-dia-a-dia-3.jpg\"><\/noscript> <\/div><\/div>\n<\/div>\n<p> <!-- PIVOT START --><\/p>\n<div class=\"pivot-ecommerce-container\">\n<div class=\"pivot-ecommerce\" readability=\"2.6896551724138\">\n<div class=\"pivot-ecommerce-figure\"> <img alt=\"Pendientes largos piezas.\" src=\"http:\/\/hoycordobaweb.com\/wp-content\/uploads\/2021\/12\/estos-son-los-pendientes-de-sfera-que-anadiran-elegancia-a-todos-nuestros-estilismos-de-fiesta-o-del-dia-a-dia-4.jpg\"> <\/div>\n<div class=\"pivot-ecommerce-summary\" readability=\"3.1379310344828\">\n<p class=\"pivot-ecommerce-desc\">Pendientes largos piezas.<\/p>\n<\/p><\/div><\/div>\n<\/div>\n<p><!-- PIVOT END --><\/p>\n<p>Variando en el color y el estilo, estas propuestas pretenden rompernos el coraz\u00f3n de manera <del>casi<\/del> autom\u00e1tica. Ya sea con un look casual a base de pantalones denim o con un vestido de c\u00f3ctel, estos modelos prometen mimetizarse con todo.&nbsp;<\/p>\n<p><!-- BREAK 4 --><\/p>\n<div class=\"article-asset-image article-asset-normal article-asset-center\">\n<div class=\"asset-content\">\n<div class=\"base-wrapper-image\"> <img class=\"sf-lazy centro_sinmarco\" data-sf-srcset=\"http:\/\/hoycordobaweb.com\/wp-content\/uploads\/2021\/12\/estos-son-los-pendientes-de-sfera-que-anadiran-elegancia-a-todos-nuestros-estilismos-de-fiesta-o-del-dia-a-dia-5.jpg 450w, http:\/\/hoycordobaweb.com\/wp-content\/uploads\/2021\/12\/estos-son-los-pendientes-de-sfera-que-anadiran-elegancia-a-todos-nuestros-estilismos-de-fiesta-o-del-dia-a-dia-13.jpg 681w,http:\/\/hoycordobaweb.com\/wp-content\/uploads\/2021\/12\/estos-son-los-pendientes-de-sfera-que-anadiran-elegancia-a-todos-nuestros-estilismos-de-fiesta-o-del-dia-a-dia-14.jpg 1024w, http:\/\/hoycordobaweb.com\/wp-content\/uploads\/2021\/12\/estos-son-los-pendientes-de-sfera-que-anadiran-elegancia-a-todos-nuestros-estilismos-de-fiesta-o-del-dia-a-dia-15.jpg 1366w,\" data-sf-src=\"http:\/\/hoycordobaweb.com\/wp-content\/uploads\/2021\/12\/estos-son-los-pendientes-de-sfera-que-anadiran-elegancia-a-todos-nuestros-estilismos-de-fiesta-o-del-dia-a-dia-5.jpg\" alt=\"Sfera Pendientes Fiesta 2021 2022 05\"> <noscript><img alt=\"Sfera Pendientes Fiesta 2021 2022 05\" class=\"centro_sinmarco\" src=\"http:\/\/hoycordobaweb.com\/wp-content\/uploads\/2021\/12\/estos-son-los-pendientes-de-sfera-que-anadiran-elegancia-a-todos-nuestros-estilismos-de-fiesta-o-del-dia-a-dia-5.jpg\"><\/noscript> <\/div><\/div>\n<\/div>\n<p><em>Nota: algunos de los enlaces aqu\u00ed publicados son de afiliados. A pesar de ello, ninguno de los art\u00edculos mencionados han sido propuestos ni por las marcas ni por las tiendas, siendo su introducci\u00f3n una decisi\u00f3n \u00fanica del equipo de editores.<\/em><\/p>\n<p><!-- BREAK 5 --><\/p>\n<p>Fotos | Sfera<\/p>\n","protected":false},"excerpt":{"rendered":"<p>A sabiendas que los detalles marcan la diferencia, Sfera aprovecha la llegada de la \u00e9poca de fiestas para lanzar una colecci\u00f3n de pendientes atrevidos, llamativos y diferentes. De gran tama\u00f1o y brillantes, estos modelos son capaces de transformar cualquier look -incluso los m\u00e1s casual-.&nbsp; Modelos en tama\u00f1o XXL Esta temporada no se lleva el tener [&hellip;]<\/p>\n","protected":false},"author":1,"featured_media":34013,"comment_status":"closed","ping_status":"closed","sticky":false,"template":"","format":"standard","meta":[],"categories":[1],"tags":[],"_links":{"self":[{"href":"http:\/\/hoycordobaweb.com\/index.php\/wp-json\/wp\/v2\/posts\/34012"}],"collection":[{"href":"http:\/\/hoycordobaweb.com\/index.php\/wp-json\/wp\/v2\/posts"}],"about":[{"href":"http:\/\/hoycordobaweb.com\/index.php\/wp-json\/wp\/v2\/types\/post"}],"author":[{"embeddable":true,"href":"http:\/\/hoycordobaweb.com\/index.php\/wp-json\/wp\/v2\/users\/1"}],"replies":[{"embeddable":true,"href":"http:\/\/hoycordobaweb.com\/index.php\/wp-json\/wp\/v2\/comments?post=34012"}],"version-history":[{"count":0,"href":"http:\/\/hoycordobaweb.com\/index.php\/wp-json\/wp\/v2\/posts\/34012\/revisions"}],"wp:featuredmedia":[{"embeddable":true,"href":"http:\/\/hoycordobaweb.com\/index.php\/wp-json\/wp\/v2\/media\/34013"}],"wp:attachment":[{"href":"http:\/\/hoycordobaweb.com\/index.php\/wp-json\/wp\/v2\/media?parent=34012"}],"wp:term":[{"taxonomy":"category","embeddable":true,"href":"http:\/\/hoycordobaweb.com\/index.php\/wp-json\/wp\/v2\/categories?post=34012"},{"taxonomy":"post_tag","embeddable":true,"href":"http:\/\/hoycordobaweb.com\/index.php\/wp-json\/wp\/v2\/tags?post=34012"}],"curies":[{"name":"wp","href":"https:\/\/api.w.org\/{rel}","templated":true}]}}