{"id":34000,"date":"2021-12-09T17:20:25","date_gmt":"2021-12-09T17:20:25","guid":{"rendered":"https:\/\/www.ole.com.ar\/futbol-internacional\/bayern-munich-kimmich-covid-secuela_0_5MkaVGWyK.html"},"modified":"2021-12-09T17:20:25","modified_gmt":"2021-12-09T17:20:25","slug":"kimmich-de-no-vacunarse-a-no-jugar-hasta-el-ano-que-viene-por-secuelas-de-covid","status":"publish","type":"post","link":"http:\/\/hoycordobaweb.com\/index.php\/2021\/12\/09\/kimmich-de-no-vacunarse-a-no-jugar-hasta-el-ano-que-viene-por-secuelas-de-covid\/","title":{"rendered":"Kimmich, de no vacunarse a no jugar hasta el a\u00f1o que viene por secuelas de Covid"},"content":{"rendered":"<p><img src=\"http:\/\/hoycordobaweb.com\/wp-content\/uploads\/2021\/12\/kimmich-de-no-vacunarse-a-no-jugar-hasta-el-ano-que-viene-por-secuelas-de-covid.jpg\"><\/p>\n<p><strong><a alt=\"joshua-kimmich\" class=\"slug\" href=\"https:\/\/www.ole.com.ar\/tema\/joshua-kimmich.html\" target=\"_blank\" title=\"joshua-kimmich\" rel=\"noopener noreferrer\">Joshua Kimmich<\/a><\/strong>, junto con otros cuatro futbolistas del Bayern Munich, estuvieron en el centro de las cr\u00edticas por haber rechazado las vacunas contra el Covid, una postura que adopt\u00f3 una porci\u00f3n importante de la sociedad europea y alemana especialmente y que est\u00e1 generando problemas significativos en relaci\u00f3n a la pandemia<strong>. Y ahora sufre en carne propia.<\/strong><\/p>\n<div class=\"sp__SM\">\n<div class=\"content-new \">\n<span class=\"tit-mobile\">Mir\u00e1 tambi\u00e9n<\/span><\/p>\n<div class=\"mg\">\n<div class=\"wrap-figure\">\n<picture>\n<a href=\"https:\/\/www.ole.com.ar\/futbol-internacional\/espana\/league-bayern-munich_0_IbUm9TzVh.html\" target=\"_self\" rel=\"noopener noreferrer\"><br \/>\n<img class=\"img-responsive\" alt=\"La promesa de Xavi a Laporta tras el papel\u00f3n del Barcelona en Champions\" src=\"http:\/\/hoycordobaweb.com\/wp-content\/uploads\/2021\/12\/kimmich-de-no-vacunarse-a-no-jugar-hasta-el-ano-que-viene-por-secuelas-de-covid-2.jpg\" loading=\"lazy\"><br \/>\n<\/a>\n<\/picture>\n<\/div>\n<\/div><\/div>\n<\/div>\n<p><strong>El mediocampista, que se manifest\u00f3 como anti-vacunas, contrajo covid hace unas semanas luego de no estar inmunizado por decisi\u00f3n propia.<\/strong> Antes de infectarse, ya hab\u00eda sufrido una rebaja en su sueldo de parte del <strong><a alt=\"bayern-munich\" class=\"slug\" href=\"https:\/\/www.ole.com.ar\/tema\/bayern-munich.html\" target=\"_blank\" title=\"bayern-munich\" rel=\"noopener noreferrer\">Bayern Munich, <\/a><\/strong>a partir de una normativa que lanz\u00f3 el club para aquellos que no contaban con ninguna dosis.<\/p>\n<div class=\"sp__SM\">\n<div class=\"content-new \">\n<span class=\"tit-mobile\">Mir\u00e1 tambi\u00e9n<\/span><\/p>\n<div class=\"mg\">\n<div class=\"wrap-figure\">\n<picture>\n<a href=\"https:\/\/www.ole.com.ar\/futbol-internacional\/lenglet-explico-lewandowski_0_vvdfgObME.html\" target=\"_self\" rel=\"noopener noreferrer\"><br \/>\n<img class=\"img-responsive\" alt=\"Lenglet explic\u00f3 su pol\u00e9mica foto con Lewandowski\" src=\"http:\/\/hoycordobaweb.com\/wp-content\/uploads\/2021\/12\/kimmich-de-no-vacunarse-a-no-jugar-hasta-el-ano-que-viene-por-secuelas-de-covid-3.jpg\" loading=\"lazy\"><br \/>\n<\/a>\n<\/picture>\n<\/div>\n<\/div><\/div>\n<\/div>\n<h2><strong>M\u00c1S PROBLEMAS<\/strong><\/h2>\n<p>Esta postura le trajo varios inconvenientes a Kimmich. Luego de dar positivo, tuvo que aislarse y present\u00f3 algunos s\u00edntomas que, aunque no fueron de gravedad, lo incomodaron y requiri\u00f3 un seguimiento m\u00e9dico. Con el tiempo, <strong>luego de que el virus desapareciera y ya no contagiara m\u00e1s, se le detect\u00f3 un deficiencia pulmonar que encendi\u00f3 las alarmas.<\/strong><\/p>\n<div class=\"sp__SM\">\n<div class=\"content-new \">\n<span class=\"tit-mobile\">Mir\u00e1 tambi\u00e9n<\/span><\/p>\n<div class=\"mg\">\n<div class=\"wrap-figure\">\n<picture>\n<a href=\"https:\/\/www.ole.com.ar\/esports\/diego-schwartzman_0_VMuiN96cl.html\" target=\"_self\" rel=\"noopener noreferrer\"><br \/>\n<img class=\"img-responsive\" alt=\"El Peque Schwartzman y el mundo de los Esports\" src=\"http:\/\/hoycordobaweb.com\/wp-content\/uploads\/2021\/12\/kimmich-de-no-vacunarse-a-no-jugar-hasta-el-ano-que-viene-por-secuelas-de-covid-4.jpg\" loading=\"lazy\"><br \/>\n<\/a>\n<\/picture>\n<\/div>\n<\/div><\/div>\n<\/div>\n<p>El club b\u00e1varo comunic\u00f3 este jueves en un comunicado que public\u00f3 en sus redes sociales que el equipo no podr\u00e1 contar con el futbolista en los compromisos que restan en este 2021. En ese mensaje, el propio jugador se manifiesta y cuenta que <strong>est\u00e1 \u00abfeliz\u00bb de que su autoaislamiento causado por el coronavirus haya terminado.<\/strong><\/p>\n<div class=\"sp__SM\">\n<div class=\"content-new \">\n<span class=\"tit-mobile\">Mir\u00e1 tambi\u00e9n<\/span><\/p>\n<div class=\"mg\">\n<div class=\"wrap-figure\">\n<picture>\n<a href=\"https:\/\/www.ole.com.ar\/hockey\/arquero-oro-nehuen-hernando_0_ds2eQM9CL.html\" target=\"_self\" rel=\"noopener noreferrer\"><br \/>\n<img class=\"img-responsive\" alt=\"\u00a1Un arquero de Oro!\" src=\"http:\/\/hoycordobaweb.com\/wp-content\/uploads\/2021\/12\/kimmich-de-no-vacunarse-a-no-jugar-hasta-el-ano-que-viene-por-secuelas-de-covid-5.jpg\" loading=\"lazy\"><br \/>\n<\/a>\n<\/picture>\n<\/div>\n<\/div><\/div>\n<\/div>\n<p>Sin embargo, fue a trav\u00e9s de sus palabras que tambi\u00e9n explic\u00f3 mediante el comunicado del club que no estar\u00e1 disponible: <strong>\u00abEstoy bien, pero todav\u00eda no me puedo entrenar a fondo debido a <mark><em>una peque\u00f1a lesi\u00f3n en los pulmones. Voy a seguir un entrenamiento de readaptaci\u00f3n, tengo muchas ganas de estar de vuelta\u00bb.<\/em><\/mark><\/strong><\/p>\n<div class=\"sp__SM\">\n<div class=\"content-new \">\n<span class=\"tit-mobile\">Mir\u00e1 tambi\u00e9n<\/span><\/p>\n<div class=\"mg\">\n<div class=\"wrap-figure\">\n<picture>\n<a href=\"https:\/\/www.ole.com.ar\/futbol-internacional\/champions\/barcelona-ultima-vez-afuera-champions_0_7pRUI0TbC.html\" target=\"_self\" rel=\"noopener noreferrer\"><br \/>\n<img class=\"img-responsive\" alt=\"\u00bfCu\u00e1ndo fue la \u00faltima vez que el Barsa se qued\u00f3 afuera en primera ronda de Champions?\" src=\"http:\/\/hoycordobaweb.com\/wp-content\/uploads\/2021\/12\/kimmich-de-no-vacunarse-a-no-jugar-hasta-el-ano-que-viene-por-secuelas-de-covid-6.jpg\" loading=\"lazy\"><br \/>\n<\/a>\n<\/picture>\n<\/div>\n<\/div><\/div>\n<\/div>\n<p>Al menos hasta enero, el hombre de 26 a\u00f1os estar\u00e1 ausente en tres partidos, todos ellos por la Bundesliga. El primero ser\u00e1 ante el Mainz, Stuttgart y <strong>cerrar\u00e1 el a\u00f1o frente al Wolfsburgo como local. Kimmich podr\u00eda regresar el 7 de enero, cuando su equipo reciba al Borussia Monchengladbach.<\/strong><\/p>\n<div class=\"sp__SM\">\n<div class=\"content-new \">\n<span class=\"tit-mobile\">Mir\u00e1 tambi\u00e9n<\/span><\/p>\n<div class=\"mg\">\n<div class=\"wrap-figure\">\n<picture>\n<a href=\"https:\/\/www.ole.com.ar\/futbol-internacional\/champions\/salzburgo-sevilla-champions-league_0_8ip0flOU0.html\" target=\"_self\" rel=\"noopener noreferrer\"><br \/>\n<img class=\"img-responsive\" alt=\"Golpe al Sevilla &quot;argentino&quot;\" src=\"http:\/\/hoycordobaweb.com\/wp-content\/uploads\/2021\/12\/kimmich-de-no-vacunarse-a-no-jugar-hasta-el-ano-que-viene-por-secuelas-de-covid-7.jpg\" loading=\"lazy\"><br \/>\n<\/a>\n<\/picture>\n<\/div>\n<\/div><\/div>\n<\/div>\n<h2><strong>LOS ANTI-VACUNAS DEL BAYERN<\/strong><\/h2>\n<p><strong>Son cinco los futbolistas del Munich que, en un principio, hab\u00edan decidido no vacunarse<\/strong>. Adem\u00e1s de <strong>Kimmich, Serge Gnabry, Jamal Musiala, Eric Choupo-Moting y Michael Cuisance<\/strong>. Sin embargo,<a data-cke-saved-href=\"https:\/\/www.ole.com.ar\/internacional\/liga-alemana-bundesliga\/amenazas-recorte-sueldo-salarial-gnabry-musiala-kimmich-choupo-moting-cuisance_0_04-pdmzyh.html\" target=\"_blank\" href=\"https:\/\/www.ole.com.ar\/internacional\/liga-alemana-bundesliga\/amenazas-recorte-sueldo-salarial-gnabry-musiala-kimmich-choupo-moting-cuisance_0_04-pdmzyh.html\" rel=\"noopener noreferrer\"><strong> Gnabry y Musiala decidieron dar marcha atr\u00e1s con esa postura<\/strong><\/a> luego de que el club aplicara sanciones a los no inmunizados. <\/p>\n<div class=\"sp__SM\">\n<div class=\"content-new \">\n<span class=\"tit-mobile\">Mir\u00e1 tambi\u00e9n<\/span><\/p>\n<div class=\"mg\">\n<div class=\"wrap-figure\">\n<picture>\n<a href=\"https:\/\/www.ole.com.ar\/esports\/kru-esports-sentinels-valorant_0_bsUhDO_m5.html\" target=\"_self\" rel=\"noopener noreferrer\"><br \/>\n<img class=\"img-responsive\" alt=\"Kr\u00fc Esports se mete en el Top 8 del mundo al eliminar a Sentinels\" src=\"http:\/\/hoycordobaweb.com\/wp-content\/uploads\/2021\/12\/kimmich-de-no-vacunarse-a-no-jugar-hasta-el-ano-que-viene-por-secuelas-de-covid-8.jpg\" loading=\"lazy\"><br \/>\n<\/a>\n<\/picture>\n<\/div>\n<\/div><\/div>\n<\/div>\n<p>Es que a partir de una regulaci\u00f3n alemana, el club tuvo permiso para realizar una rebaja en su sueldo. Por lo mismo, tampoco le pag\u00f3 los d\u00edas a<strong> Kimmich que estuvo en cuarentena luego de contraer el virus, cuando viaj\u00f3 a jugar con la selecci\u00f3n alemana.<\/strong><\/p>\n<div class=\"sp__SM\">\n<div class=\"content-new \">\n<span class=\"tit-mobile\">Mir\u00e1 tambi\u00e9n<\/span><\/p>\n<div class=\"mg\">\n<div class=\"wrap-figure\">\n<picture>\n<a href=\"https:\/\/www.ole.com.ar\/futbol-internacional\/america\/equipos-america-descendieron_0_PcV9HcJlH.html\" target=\"_self\" rel=\"noopener noreferrer\"><br \/>\n<img class=\"img-responsive\" alt=\"Los grandes de Am\u00e9rica que nunca descendieron\" src=\"http:\/\/hoycordobaweb.com\/wp-content\/uploads\/2021\/12\/kimmich-de-no-vacunarse-a-no-jugar-hasta-el-ano-que-viene-por-secuelas-de-covid-9.jpg\" loading=\"lazy\"><br \/>\n<\/a>\n<\/picture>\n<\/div>\n<\/div><\/div>\n<\/div>\n<div class=\"entry-tags\">\n<h2>TEMAS QUE APARECEN EN ESTA NOTA<\/h2>\n<\/p><\/div>\n","protected":false},"excerpt":{"rendered":"<p>Joshua Kimmich, junto con otros cuatro futbolistas del Bayern Munich, estuvieron en el centro de las cr\u00edticas por haber rechazado las vacunas contra el Covid, una postura que adopt\u00f3 una porci\u00f3n importante de la sociedad europea y alemana especialmente y que est\u00e1 generando problemas significativos en relaci\u00f3n a la pandemia. Y ahora sufre en carne [&hellip;]<\/p>\n","protected":false},"author":1,"featured_media":34001,"comment_status":"open","ping_status":"closed","sticky":false,"template":"","format":"standard","meta":[],"categories":[16],"tags":[],"_links":{"self":[{"href":"http:\/\/hoycordobaweb.com\/index.php\/wp-json\/wp\/v2\/posts\/34000"}],"collection":[{"href":"http:\/\/hoycordobaweb.com\/index.php\/wp-json\/wp\/v2\/posts"}],"about":[{"href":"http:\/\/hoycordobaweb.com\/index.php\/wp-json\/wp\/v2\/types\/post"}],"author":[{"embeddable":true,"href":"http:\/\/hoycordobaweb.com\/index.php\/wp-json\/wp\/v2\/users\/1"}],"replies":[{"embeddable":true,"href":"http:\/\/hoycordobaweb.com\/index.php\/wp-json\/wp\/v2\/comments?post=34000"}],"version-history":[{"count":0,"href":"http:\/\/hoycordobaweb.com\/index.php\/wp-json\/wp\/v2\/posts\/34000\/revisions"}],"wp:featuredmedia":[{"embeddable":true,"href":"http:\/\/hoycordobaweb.com\/index.php\/wp-json\/wp\/v2\/media\/34001"}],"wp:attachment":[{"href":"http:\/\/hoycordobaweb.com\/index.php\/wp-json\/wp\/v2\/media?parent=34000"}],"wp:term":[{"taxonomy":"category","embeddable":true,"href":"http:\/\/hoycordobaweb.com\/index.php\/wp-json\/wp\/v2\/categories?post=34000"},{"taxonomy":"post_tag","embeddable":true,"href":"http:\/\/hoycordobaweb.com\/index.php\/wp-json\/wp\/v2\/tags?post=34000"}],"curies":[{"name":"wp","href":"https:\/\/api.w.org\/{rel}","templated":true}]}}