{"id":33990,"date":"2021-12-09T14:05:16","date_gmt":"2021-12-09T14:05:16","guid":{"rendered":"http:\/\/ladecimaweb.com\/?p=12119"},"modified":"2021-12-09T14:05:16","modified_gmt":"2021-12-09T14:05:16","slug":"brasil-habilito-el-ingreso-de-argentinos-a-traves-de-los-pasos-terrestres","status":"publish","type":"post","link":"http:\/\/hoycordobaweb.com\/index.php\/2021\/12\/09\/brasil-habilito-el-ingreso-de-argentinos-a-traves-de-los-pasos-terrestres\/","title":{"rendered":"Brasil habilit\u00f3 el ingreso de argentinos a trav\u00e9s de los pasos terrestres"},"content":{"rendered":"<p class=\"com-paragraph --capital --s\">Despu\u00e9s de la bater\u00eda de medidas implementada para reducir el avance del <a class=\"com-link\" title=\"Covid-19 \" href=\"https:\/\/www.lanacion.com.ar\/lifestyle\/me-quemo-el-sistema-es-medica-se-contagio-de-covid-y-decidio-mudarse-a-la-costa-para-empezar-de-cero-nid09122021\/\" target=\"_self\" data-reactroot=\"\" rel=\"noopener noreferrer\">Covid-19\u00a0<\/a>en la regi\u00f3n y en pleno inicio de la temporada de verano,<strong>\u00a0<\/strong><a class=\"com-link\" style=\"box-sizing: border-box; margin: 0px; padding: 0px; border: 0px; font-style: inherit; font-variant: inherit; font-weight: inherit; font-stretch: inherit; line-height: inherit; font-family: inherit; font-size: 19px; vertical-align: baseline; outline: none; text-decoration: none; color: #0250c9; transition: all 0.2s ease-in-out 0s;\" title=\"&lt;strong&gt;Brasil&lt;\/strong&gt;\" href=\"https:\/\/www.lanacion.com.ar\/el-mundo\/jair-bolsonaro-suspende-la-cumbre-presidencial-del-mercosur-por-la-variante-omicron-se-hara-virtual-nid08122021\/\" target=\"_self\" data-reactroot=\"\" rel=\"noopener noreferrer\"><strong>Brasil<\/strong><\/a><strong>\u00a0habilit\u00f3 hoy el ingreso de argentinos a trav\u00e9s de los pasos fronterizos terrestres.<\/strong>\u00a0As\u00ed fue comunicado por el embajador en ese pa\u00eds,\u00a0<strong>Daniel Scioli,\u00a0<\/strong>a trav\u00e9s de su cuenta de Twitter.<\/p>\n<p class=\"com-paragraph --s\">\u201c\u00a1Buenas noticias! Tal como lo hab\u00eda anticipado<strong>, vuelven a abrir las fronteras terrestres para que argentinos y argentinas puedan ingresar a Brasil<\/strong>\u201d, notific\u00f3 el funcionario, que precis\u00f3: \u201cRecordamos que para el ingreso a\u00e9reo la vacunaci\u00f3n solo es requerida para exceptuarse de la cuarentena. Para el ingreso terrestre, la vacunaci\u00f3n es siempre exigida. Se except\u00faa a residentes de ciudades gemelas o se requiere permiso especial. El test puede ser de ant\u00edgenos o PCR\u201d. Asimismo, Scioli notific\u00f3 que\u00a0<strong>la medida regir\u00e1 desde este pr\u00f3ximo s\u00e1bado 11 de diciembre.<\/strong><\/p>\n<div class=\"mod-banner --middle_1_dsk\">\n<div class=\"AV5f636a4df16eda467119d2ba\">\n<div id=\"aniBox\">\n<div id=\"aniplayer_AV5f636a4df16eda467119d2ba-1639058023374\">\n<div id=\"aniplayer_AV5f636a4df16eda467119d2ba-1639058023374gui\">\n<div id=\"av-caption\">\n<div id=\"av-close-btn-overlay\" class=\"av-pos-top-left\">\n<div id=\"av-close-btn\">Por su parte, la directora nacional de Migraciones, Florencia Carignano, confirm\u00f3 a <strong>LA NACION<\/strong>\u00a0que los<strong>\u00a0pasos habilitados<\/strong>\u00a0de momento para acceder a Brasil son<strong>\u00a0Iguaz\u00fa-Foz do Iguaz\u00fa\u00a0<\/strong>y<strong>\u00a0Bernardo de Irigoyen-Dionisio Cerqueira<\/strong>\u00a0en Misiones, y\u00a0<strong>Paso de los Libres-Uruguayana<\/strong>\u00a0en Corrientes.<\/div>\n<\/div>\n<\/div>\n<\/div>\n<\/div>\n<\/div>\n<\/div>\n<\/div>\n<p class=\"com-paragraph --s\">Hasta ahora, los brasile\u00f1os s\u00ed ten\u00edan permitido llegar a la Argentina, pero los argentinos no pod\u00edan cruzar al pa\u00eds vecino por las fronteras terrestres, salvo contadas excepciones.<\/p>\n<div class=\"mod-banner --middle_2_dsk\">\n<div id=\"middle_2_dsk\" class=\"com-banner\" data-slot-group=\"nota\" data-device=\"desktop\" data-subscription=\"true\" data-ad-unit-path=\"\/133919216\/la_nacion_desktop\/Nota\/middle_2_dsk\" data-targeting=\"{&quot;sitio&quot;:&quot;lanacion&quot;,&quot;seccion&quot;:&quot;nota&quot;}\" data-without-hide=\"true\" data-size=\"[[1,1],[728,90]]\" data-sizemap=\"[]\" data-prebid-enabled=\"true\" data-google-query-id=\"CNyYv_ju1vQCFUwGuQYdmSEC5Q\">\n<div id=\"google_ads_iframe_\/133919216\/la_nacion_desktop\/Nota\/middle_2_dsk_0__container__\"><strong>Los requisitos para ingresar a Brasil<\/strong><\/div>\n<\/div>\n<\/div>\n<p class=\"com-paragraph --s\">En el<strong>\u00a0<\/strong><a class=\"com-link\" style=\"box-sizing: border-box; margin: 0px; padding: 0px; border: 0px; font-style: inherit; font-variant: inherit; font-weight: inherit; font-stretch: inherit; line-height: inherit; font-family: inherit; font-size: 19px; vertical-align: baseline; outline: none; text-decoration: none; color: #0250c9; transition: all 0.2s ease-in-out 0s;\" title=\"&lt;strong&gt;Bolet\u00edn Oficial de Brasil &lt;\/strong&gt;\" href=\"https:\/\/www.in.gov.br\/en\/web\/dou\/-\/portaria-interministerial-n-661-de-8-de-dezembro-de-2021-366015007\" target=\"_blank\" rel=\"nofollow noopener noreferrer\" data-reactroot=\"\"><strong>Bolet\u00edn Oficial de Brasil\u00a0<\/strong><\/a>se dispone que al ingresar a ese pa\u00eds los viajeros internacionales deber\u00e1n:<\/p>\n<ul class=\"com-unordered\">\n<li class=\"com-item\">Presentar a las autoridades migratorias el\u00a0<b>comprobante de vacunaci\u00f3n impreso o por medios electr\u00f3nicos,\u00a0<\/b>con inmunizantes aprobados por la Agencia Nacional de Vigilancia Sanitaria de Brasil (Anvisa), por la Organizaci\u00f3n Mundial de la Salud (OMS) o por las autoridades de la naci\u00f3n en que el viajero se vacun\u00f3.\u00a0<b>La aplicaci\u00f3n de la \u00faltima dosis o de la dosis \u00fanica debe haber sido como m\u00ednimo catorce d\u00edas antes.<\/b><\/li>\n<li class=\"com-item\">Tambi\u00e9n, especifica que las personas tendr\u00e1n que presentar un test de Covid-19 con<b>\u00a0resultado negativo o no detectable.\u00a0<\/b>En caso de optar por un test de ant\u00edgeno, este deber\u00e1 ser realizado hasta 24 horas antes del momento de ingresar a Brasil y, para el PCR, hasta con 72 horas de antelaci\u00f3n.<\/li>\n<li class=\"com-item\">El certificado de vacunaci\u00f3n y la prueba de coronavirus\u00a0<b>no ser\u00e1 requerida<\/b>\u00a0por ejemplo, a los<b>\u00a0residentes fronterizos,<\/b>\u00a0siempre que muestren el documento de residente fronterizo o alg\u00fan otro documento que lo compruebe y cuando se garantice esa reciprocidad en el trato para los brasile\u00f1os en el pa\u00eds vecino. Tampoco aplicar\u00e1 para las personas que realizan\u00a0<b>transporte de carga<\/b>\u00a0o conductores y asistentes de veh\u00edculos de transporte de carga por ruta<\/li>\n<\/ul>\n<div class=\"ubm_banner\"><a href=\"https:\/\/www.cordobaturismo.gov.ar\/%20\" target=\"_blank\" rel=\"dofollow noopener noreferrer\"><img src=\"http:\/\/hoycordobaweb.com\/wp-content\/uploads\/2021\/12\/brasil-habilito-el-ingreso-de-argentinos-a-traves-de-los-pasos-terrestres.gif\" alt=\"\"><\/a><\/div>\n<p>La entrada <a rel=\"nofollow\" href=\"https:\/\/ladecimaweb.com\/brasil-habilito-el-ingreso-de-argentinos-a-traves-de-los-pasos-terrestres\/\">Brasil habilit\u00f3 el ingreso de argentinos a trav\u00e9s de los pasos terrestres<\/a> se public\u00f3 primero en <a rel=\"nofollow\" href=\"https:\/\/ladecimaweb.com\">LaDecima<\/a>.<\/p>\n","protected":false},"excerpt":{"rendered":"<p>Despu\u00e9s de la bater\u00eda de medidas implementada para reducir el avance del Covid-19\u00a0en la regi\u00f3n y en pleno inicio de la temporada de verano,\u00a0Brasil\u00a0habilit\u00f3 hoy el ingreso de argentinos a trav\u00e9s de los pasos fronterizos terrestres.\u00a0As\u00ed fue comunicado por el embajador en ese pa\u00eds,\u00a0Daniel Scioli,\u00a0a trav\u00e9s de su cuenta de Twitter. \u201c\u00a1Buenas noticias! Tal como [&hellip;]<\/p>\n","protected":false},"author":1,"featured_media":33991,"comment_status":"closed","ping_status":"closed","sticky":false,"template":"","format":"standard","meta":[],"categories":[19],"tags":[],"_links":{"self":[{"href":"http:\/\/hoycordobaweb.com\/index.php\/wp-json\/wp\/v2\/posts\/33990"}],"collection":[{"href":"http:\/\/hoycordobaweb.com\/index.php\/wp-json\/wp\/v2\/posts"}],"about":[{"href":"http:\/\/hoycordobaweb.com\/index.php\/wp-json\/wp\/v2\/types\/post"}],"author":[{"embeddable":true,"href":"http:\/\/hoycordobaweb.com\/index.php\/wp-json\/wp\/v2\/users\/1"}],"replies":[{"embeddable":true,"href":"http:\/\/hoycordobaweb.com\/index.php\/wp-json\/wp\/v2\/comments?post=33990"}],"version-history":[{"count":0,"href":"http:\/\/hoycordobaweb.com\/index.php\/wp-json\/wp\/v2\/posts\/33990\/revisions"}],"wp:featuredmedia":[{"embeddable":true,"href":"http:\/\/hoycordobaweb.com\/index.php\/wp-json\/wp\/v2\/media\/33991"}],"wp:attachment":[{"href":"http:\/\/hoycordobaweb.com\/index.php\/wp-json\/wp\/v2\/media?parent=33990"}],"wp:term":[{"taxonomy":"category","embeddable":true,"href":"http:\/\/hoycordobaweb.com\/index.php\/wp-json\/wp\/v2\/categories?post=33990"},{"taxonomy":"post_tag","embeddable":true,"href":"http:\/\/hoycordobaweb.com\/index.php\/wp-json\/wp\/v2\/tags?post=33990"}],"curies":[{"name":"wp","href":"https:\/\/api.w.org\/{rel}","templated":true}]}}