{"id":33974,"date":"2021-12-09T12:44:18","date_gmt":"2021-12-09T12:44:18","guid":{"rendered":"https:\/\/fono.fcm.unc.edu.ar\/?p=8003"},"modified":"2021-12-09T12:44:18","modified_gmt":"2021-12-09T12:44:18","slug":"la-unc-entrego-el-premio-universidad","status":"publish","type":"post","link":"http:\/\/hoycordobaweb.com\/index.php\/2021\/12\/09\/la-unc-entrego-el-premio-universidad\/","title":{"rendered":"La UNC entreg\u00f3 el Premio Universidad"},"content":{"rendered":"<h2 class=\"fusion-post-title\">La UNC entreg\u00f3 el Premio Universidad<\/h2>\n<div class=\"post-content\" readability=\"64\">\n<p><img loading=\"lazy\" class=\"alignright wp-image-8005 size-fusion-400\" src=\"https:\/\/fono.fcm.unc.edu.ar\/wp-content\/uploads\/sites\/14\/2021\/12\/FinalizaronPracticas-presenciales-4-400x400.png\" alt width=\"400\" height=\"400\" srcset=\"https:\/\/fono.fcm.unc.edu.ar\/wp-content\/uploads\/sites\/14\/2021\/12\/FinalizaronPracticas-presenciales-4-66x66.png 66w, https:\/\/fono.fcm.unc.edu.ar\/wp-content\/uploads\/sites\/14\/2021\/12\/FinalizaronPracticas-presenciales-4-150x150.png 150w, https:\/\/fono.fcm.unc.edu.ar\/wp-content\/uploads\/sites\/14\/2021\/12\/FinalizaronPracticas-presenciales-4-200x200.png 200w, https:\/\/fono.fcm.unc.edu.ar\/wp-content\/uploads\/sites\/14\/2021\/12\/FinalizaronPracticas-presenciales-4-300x300.png 300w, https:\/\/fono.fcm.unc.edu.ar\/wp-content\/uploads\/sites\/14\/2021\/12\/FinalizaronPracticas-presenciales-4-400x400.png 400w, https:\/\/fono.fcm.unc.edu.ar\/wp-content\/uploads\/sites\/14\/2021\/12\/FinalizaronPracticas-presenciales-4-600x600.png 600w, https:\/\/fono.fcm.unc.edu.ar\/wp-content\/uploads\/sites\/14\/2021\/12\/FinalizaronPracticas-presenciales-4-768x768.png 768w, https:\/\/fono.fcm.unc.edu.ar\/wp-content\/uploads\/sites\/14\/2021\/12\/FinalizaronPracticas-presenciales-4-800x800.png 800w, https:\/\/fono.fcm.unc.edu.ar\/wp-content\/uploads\/sites\/14\/2021\/12\/FinalizaronPracticas-presenciales-4-1024x1024.png 1024w, https:\/\/fono.fcm.unc.edu.ar\/wp-content\/uploads\/sites\/14\/2021\/12\/FinalizaronPracticas-presenciales-4.png 1080w\" sizes=\"(max-width: 400px) 100vw, 400px\">Como todos los a\u00f1os, la Universidad Nacional de C\u00f3rdoba (UNC) entreg\u00f3 el pasado martes 7 de diciembre las menciones de honor y menciones especiales a egresadas y egresados correspondientes al Premio Universidad, los cuales terminaron sus carreras en 2020.<\/p>\n<p>En esta oportunidad, se premiaron a 34 egresadas y a 16 egresados que culminaron su carrera el a\u00f1o pasado.<\/p>\n<p>La distinci\u00f3n reconoce el desempe\u00f1o acad\u00e9mico de graduados y graduadas que tengan un promedio de calificaciones m\u00e1s alto de su promoci\u00f3n superior a 8 puntos, que hayan cursado la carrera de cinco a\u00f1os de duraci\u00f3n y en el plazo dispuesto por el plan de estudios.<\/p>\n<p>El Premio Universidad tiene dos instancias: Menci\u00f3n de Honor y Menci\u00f3n Especial.<\/p>\n<p>El acto se llev\u00f3 a cabo en la Sala de las Am\u00e9ricas del Pabell\u00f3n Argentina, que fue presidido por el Vicerrector Pedro Yanzi Ferreira, quien estuvo acompa\u00f1ado por el Secretario General Roberto Terzariol, la Prosecretaria General Paola Campitelli y autoridades de distintas facultades. Asistieron la Vicedecana de la Facultad de Ciencias M\u00e9dicas,&nbsp; Prof. Dra. Patricia Paglini y nuestra Directora, Prof. Dra. Silvana Serra.<\/p>\n<p>Los premios para las egresadas de la Escuela de Fonoaudiolog\u00eda fueron:<\/p>\n<p>Menci\u00f3n de honor Licenciada en Fonoaudiolog\u00eda: Ayel\u00e9n Jes\u00fas Candelero Promedio 8,58<br \/>Menci\u00f3n especial Licenciada en Fonoaudiolog\u00eda: Mar\u00eda Luj\u00e1n Fiad Promedio 8,56<\/p>\n<p>\u00a1Felicitaciones!<\/p>\n<\/p><\/div>\n","protected":false},"excerpt":{"rendered":"<p>La UNC entreg\u00f3 el Premio Universidad Como todos los a\u00f1os, la Universidad Nacional de C\u00f3rdoba (UNC) entreg\u00f3 el pasado martes 7 de diciembre las menciones de honor y menciones especiales a egresadas y egresados correspondientes al Premio Universidad, los cuales terminaron sus carreras en 2020. En esta oportunidad, se premiaron a 34 egresadas y a [&hellip;]<\/p>\n","protected":false},"author":1,"featured_media":0,"comment_status":"closed","ping_status":"closed","sticky":false,"template":"","format":"standard","meta":[],"categories":[1],"tags":[],"_links":{"self":[{"href":"http:\/\/hoycordobaweb.com\/index.php\/wp-json\/wp\/v2\/posts\/33974"}],"collection":[{"href":"http:\/\/hoycordobaweb.com\/index.php\/wp-json\/wp\/v2\/posts"}],"about":[{"href":"http:\/\/hoycordobaweb.com\/index.php\/wp-json\/wp\/v2\/types\/post"}],"author":[{"embeddable":true,"href":"http:\/\/hoycordobaweb.com\/index.php\/wp-json\/wp\/v2\/users\/1"}],"replies":[{"embeddable":true,"href":"http:\/\/hoycordobaweb.com\/index.php\/wp-json\/wp\/v2\/comments?post=33974"}],"version-history":[{"count":0,"href":"http:\/\/hoycordobaweb.com\/index.php\/wp-json\/wp\/v2\/posts\/33974\/revisions"}],"wp:attachment":[{"href":"http:\/\/hoycordobaweb.com\/index.php\/wp-json\/wp\/v2\/media?parent=33974"}],"wp:term":[{"taxonomy":"category","embeddable":true,"href":"http:\/\/hoycordobaweb.com\/index.php\/wp-json\/wp\/v2\/categories?post=33974"},{"taxonomy":"post_tag","embeddable":true,"href":"http:\/\/hoycordobaweb.com\/index.php\/wp-json\/wp\/v2\/tags?post=33974"}],"curies":[{"name":"wp","href":"https:\/\/api.w.org\/{rel}","templated":true}]}}