{"id":33972,"date":"2021-12-09T13:51:00","date_gmt":"2021-12-09T13:51:00","guid":{"rendered":"http:\/\/hoycordobaweb.com\/index.php\/2021\/12\/09\/boca-campeon-en-la-interminable-noche-santiaguena\/"},"modified":"2021-12-09T13:51:00","modified_gmt":"2021-12-09T13:51:00","slug":"boca-campeon-en-la-interminable-noche-santiaguena","status":"publish","type":"post","link":"http:\/\/hoycordobaweb.com\/index.php\/2021\/12\/09\/boca-campeon-en-la-interminable-noche-santiaguena\/","title":{"rendered":"Boca campe\u00f3n en la interminable noche santiague\u00f1a"},"content":{"rendered":"<p><img src=\"http:\/\/hoycordobaweb.com\/wp-content\/uploads\/2021\/12\/boca-campeon-en-la-interminable-noche-santiaguena.jpg\"><\/p>\n<figure class=\"mb-3\"><img loading=\"lazy\" src=\"http:\/\/hoycordobaweb.com\/wp-content\/uploads\/2021\/12\/boca-campeon-en-la-interminable-noche-santiaguena-2.jpg\" width=\"100%\" height=\"100%\" alt=\"Boca festeja la Copa Argentina foto Emilio Rapetti \"><figcaption> Boca festeja la Copa Argentina (foto Emilio Rapetti). <\/figcaption><\/figure>\n<p>Era la madrugada en el estadio Madre de Ciudades de Santiago del Estero y los jugadores de Boca Juniors continuaban sentados, charlando, relajados, disfrutando en el c\u00e9sped la obtenci\u00f3n de la Copa Argentina, luego de derrotar en los penales a Talleres de C\u00f3rdoba, un logro que les dio la tranquilidad que necesitaban para cerrar el a\u00f1o.<\/p>\n<p>El ingreso de familiares y amigos de los futbolistas dentro del terreno de juego permiti\u00f3 que la fiesta fuera completa para los integrantes del plantel \u00abxeneize\u00bb, comandados desde el banco de suplentes por su DT Sebasti\u00e1n Battaglia, quien evit\u00f3 especulaciones sobre su continuidad y dijo que \u00absolamente es momento de disfrutar\u201d.<\/p>\n<p>De esa manera, el santafesino dej\u00f3 para otro momento el tema de su futuro, que sobrevuela en la atm\u00f3sfera boquense y volvi\u00f3 a tomar temperatura anoche mismo cuando Juan Rom\u00e1n Riquelme, vicepresidente y titular del Consejo de F\u00fatbol, advirti\u00f3 que el entrenador tiene contrato \u201chasta el 31 de diciembre\u201d, sin dar demasiadas explicaciones.<\/p>\n<p>\u00abEsto es raro, porque tenemos m\u00e1s t\u00edtulos que nadie en estos dos a\u00f1os de gesti\u00f3n\u00bb, destac\u00f3 Riquelme despu\u00e9s de la final de Copa Argentina ganada por penales a Talleres.<\/p>\n<p>Semanas atr\u00e1s se especulaba con que podr\u00eda haber un conflicto entre Battaglia y Riquelme, aunque la obtenci\u00f3n del t\u00edtulo pueda darle una nueva oportunidad al entrenador para continuar.<\/p>\n<p>Mientras, el term\u00f3metro que se mueve en el \u00abMundo Boca\u00bb cuando la hinchada tiene que mostrar respaldo, anoche indic\u00f3 una indiscutible se\u00f1al de apoyo a Rom\u00e1n, ya que en muchos momentos de la noche la parcialidad de Boca en su totalidad coreaba el nombre del exjugador cada vez que tuvo apariciones desde el palco de autoridades.<\/p>\n<figure class=\"mb-3\"><img loading=\"lazy\" src=\"http:\/\/hoycordobaweb.com\/wp-content\/uploads\/2021\/12\/boca-campeon-en-la-interminable-noche-santiaguena-3.jpg\" width=\"100%\" height=\"100%\" alt=\"Boca festeja la Copa Argentina foto Laura Lescano \"><figcaption> Boca festeja la Copa Argentina (foto Laura Lescano). <\/figcaption><\/figure>\n<p>Para Boca \u00abser\u00e1 importante el amistoso con Barcelona en Arabia. Porque nosotros queremos mejorar siempre, aunque este semestre fue muy largo por todo lo que nos pas\u00f3 en la Copa Libertadores\u00bb.<\/p>\n<p>\u00abPero el hincha sabe que vamos a cuidar al club. Aunque como cuando jugaba hace 10 a\u00f1os, cada cosa mala que pasaba en Boca era culpa m\u00eda y ahora parece que pasa lo mismo\u00bb, apunt\u00f3.<\/p>\n<p>\u00abPor suerte hoy hasta mi madre estaba disfrutando mucho y llorando como cuando yo jugaba, y eso me pone muy feliz\u00bb, concluy\u00f3 Rom\u00e1n en medio de los festejos.<\/p>\n<p>Mientras los hinchas sal\u00edan del estadio ya en las primeras horas del jueves, el centro de Santiago del Estero se convert\u00eda en un punto de encuentro para continuar con los festejos de un t\u00edtulo que era para el \u00abXeneize\u00bb tan esperado como importante, y que adem\u00e1s le daba el pasaporte directo a la fase de grupos de la pr\u00f3xima Copa Libertadores.<\/p>\n<p>\u00abYa les hab\u00eda avisado a los del cuerpo m\u00e9dico que iba a hacer el gol del t\u00edtulo y se dio. Iba a patear como siempre el tercer penal, pero cuando me cay\u00f3 el \u00faltimo sab\u00eda que lo iba a definir\u00bb, explic\u00f3 Eduardo Salvio tras el encuentro, en referencia al penal que cerr\u00f3 la serie y le dio el triunfo a su equipo.<\/p>\n<p>\u00abY para el futuro ya dije que quiero seguir en Boca y voy a seguir trabajando para ganar m\u00e1s cosas el a\u00f1o que viene. Pero mi contrato vence en seis meses, y todav\u00eda hay varias cosas que hablar\u00bb, indic\u00f3 el \u00abToto\u00bb.<\/p>\n<p>Salvio hab\u00eda entrado en el \u00faltimo minuto de juego en el empate 0 a 0, encuentro que tuvo un leve dominio de Talleres, aunque fue de tr\u00e1mite discreto y con pocas acciones de peligro en los arcos. S\u00ed, fue una final jugada con dientes apretados y en un clima intenso que bajaba desde las tribunas y se replicaba en el rigor que tuvieron los protagonistas en el campo de juego.<\/p>\n<p>Por el otro lado, estaba la desaz\u00f3n del equipo cordob\u00e9s, ya que tras una gran temporada, en la que fueron protagonistas en la Liga Profesional como en esta Copa Argentina, se quedaron sin poder festejar ning\u00fan t\u00edtulo.<\/p>\n<p>\u201cNos queda el sabor amargo de no poder conseguir el objetivo, pero no nos podemos reprochar nada\u201d, asegur\u00f3 luego del encuentro el entrenador de la \u2018T\u2019, Alexander \u00abCacique\u00bb Medina.<\/p>\n<p>Asimismo, el uruguayo dijo: \u00abAgradec\u00ed al grupo por este torneo y por el a\u00f1o que jugaron. Queda un partido (ante Independiente), luego nos sentaremos con el presidente (Fassi) a evaluar mi continuidad\u201d.<\/p>\n<p>\u201cNecesitamos un proyecto deportivo que siga competitivo, que afronte todas las competencias en buena forma porque este a\u00f1o Talleres tuvo un protagonismo importante\u201d, sostuvo Medina.<\/p>\n<p>Mientras que el presidente Andr\u00e9s Fassi destac\u00f3: \u201cNo pasar\u00e1n 43 a\u00f1os para que Talleres juegue otra final. Estar\u00e1 cada vez m\u00e1s cerca\u201d, y dijo que la semana que viene hablar\u00e1 con Medina sobre su continuidad.<\/p>\n<p>As\u00ed se cerr\u00f3 la noche en Santiago del Estero, mientras las caravanas de autos y colectivos part\u00edan a C\u00f3rdoba r\u00e1pidamente con los hinchas de Talleres, los \u00abxeneizes\u00bb disfrutaron hasta el amanecer de la obtenci\u00f3n de un t\u00edtulo que termino siendo muy importante.<\/p>\n<p>El pr\u00f3ximo s\u00e1bado Boca recibe a Central C\u00f3rdoba en la Bombonera en el cierre de la Liga Profesional, y podr\u00e1 despedir la temporada con una fiesta. <\/p>\n","protected":false},"excerpt":{"rendered":"<p>Boca festeja la Copa Argentina (foto Emilio Rapetti). Era la madrugada en el estadio Madre de Ciudades de Santiago del Estero y los jugadores de Boca Juniors continuaban sentados, charlando, relajados, disfrutando en el c\u00e9sped la obtenci\u00f3n de la Copa Argentina, luego de derrotar en los penales a Talleres de C\u00f3rdoba, un logro que les [&hellip;]<\/p>\n","protected":false},"author":1,"featured_media":33973,"comment_status":"open","ping_status":"closed","sticky":false,"template":"","format":"standard","meta":[],"categories":[16],"tags":[],"_links":{"self":[{"href":"http:\/\/hoycordobaweb.com\/index.php\/wp-json\/wp\/v2\/posts\/33972"}],"collection":[{"href":"http:\/\/hoycordobaweb.com\/index.php\/wp-json\/wp\/v2\/posts"}],"about":[{"href":"http:\/\/hoycordobaweb.com\/index.php\/wp-json\/wp\/v2\/types\/post"}],"author":[{"embeddable":true,"href":"http:\/\/hoycordobaweb.com\/index.php\/wp-json\/wp\/v2\/users\/1"}],"replies":[{"embeddable":true,"href":"http:\/\/hoycordobaweb.com\/index.php\/wp-json\/wp\/v2\/comments?post=33972"}],"version-history":[{"count":0,"href":"http:\/\/hoycordobaweb.com\/index.php\/wp-json\/wp\/v2\/posts\/33972\/revisions"}],"wp:featuredmedia":[{"embeddable":true,"href":"http:\/\/hoycordobaweb.com\/index.php\/wp-json\/wp\/v2\/media\/33973"}],"wp:attachment":[{"href":"http:\/\/hoycordobaweb.com\/index.php\/wp-json\/wp\/v2\/media?parent=33972"}],"wp:term":[{"taxonomy":"category","embeddable":true,"href":"http:\/\/hoycordobaweb.com\/index.php\/wp-json\/wp\/v2\/categories?post=33972"},{"taxonomy":"post_tag","embeddable":true,"href":"http:\/\/hoycordobaweb.com\/index.php\/wp-json\/wp\/v2\/tags?post=33972"}],"curies":[{"name":"wp","href":"https:\/\/api.w.org\/{rel}","templated":true}]}}