{"id":33910,"date":"2021-12-07T16:52:52","date_gmt":"2021-12-07T16:52:52","guid":{"rendered":"https:\/\/www.mujerhoy.com\/moda\/no-te-pierdas\/carmen-lomana-vestido-midi-barato-look-rejuvenecedor-ponible-comodo-favorece-sienta-bien-estiliza-20211207170410-nt.html"},"modified":"2021-12-07T16:52:52","modified_gmt":"2021-12-07T16:52:52","slug":"este-vestido-midi-de-carmen-lomana-es-perfecto-para-conseguir-un-look-de-invierno-muy-rejuvenecedor-que-estiliza-y-queda-genial-con-botas-y-zapatillas","status":"publish","type":"post","link":"http:\/\/hoycordobaweb.com\/index.php\/2021\/12\/07\/este-vestido-midi-de-carmen-lomana-es-perfecto-para-conseguir-un-look-de-invierno-muy-rejuvenecedor-que-estiliza-y-queda-genial-con-botas-y-zapatillas\/","title":{"rendered":"Este vestido midi de Carmen Lomana es perfecto para conseguir un look de invierno muy rejuvenecedor que estiliza y queda genial con botas y zapatillas"},"content":{"rendered":"<p><!-- AUTHOR --><!-- COMPONENTS --><\/p>\n<p class=\"voc-paragraph\">Despu\u00e9s de se colocar\u00e1 entre las mejor vestidas de <strong>los Premios Mujerhoy 2021 <\/strong>con <a data-voc-vtm-id=\"in-text-traffic\" href=\"https:\/\/www.mujerhoy.com\/moda\/no-te-pierdas\/carmen-lomana-vestido-verde-truco-estiliza-sienta-bien-look-rejuvenecedor-20211201084419-nt.html\">este elegante vestido verde<\/a>, <strong>Carmen Lomana <\/strong>ha demostrado que el estilo y la elegancia son caracter\u00edsticas que no solo lleva en la alfombra roja, sino tambi\u00e9n en el d\u00eda a d\u00eda. Y lo ha hecho con <strong>un vestido midi muy vers\u00e1til<\/strong>, perfecto para el invierno que queda bien con todo tipo de calzado, hasta con <a data-voc-vtm-id=\"in-text-traffic\" href=\"https:\/\/www.mujerhoy.com\/moda\/no-te-pierdas\/carmen-lomana-botines-cowboy-marrones-llevar-con-vaqueros-look-rejuvenecedor-barato-favorece-20211123142539-nt.html\">estos botines cowboy marrones<\/a> que luci\u00f3 hace unos d\u00edas. Si te gustaron <a data-voc-vtm-id=\"in-text-traffic\" href=\"https:\/\/www.mujerhoy.com\/moda\/no-te-pierdas\/carmen-lomana-pantalones-cuadros-zara-baratos-look-rejuvenecedor-invierno-comodo-ponible-20211121143713-nt.html\">estos pantalones de cuadros de Zara <\/a>con los que arras\u00f3 en Instagram, no te puedes perder <strong>este nuevo look<\/strong>.\n<\/p>\n<p class=\"voc-paragraph\">Carmen ha estado estos d\u00edas muy pendiente del <a data-voc-vtm-id=\"in-text-traffic\" href=\"https:\/\/www.mujerhoy.com\/moda\/no-te-pierdas\/carmen-lomana-pantalon-traje-chaqueta-zara-prendas-lujo-mercadillo-solidario-20211124125413-nt.html\">mercadillo solidario<\/a> que organiza cada a\u00f1o y en el que vende parte de su armario. Prendas exclusivas y de firmas de lujo que la socialit\u00e9 pone a disposici\u00f3n de todo el mundo para recaudar fondos ben\u00e9ficos. Para estar todo el d\u00eda participando en dicho mercadillo, Carmen <strong>escog\u00eda looks con los que estar c\u00f3moda y calentita <\/strong>y el \u00faltimo con vestido midi es nuestro favorito. <\/p>\n<p class=\"voc-paragraph\">Se trata de un <strong>vestido de IQ Collection<\/strong>, la firma de <strong>In\u00e9s Domecq<\/strong> que triunfa entre famosas e influencers y que tiene dise\u00f1os que fusionan el sur y el norte de Espa\u00f1a y que responden a una mujer moderna, pero que no olvida la tradici\u00f3n<br \/>\n<strong>. La atemporalidad, la elegancia y la calidad <\/strong>son caracter\u00edsticas fundamentales de sus prendas que est\u00e1n dise\u00f1adas con la intenci\u00f3n de que est\u00e9n presentes en el d\u00eda a d\u00eda y en los momentos m\u00e1s especiales.\n<\/p>\n<div class=\"voc-detail-photo-zoom\"><picture data-toggle=\"modal\" data-target=\"#photoZoomModal-525\" target=\"modal\">\n<div class=\"voc-img-icon-link\"><img loading=\"lazy\" data-original=\"\/\/static.mujerhoy.com\/www\/multimedia\/202112\/07\/media\/cortadas\/vestido-midi-rejuvenecedor-kx5G--460x637@MujerHoy.jpg\" class=\"lazy\"><noscript><img src=\"http:\/\/hoycordobaweb.com\/wp-content\/uploads\/2021\/12\/este-vestido-midi-de-carmen-lomana-es-perfecto-para-conseguir-un-look-de-invierno-muy-rejuvenecedor-que-estiliza-y-queda-genial-con-botas-y-zapatillas.jpg\"><\/noscript><i class=\"voc-icons zoom voc-multimedia-box voc-ico-l\"><\/i><\/div><figcaption class=\"figure-caption\"><\/figcaption><\/picture><\/div>\n<div id=\"photoZoomModal-525\" class=\"voc-lightbox modal fade voc-lightbox--photo-zoom\" role=\"dialog\" data-voc-photozoom-lightbox>\n<div class=\"voc-lightbox__dialog\" role=\"document\">\n<div class=\"voc-lightbox__content\"><!-- Modal header --><\/p>\n<header class=\"voc-lightbox__header\"><span class=\"voc-lightbox__title\"><\/span><\/header>\n<p><!-- Modal content --><\/p>\n<div class=\"voc-lightbox__photo-container\"><picture class><img loading=\"lazy\" data-original=\"\/\/static.mujerhoy.com\/www\/multimedia\/202112\/07\/media\/cortadas\/vestido-midi-rejuvenecedor-kx5G--460x637@MujerHoy.jpg\" class=\"lazy\"><noscript><img src=\"http:\/\/hoycordobaweb.com\/wp-content\/uploads\/2021\/12\/este-vestido-midi-de-carmen-lomana-es-perfecto-para-conseguir-un-look-de-invierno-muy-rejuvenecedor-que-estiliza-y-queda-genial-con-botas-y-zapatillas.jpg\"><\/noscript><\/picture><\/div>\n<\/div>\n<\/div>\n<\/div>\n<p class=\"voc-paragraph\">El que escogi\u00f3 Carmen es un<br \/>\n<strong> vestido midi bicolor marino y vichy <\/strong>con cuello redondo y manga larga. Lleva el cuerpo ajustado y una falda de vuelo acampanada y nuestro detalle favorito son<br \/>\n<strong> las solapas en los hombros <\/strong>que aportan un toque estilizador que arman la figura y la mejoran. <strong>Cuesta 180 euros <\/strong>y es un modelo que est\u00e1 disponible ne tros colores como la combinaci\u00f3n de camel y naranaja.\n<\/p>\n<p class=\"voc-paragraph\">Est\u00e1 disponible de la XS a la XL y Carmen lo combin\u00f3 con unos <strong>salones de tac\u00f3n destalonados<\/strong> en color negro. Un zapato elegante que t\u00fa puedes cambiar por unas botas altas, unos botines c\u00f3modos e incluso unas zapatillas. Y todo se debe a que se trata de una <strong>prendas s\u00faper ponible <\/strong>que podr\u00e1s llevar hasta como<br \/>\n<strong> look de invitada<\/strong>, todo dependiendo de c\u00f3mo decidas combinarlo y de qu\u00e9 tipo de complementos a\u00f1adas. \u00a1Directo a nuestra &#8216;wishlist&#8217;!\n<\/p>\n<div class=\"voc-detail__cmp voc-detail__cmp--pad-lr voc-detail__cmp--pad-lr--bdr\">\n<div class=\"voc-ficha-detail__wrapper\">\n<section class=\"voc-ficha-detail\">\n<h4 class=\"voc-ficha-detail-title voc-title-section\">te recomendamos<\/h4>\n<\/section>\n<\/div>\n<\/div>\n<p><!-- TOPICS --><\/p>\n","protected":false},"excerpt":{"rendered":"<p>Despu\u00e9s de se colocar\u00e1 entre las mejor vestidas de los Premios Mujerhoy 2021 con este elegante vestido verde, Carmen Lomana ha demostrado que el estilo y la elegancia son caracter\u00edsticas que no solo lleva en la alfombra roja, sino tambi\u00e9n en el d\u00eda a d\u00eda. Y lo ha hecho con un vestido midi muy vers\u00e1til, [&hellip;]<\/p>\n","protected":false},"author":1,"featured_media":33911,"comment_status":"closed","ping_status":"closed","sticky":false,"template":"","format":"standard","meta":[],"categories":[1],"tags":[],"_links":{"self":[{"href":"http:\/\/hoycordobaweb.com\/index.php\/wp-json\/wp\/v2\/posts\/33910"}],"collection":[{"href":"http:\/\/hoycordobaweb.com\/index.php\/wp-json\/wp\/v2\/posts"}],"about":[{"href":"http:\/\/hoycordobaweb.com\/index.php\/wp-json\/wp\/v2\/types\/post"}],"author":[{"embeddable":true,"href":"http:\/\/hoycordobaweb.com\/index.php\/wp-json\/wp\/v2\/users\/1"}],"replies":[{"embeddable":true,"href":"http:\/\/hoycordobaweb.com\/index.php\/wp-json\/wp\/v2\/comments?post=33910"}],"version-history":[{"count":0,"href":"http:\/\/hoycordobaweb.com\/index.php\/wp-json\/wp\/v2\/posts\/33910\/revisions"}],"wp:featuredmedia":[{"embeddable":true,"href":"http:\/\/hoycordobaweb.com\/index.php\/wp-json\/wp\/v2\/media\/33911"}],"wp:attachment":[{"href":"http:\/\/hoycordobaweb.com\/index.php\/wp-json\/wp\/v2\/media?parent=33910"}],"wp:term":[{"taxonomy":"category","embeddable":true,"href":"http:\/\/hoycordobaweb.com\/index.php\/wp-json\/wp\/v2\/categories?post=33910"},{"taxonomy":"post_tag","embeddable":true,"href":"http:\/\/hoycordobaweb.com\/index.php\/wp-json\/wp\/v2\/tags?post=33910"}],"curies":[{"name":"wp","href":"https:\/\/api.w.org\/{rel}","templated":true}]}}