{"id":3391,"date":"2020-10-14T21:42:00","date_gmt":"2020-10-14T21:42:00","guid":{"rendered":"https:\/\/fm-comunicar.com.ar\/contenido\/16277\/dia-record-de-nuevos-casos-en-nuestra-zona-y-un-fallecimiento"},"modified":"2020-10-14T21:42:00","modified_gmt":"2020-10-14T21:42:00","slug":"dia-record-de-nuevos-casos-en-nuestra-zona-y-un-fallecimiento","status":"publish","type":"post","link":"http:\/\/hoycordobaweb.com\/index.php\/2020\/10\/14\/dia-record-de-nuevos-casos-en-nuestra-zona-y-un-fallecimiento\/","title":{"rendered":"D\u00eda r\u00e9cord de nuevos casos en nuestra zona y un fallecimiento"},"content":{"rendered":"<p>Despu\u00e9s de cinco d\u00edas con tendencia en baja, los n\u00fameros volvieron a preocupar. Jes\u00fas Mar\u00eda registr\u00f3 22 casos y Colonia Caroya, 14. Se notific\u00f3 la muerte de una mujer de 73 a\u00f1os que estaba internada en el Hospital Vicente Ag\u00fcero.<img src=\"http:\/\/hoycordobaweb.com\/wp-content\/uploads\/2020\/10\/dia-record-de-nuevos-casos-en-nuestra-zona-y-un-fallecimiento.jpg\"><\/p>\n","protected":false},"excerpt":{"rendered":"<p>Despu\u00e9s de cinco d\u00edas con tendencia en baja, los n\u00fameros volvieron a preocupar. Jes\u00fas Mar\u00eda registr\u00f3 22 casos y Colonia Caroya, 14. Se notific\u00f3 la muerte de una mujer de 73 a\u00f1os que estaba internada en el Hospital Vicente Ag\u00fcero.<\/p>\n","protected":false},"author":1,"featured_media":3392,"comment_status":"closed","ping_status":"closed","sticky":false,"template":"","format":"standard","meta":[],"categories":[18],"tags":[],"_links":{"self":[{"href":"http:\/\/hoycordobaweb.com\/index.php\/wp-json\/wp\/v2\/posts\/3391"}],"collection":[{"href":"http:\/\/hoycordobaweb.com\/index.php\/wp-json\/wp\/v2\/posts"}],"about":[{"href":"http:\/\/hoycordobaweb.com\/index.php\/wp-json\/wp\/v2\/types\/post"}],"author":[{"embeddable":true,"href":"http:\/\/hoycordobaweb.com\/index.php\/wp-json\/wp\/v2\/users\/1"}],"replies":[{"embeddable":true,"href":"http:\/\/hoycordobaweb.com\/index.php\/wp-json\/wp\/v2\/comments?post=3391"}],"version-history":[{"count":0,"href":"http:\/\/hoycordobaweb.com\/index.php\/wp-json\/wp\/v2\/posts\/3391\/revisions"}],"wp:featuredmedia":[{"embeddable":true,"href":"http:\/\/hoycordobaweb.com\/index.php\/wp-json\/wp\/v2\/media\/3392"}],"wp:attachment":[{"href":"http:\/\/hoycordobaweb.com\/index.php\/wp-json\/wp\/v2\/media?parent=3391"}],"wp:term":[{"taxonomy":"category","embeddable":true,"href":"http:\/\/hoycordobaweb.com\/index.php\/wp-json\/wp\/v2\/categories?post=3391"},{"taxonomy":"post_tag","embeddable":true,"href":"http:\/\/hoycordobaweb.com\/index.php\/wp-json\/wp\/v2\/tags?post=3391"}],"curies":[{"name":"wp","href":"https:\/\/api.w.org\/{rel}","templated":true}]}}