{"id":33908,"date":"2021-12-07T15:10:15","date_gmt":"2021-12-07T15:10:15","guid":{"rendered":"https:\/\/www.ole.com.ar\/futbol-internacional\/getafe-reaccion-entrenador-expulsion_0_8LSXEgGJ-.html"},"modified":"2021-12-07T15:10:15","modified_gmt":"2021-12-07T15:10:15","slug":"la-insolita-reaccion-del-entrenador-del-getafe-que-le-costo-la-expulsion","status":"publish","type":"post","link":"http:\/\/hoycordobaweb.com\/index.php\/2021\/12\/07\/la-insolita-reaccion-del-entrenador-del-getafe-que-le-costo-la-expulsion\/","title":{"rendered":"La ins\u00f3lita reacci\u00f3n del entrenador del Getafe que le cost\u00f3 la expulsi\u00f3n"},"content":{"rendered":"<p><img src=\"http:\/\/hoycordobaweb.com\/wp-content\/uploads\/2021\/12\/la-insolita-reaccion-del-entrenador-del-getafe-que-le-costo-la-expulsion.jpg\"><\/p>\n<p>La tensi\u00f3n que genera un partido es algo dif\u00edcil de comparar con cualquier otra emoci\u00f3n y muchas veces los resultados interceden el juicio de quienes est\u00e1n en el campo de juego. Esta vez fue Quique S\u00e1nchez Flores, el entrenador del Getafe que no pudo con su genio, reaccion\u00f3 mal y recibi\u00f3 la tarjeta roja.<\/p>\n<p>Este lunes el equipo se midi\u00f3 con el Athletic por La Liga y ambos necesitaban una victoria para poder alejarse de los \u00faltimos puestos de la tabla de posiciones, pero nada de este ocurri\u00f3. Durante los 90 minutos ninguno de los dos equipos logr\u00f3 imponerse y el cruce por la Fecha 16 result\u00f3 0-0. Aun as\u00ed, sobre el final el entrenador protagoniz\u00f3 un escandaloso momento.<\/p>\n<div class=\"sp__SM\">\n<div class=\"content-new \">\n<span class=\"tit-mobile\">Mir\u00e1 tambi\u00e9n<\/span><\/p>\n<div class=\"mg\">\n<div class=\"wrap-figure\">\n<picture>\n<a href=\"https:\/\/www.ole.com.ar\/futbol-internacional\/italia\/tucu-correa-out-real-madrid_0_FschQYUd3.html\" target=\"_self\" rel=\"noopener noreferrer\"><br \/>\n<img class=\"img-responsive\" alt=\"El Tucu Correa out contra el Real Madrid\" src=\"http:\/\/hoycordobaweb.com\/wp-content\/uploads\/2021\/12\/la-insolita-reaccion-del-entrenador-del-getafe-que-le-costo-la-expulsion-2.jpg\" loading=\"lazy\"><br \/>\n<\/a>\n<\/picture>\n<\/div>\n<\/div><\/div>\n<\/div>\n<p>Es que cuando el partido fue dado por finalizado, el \u00e1rbitro Jorge Figueroa V\u00e1zquez le mostr\u00f3 la tarjeta roja al det\u00e9 espa\u00f1ol y tanto colaboradores como jugadores tuvieron que sostenerlo para que no se le fuera encima al encargado de impartir justicia. Luego, en una entrevista con Directo Gol hizo una autocr\u00edtica y declar\u00f3: <strong>\u00abDebo calmar mi ira, pero es cierto que comienza cuando oigo la palabra &#8216;expulsado&#8217;, cuando apenas he hablado. Los partidos llevan su ritmo tambi\u00e9n\u00bb.<\/strong><\/p>\n<div class=\"sp__SM\">\n<div class=\"content-new \">\n<span class=\"tit-mobile\">Mir\u00e1 tambi\u00e9n<\/span><\/p>\n<div class=\"mg\">\n<div class=\"wrap-figure\">\n<picture>\n<a href=\"https:\/\/www.ole.com.ar\/messi\/messi-asistencias-sexta-vez-psg_0_Xf4kSRTga.html\" target=\"_self\" rel=\"noopener noreferrer\"><br \/>\n<img class=\"img-responsive\" alt=\"Messi: tres asistencias y una marca que no se lograba en Francia desde 2016\" src=\"http:\/\/hoycordobaweb.com\/wp-content\/uploads\/2021\/12\/la-insolita-reaccion-del-entrenador-del-getafe-que-le-costo-la-expulsion-3.jpg\" loading=\"lazy\"><br \/>\n<\/a>\n<\/picture>\n<\/div>\n<\/div><\/div>\n<\/div>\n<p>Aun as\u00ed, tambi\u00e9n cuestion\u00f3 el fallo arbitral y expuso:<strong> \u00abLos jugadores, entrenadores llevamos unas pulsaciones y me ha costado entender que estaba expulsado sin haber hablado. Hubo una reacci\u00f3n que debo evitar. No debo entrar en eso\u00bb. <\/strong><\/p>\n<div class=\"sp__SM\">\n<div class=\"content-new \">\n<span class=\"tit-mobile\">Mir\u00e1 tambi\u00e9n<\/span><\/p>\n<div class=\"mg\">\n<div class=\"wrap-figure\">\n<picture>\n<a href=\"https:\/\/www.ole.com.ar\/futbol-internacional\/inglaterra\/willy-caballero-premier-southampton_0_LT2IOSUUF.html\" target=\"_self\" rel=\"noopener noreferrer\"><br \/>\n<img class=\"img-responsive\" alt=\"Willy Caballero vuelve a la Premier por un mes\" src=\"http:\/\/hoycordobaweb.com\/wp-content\/uploads\/2021\/12\/la-insolita-reaccion-del-entrenador-del-getafe-que-le-costo-la-expulsion-4.jpg\" loading=\"lazy\"><br \/>\n<\/a>\n<\/picture>\n<\/div>\n<\/div><\/div>\n<\/div>\n<p><strong>Este domingo el Getafe visitar\u00e1 al&nbsp;Alav\u00e9s&nbsp;en un cruce directo por evitar el descenso y tras ocupar el ante\u00faltimo puesto en la tabla de posiciones con 11 puntos necesita conseguir una victoria para defender su lugar en la Primera Divisi\u00f3n de Espa\u00f1a.<\/strong><\/p>\n<div class=\"entry-tags\">\n<h2>TEMAS QUE APARECEN EN ESTA NOTA<\/h2>\n<\/p><\/div>\n","protected":false},"excerpt":{"rendered":"<p>La tensi\u00f3n que genera un partido es algo dif\u00edcil de comparar con cualquier otra emoci\u00f3n y muchas veces los resultados interceden el juicio de quienes est\u00e1n en el campo de juego. Esta vez fue Quique S\u00e1nchez Flores, el entrenador del Getafe que no pudo con su genio, reaccion\u00f3 mal y recibi\u00f3 la tarjeta roja. Este [&hellip;]<\/p>\n","protected":false},"author":1,"featured_media":33909,"comment_status":"open","ping_status":"closed","sticky":false,"template":"","format":"standard","meta":[],"categories":[16],"tags":[],"_links":{"self":[{"href":"http:\/\/hoycordobaweb.com\/index.php\/wp-json\/wp\/v2\/posts\/33908"}],"collection":[{"href":"http:\/\/hoycordobaweb.com\/index.php\/wp-json\/wp\/v2\/posts"}],"about":[{"href":"http:\/\/hoycordobaweb.com\/index.php\/wp-json\/wp\/v2\/types\/post"}],"author":[{"embeddable":true,"href":"http:\/\/hoycordobaweb.com\/index.php\/wp-json\/wp\/v2\/users\/1"}],"replies":[{"embeddable":true,"href":"http:\/\/hoycordobaweb.com\/index.php\/wp-json\/wp\/v2\/comments?post=33908"}],"version-history":[{"count":0,"href":"http:\/\/hoycordobaweb.com\/index.php\/wp-json\/wp\/v2\/posts\/33908\/revisions"}],"wp:featuredmedia":[{"embeddable":true,"href":"http:\/\/hoycordobaweb.com\/index.php\/wp-json\/wp\/v2\/media\/33909"}],"wp:attachment":[{"href":"http:\/\/hoycordobaweb.com\/index.php\/wp-json\/wp\/v2\/media?parent=33908"}],"wp:term":[{"taxonomy":"category","embeddable":true,"href":"http:\/\/hoycordobaweb.com\/index.php\/wp-json\/wp\/v2\/categories?post=33908"},{"taxonomy":"post_tag","embeddable":true,"href":"http:\/\/hoycordobaweb.com\/index.php\/wp-json\/wp\/v2\/tags?post=33908"}],"curies":[{"name":"wp","href":"https:\/\/api.w.org\/{rel}","templated":true}]}}