{"id":33906,"date":"2021-12-07T16:00:51","date_gmt":"2021-12-07T16:00:51","guid":{"rendered":"https:\/\/www.ole.com.ar\/futbol-internacional\/declaracion-martino-seleccion-mexico_0_czAX-VPGo.html"},"modified":"2021-12-07T16:00:51","modified_gmt":"2021-12-07T16:00:51","slug":"la-durisima-declaracion-de-martino-sobre-la-seleccion-de-mexico","status":"publish","type":"post","link":"http:\/\/hoycordobaweb.com\/index.php\/2021\/12\/07\/la-durisima-declaracion-de-martino-sobre-la-seleccion-de-mexico\/","title":{"rendered":"La dur\u00edsima declaraci\u00f3n de Martino sobre la selecci\u00f3n de M\u00e9xico"},"content":{"rendered":"<p><img src=\"http:\/\/hoycordobaweb.com\/wp-content\/uploads\/2021\/12\/la-durisima-declaracion-de-martino-sobre-la-seleccion-de-mexico.jpg\"><\/p>\n<p>Gerardo Martino arranc\u00f3 su etapa al mando de la selecci\u00f3n de M\u00e9xico en 2018 y transit\u00f3 distintas etapas atravesadas por derrotas y \u00e9xitos como la conquista de la Copa de Oro en 2019. Aun as\u00ed, se anim\u00f3 a analizar cu\u00e1l fue el peor momento del equipo y su respuesta gener\u00f3 varios cuestionamientos en redes sociales.<\/p>\n<p>Tras perder dos finales muy importantes contra Estados Unidos tanto en la Nations League como en la Copa de Oro asegur\u00f3 que 2021 fue el peor a\u00f1o del conjunto que dirige. Adem\u00e1s perdieron algunos partidos claves en las Eliminatorias CONCACAF lo que despert\u00f3 duros cuestionamientos por parte de los y las seguidores.<\/p>\n<div class=\"sp__SM\">\n<div class=\"content-new \">\n<span class=\"tit-mobile\">Mir\u00e1 tambi\u00e9n<\/span><\/p>\n<div class=\"mg\">\n<div class=\"wrap-figure\">\n<picture>\n<a href=\"https:\/\/www.ole.com.ar\/fuera-de-juego\/afganas_0_vcPOpeeo7.html\" target=\"_self\" rel=\"noopener noreferrer\"><br \/>\n<img class=\"img-responsive\" alt=\"El gran gesto del Leeds y Kim Kardashian con un grupo de jugadoras afganas\" src=\"http:\/\/hoycordobaweb.com\/wp-content\/uploads\/2021\/12\/la-durisima-declaracion-de-martino-sobre-la-seleccion-de-mexico-2.jpg\" loading=\"lazy\"><br \/>\n<\/a>\n<\/picture>\n<\/div>\n<\/div><\/div>\n<\/div>\n<p> \u201cDe los tres a\u00f1os, el peor. En resultados y desarrollo futbol\u00edstico. Entiendo que fue bueno llegar a las finales de los dos torneos, entiendo que fue malo perder las dos. Mi calificativo tiene que ver con el \u00faltimo combo de las Eliminatorias.<strong> Al haber perdido con Estados Unidos y Canad\u00e1, definitivamente es el peor a\u00f1o<\/strong>\u201d, asegur\u00f3 el argentino.<\/p>\n<div class=\"sp__SM\">\n<div class=\"content-new \">\n<span class=\"tit-mobile\">Mir\u00e1 tambi\u00e9n<\/span><\/p>\n<div class=\"mg\">\n<div class=\"wrap-figure\">\n<picture>\n<a href=\"https:\/\/www.ole.com.ar\/futbol-internacional\/america\/tata-martino-objetivos-mexico-qatar_0_guPafme0M.html\" target=\"_self\" rel=\"noopener noreferrer\"><br \/>\n<img class=\"img-responsive\" alt=\"Cu\u00e1les son los objetivos de Martino en la selecci\u00f3n de M\u00e9xico\" src=\"http:\/\/hoycordobaweb.com\/wp-content\/uploads\/2021\/12\/la-durisima-declaracion-de-martino-sobre-la-seleccion-de-mexico-3.jpg\" loading=\"lazy\"><br \/>\n<\/a>\n<\/picture>\n<\/div>\n<\/div><\/div>\n<\/div>\n<p>Adem\u00e1s, en una entrevista con TV Azteca analiz\u00f3 los \u00faltimos partidos por las Eliminatorias y cont\u00f3: <strong>\u00abCreo que antes y despu\u00e9s del partido con Ecuador, bien armado, complementando ideas con los clubes y la Federaci\u00f3n donde no molestemos con el calendario. Son partidos interesantes porque nos permiten ver muchos chicos, algunos que reci\u00e9n empiezan a aparecer pero que generan ilusi\u00f3n\u201d.<\/strong><\/p>\n<div class=\"sp__SM\">\n<div class=\"content-new \">\n<span class=\"tit-mobile\">Mir\u00e1 tambi\u00e9n<\/span><\/p>\n<div class=\"mg\">\n<div class=\"wrap-figure\">\n<picture>\n<a href=\"https:\/\/www.ole.com.ar\/futbol-internacional\/america\/mejor-globe-soccer-awards-argentina-brasil-italia-inglaterra-francia-marruecos_0_ExSlNGscB.html\" target=\"_self\" rel=\"noopener noreferrer\"><br \/>\n<img class=\"img-responsive\" alt=\"Estados Unidos y M\u00e9xico, nominados a mejor selecci\u00f3n del a\u00f1o\" src=\"http:\/\/hoycordobaweb.com\/wp-content\/uploads\/2021\/12\/la-durisima-declaracion-de-martino-sobre-la-seleccion-de-mexico-4.jpg\" loading=\"lazy\"><br \/>\n<\/a>\n<\/picture>\n<\/div>\n<\/div><\/div>\n<\/div>\n<p>Por otra parte, tambi\u00e9n hizo un an\u00e1lisis sobre las convocatorias y en un di\u00e1logo con Medio Tiempo coment\u00f3 sobre la situaci\u00f3n de Javier Hern\u00e1ndez que desde septiembre de 2019 que no volvi\u00f3 a vestir la camiseta <strong>luego de atravesar una situaci\u00f3n de indisciplina. <\/strong> \u201c Es normal tener vaivenes con las convocatorias de jugadores, con los momentos, porque deben convivir con muchas situaciones y a veces hay problemas\u00bb, declar\u00f3.<\/p>\n<p>Aun as\u00ed remarc\u00f3: <strong>\u00abEsos problemas de alguna forma tienen determinado grado de importancias, hay veces que son solucionables y otros que ya no tienen vuelta atr\u00e1s\u201d.<\/strong><\/p>\n<h2><strong>Martino y su continuidad&nbsp;<\/strong><\/h2>\n<p>La selecci\u00f3n de M\u00e9xico no est\u00e1 pasando por su mejor momento. La \u00faltima doble fecha cay\u00f3 frente a Estados Unidos (2-0) y Canad\u00e1 (2-1), bajando a la tercera posici\u00f3n de las Eliminatorias Concacaf rumbo al Mundial de Qatar 2022. Aunque todav\u00eda entre los que clasificar\u00edan, el Tri tiene la misma cantidad de puntos (14) que Panam\u00e1, que est\u00e1 en zona de repechaje.<\/p>\n<p>En el medio, comenzaron las dudas con respecto a la continuidad de Gerardo Martino, criticado por una parte de los hinchas y sectores de la prensa. S<strong>i bien las recientes derrotas fueron las primeras en el octagonal final en busca de un boleto a la cita mundialista, el equipo viene de perder, en junio y agosto de este a\u00f1o, la final de la Liga de Naciones Concacaf y la Copa de Oro contra los estadounidenses,<\/strong> por lo que el clima est\u00e1 tenso.<\/p>\n<div class=\"sp__SM\">\n<div class=\"content-new \">\n<span class=\"tit-mobile\">Mir\u00e1 tambi\u00e9n<\/span><\/p>\n<div class=\"mg\">\n<div class=\"wrap-figure\">\n<picture>\n<a href=\"https:\/\/www.ole.com.ar\/futbol-internacional\/america\/eliminatorias-mundial-qatar-2022_0_JJ7R00LJz.html\" target=\"_self\" rel=\"noopener noreferrer\"><br \/>\n<img class=\"img-responsive\" alt=\"\u00bfDefinido el futuro de Martino en la selecci\u00f3n de M\u00e9xico?\" src=\"http:\/\/hoycordobaweb.com\/wp-content\/uploads\/2021\/12\/la-durisima-declaracion-de-martino-sobre-la-seleccion-de-mexico-5.jpg\" loading=\"lazy\"><br \/>\n<\/a>\n<\/picture>\n<\/div>\n<\/div><\/div>\n<\/div>\n<p>Autoridades de la Federaci\u00f3n Mexicana de F\u00fatbol (FMF), como el presidente Yon de Luisa y el director de selecciones Gerardo Torrado, est\u00e1n de acuerdo en que el Tata debe continuar al menos hasta el final de las Eliminatorias. Si todo marcha bien y el Tricolor clasifica al Mundial de Qatar, claro, el DT argentino continuar\u00eda en el banco de los suplentes.<\/p>\n<p> <strong>\u00abHay confianza que Martino califique y que lo haga bien en los seis partidos que restan, con cuatro en casa\u00bb, <\/strong>expres\u00f3 una fuente de la FMF al diario R\u00e9cord. De esta forma, M\u00e9xico y el Tata tendr\u00e1n por delante los partidos contra Jamaica, Costa Rica, Panam\u00e1, Estados Unidos, Honduras y El Salvador asegurados, buscando concretar el objetivo de estar en la pr\u00f3xima Copa del Mundo.<\/p>\n<div class=\"entry-tags\">\n<h2>TEMAS QUE APARECEN EN ESTA NOTA<\/h2>\n<\/p><\/div>\n","protected":false},"excerpt":{"rendered":"<p>Gerardo Martino arranc\u00f3 su etapa al mando de la selecci\u00f3n de M\u00e9xico en 2018 y transit\u00f3 distintas etapas atravesadas por derrotas y \u00e9xitos como la conquista de la Copa de Oro en 2019. Aun as\u00ed, se anim\u00f3 a analizar cu\u00e1l fue el peor momento del equipo y su respuesta gener\u00f3 varios cuestionamientos en redes sociales. [&hellip;]<\/p>\n","protected":false},"author":1,"featured_media":33907,"comment_status":"open","ping_status":"closed","sticky":false,"template":"","format":"standard","meta":[],"categories":[16],"tags":[],"_links":{"self":[{"href":"http:\/\/hoycordobaweb.com\/index.php\/wp-json\/wp\/v2\/posts\/33906"}],"collection":[{"href":"http:\/\/hoycordobaweb.com\/index.php\/wp-json\/wp\/v2\/posts"}],"about":[{"href":"http:\/\/hoycordobaweb.com\/index.php\/wp-json\/wp\/v2\/types\/post"}],"author":[{"embeddable":true,"href":"http:\/\/hoycordobaweb.com\/index.php\/wp-json\/wp\/v2\/users\/1"}],"replies":[{"embeddable":true,"href":"http:\/\/hoycordobaweb.com\/index.php\/wp-json\/wp\/v2\/comments?post=33906"}],"version-history":[{"count":0,"href":"http:\/\/hoycordobaweb.com\/index.php\/wp-json\/wp\/v2\/posts\/33906\/revisions"}],"wp:featuredmedia":[{"embeddable":true,"href":"http:\/\/hoycordobaweb.com\/index.php\/wp-json\/wp\/v2\/media\/33907"}],"wp:attachment":[{"href":"http:\/\/hoycordobaweb.com\/index.php\/wp-json\/wp\/v2\/media?parent=33906"}],"wp:term":[{"taxonomy":"category","embeddable":true,"href":"http:\/\/hoycordobaweb.com\/index.php\/wp-json\/wp\/v2\/categories?post=33906"},{"taxonomy":"post_tag","embeddable":true,"href":"http:\/\/hoycordobaweb.com\/index.php\/wp-json\/wp\/v2\/tags?post=33906"}],"curies":[{"name":"wp","href":"https:\/\/api.w.org\/{rel}","templated":true}]}}