{"id":33896,"date":"2021-12-07T17:43:37","date_gmt":"2021-12-07T17:43:37","guid":{"rendered":"https:\/\/www.ole.com.ar\/futbol-ascenso\/primera-c-reducido-semis-vuelta-hora_0_01jf0fX54.html"},"modified":"2021-12-07T17:43:37","modified_gmt":"2021-12-07T17:43:37","slug":"se-definen-los-finalistas-del-reducido-de-la-primera-c","status":"publish","type":"post","link":"http:\/\/hoycordobaweb.com\/index.php\/2021\/12\/07\/se-definen-los-finalistas-del-reducido-de-la-primera-c\/","title":{"rendered":"Se definen los finalistas del Reducido de la Primera C"},"content":{"rendered":"<p><img src=\"http:\/\/hoycordobaweb.com\/wp-content\/uploads\/2021\/12\/se-definen-los-finalistas-del-reducido-de-la-primera-c.jpg\"><\/p>\n<p>El regalo de fin de a\u00f1o est\u00e1 al alcance de la mano. Este mi\u00e9rcoles se jugar\u00e1n los partidos de revancha de las semifinales del Reducido, del cual saldr\u00e1 el segundo ascenso a la Primera B. Berazategui no pudo con Dock Sud en la final y cay\u00f3 a los playoffs, donde no pudo hacer pie en Merlo frente a Argentino. La ida, fue para la Academia por 1 a 0.<\/p>\n<div class=\"sp__SM\">\n<div class=\"content-new \">\n<span class=\"tit-mobile\">Mir\u00e1 tambi\u00e9n<\/span><\/p>\n<div class=\"mg\">\n<div class=\"wrap-figure\">\n<picture>\n<a href=\"https:\/\/www.ole.com.ar\/futbol-ascenso\/b-nacional\/primera-nacional-reducido-semifinales_0_X2o2DmRBG.html\" target=\"_self\" rel=\"noopener noreferrer\"><br \/>\n<img class=\"img-responsive\" alt=\"Primera Nacional: cu\u00e1ndo son las revanchas y c\u00f3mo se define el Reducido\" src=\"http:\/\/hoycordobaweb.com\/wp-content\/uploads\/2021\/12\/se-definen-los-finalistas-del-reducido-de-la-primera-c-2.jpg\" loading=\"lazy\"><br \/>\n<\/a>\n<\/picture>\n<\/div>\n<\/div><\/div>\n<\/div>\n<p>Por la tarde, a las 17.00, el Naranja buscar\u00e1 dar vuelta la historia. Luego de un pedido de Aprevide, el Norman Lee, estadio de Bera, tuvo modificaciones en la tribuna local para que ambas facciones de la barra est\u00e9n distanciadas. En el primer duelo de la final contra el Docke, hubo enfrentamientos. Por ahora, problema solucionado.<\/p>\n<div class=\"sp__SM\">\n<div class=\"content-new \">\n<span class=\"tit-mobile\">Mir\u00e1 tambi\u00e9n<\/span><\/p>\n<div class=\"mg\">\n<div class=\"wrap-figure\">\n<picture>\n<a href=\"https:\/\/www.ole.com.ar\/futbol-ascenso\/ferro-quilmes_0_xkVhfZZa6.html\" target=\"_self\" rel=\"noopener noreferrer\"><br \/>\n<img class=\"img-responsive\" alt=\"Ferro y Quilmes empataron y dejaron la serie abierta\" src=\"http:\/\/hoycordobaweb.com\/wp-content\/uploads\/2021\/12\/se-definen-los-finalistas-del-reducido-de-la-primera-c-3.jpg\" loading=\"lazy\"><br \/>\n<\/a>\n<\/picture>\n<\/div>\n<\/div><\/div>\n<\/div>\n<p>En la otra llave, Ituzaing\u00f3 y Sportivo Italiano no se sacaron ventajas en Ciudad Evita. Empataron 0 a 0 y dejaron la serie abierta para la noche del mi\u00e9rcoles, cuando se enfrenten a las 20.00, en el Carlos Sacaan. \u00bfQui\u00e9nes llegar\u00e1n a la final?<\/p>\n<div class=\"sp__SM\">\n<div class=\"content-new \">\n<span class=\"tit-mobile\">Mir\u00e1 tambi\u00e9n<\/span><\/p>\n<div class=\"mg\">\n<div class=\"wrap-figure\">\n<picture>\n<a href=\"https:\/\/www.ole.com.ar\/informacion-general\/lucas-gonzalez-preventiva_0_FjGEdnkQ9.html\" target=\"_self\" rel=\"noopener noreferrer\"><br \/>\n<img class=\"img-responsive\" alt=\"Preventiva para los tres polic\u00edas del crimen de Lucas Gonz\u00e1lez\" src=\"http:\/\/hoycordobaweb.com\/wp-content\/uploads\/2021\/12\/se-definen-los-finalistas-del-reducido-de-la-primera-c-4.jpg\" loading=\"lazy\"><br \/>\n<\/a>\n<\/picture>\n<\/div>\n<\/div><\/div>\n<\/div>\n<div class=\"sp__SM\">\n<div class=\"content-new \">\n<span class=\"tit-mobile\">Mir\u00e1 tambi\u00e9n<\/span><\/p>\n<div class=\"mg\">\n<div class=\"wrap-figure\">\n<picture>\n<a href=\"https:\/\/www.ole.com.ar\/futbol-ascenso\/zoe-federala-regional-deportivozoe_0_F0kkAMuw5.html\" target=\"_self\" rel=\"noopener noreferrer\"><br \/>\n<img class=\"img-responsive\" alt=\"El club que naci\u00f3 en pandemia y sue\u00f1a con el Federal A\" src=\"http:\/\/hoycordobaweb.com\/wp-content\/uploads\/2021\/12\/se-definen-los-finalistas-del-reducido-de-la-primera-c-5.jpg\" loading=\"lazy\"><br \/>\n<\/a>\n<\/picture>\n<\/div>\n<\/div><\/div>\n<\/div>\n<div class=\"entry-tags\">\n<h2>TEMAS QUE APARECEN EN ESTA NOTA<\/h2>\n<\/p><\/div>\n","protected":false},"excerpt":{"rendered":"<p>El regalo de fin de a\u00f1o est\u00e1 al alcance de la mano. Este mi\u00e9rcoles se jugar\u00e1n los partidos de revancha de las semifinales del Reducido, del cual saldr\u00e1 el segundo ascenso a la Primera B. Berazategui no pudo con Dock Sud en la final y cay\u00f3 a los playoffs, donde no pudo hacer pie en [&hellip;]<\/p>\n","protected":false},"author":1,"featured_media":33897,"comment_status":"open","ping_status":"closed","sticky":false,"template":"","format":"standard","meta":[],"categories":[16],"tags":[],"_links":{"self":[{"href":"http:\/\/hoycordobaweb.com\/index.php\/wp-json\/wp\/v2\/posts\/33896"}],"collection":[{"href":"http:\/\/hoycordobaweb.com\/index.php\/wp-json\/wp\/v2\/posts"}],"about":[{"href":"http:\/\/hoycordobaweb.com\/index.php\/wp-json\/wp\/v2\/types\/post"}],"author":[{"embeddable":true,"href":"http:\/\/hoycordobaweb.com\/index.php\/wp-json\/wp\/v2\/users\/1"}],"replies":[{"embeddable":true,"href":"http:\/\/hoycordobaweb.com\/index.php\/wp-json\/wp\/v2\/comments?post=33896"}],"version-history":[{"count":0,"href":"http:\/\/hoycordobaweb.com\/index.php\/wp-json\/wp\/v2\/posts\/33896\/revisions"}],"wp:featuredmedia":[{"embeddable":true,"href":"http:\/\/hoycordobaweb.com\/index.php\/wp-json\/wp\/v2\/media\/33897"}],"wp:attachment":[{"href":"http:\/\/hoycordobaweb.com\/index.php\/wp-json\/wp\/v2\/media?parent=33896"}],"wp:term":[{"taxonomy":"category","embeddable":true,"href":"http:\/\/hoycordobaweb.com\/index.php\/wp-json\/wp\/v2\/categories?post=33896"},{"taxonomy":"post_tag","embeddable":true,"href":"http:\/\/hoycordobaweb.com\/index.php\/wp-json\/wp\/v2\/tags?post=33896"}],"curies":[{"name":"wp","href":"https:\/\/api.w.org\/{rel}","templated":true}]}}