{"id":33822,"date":"2021-12-06T13:44:00","date_gmt":"2021-12-06T13:44:00","guid":{"rendered":"http:\/\/hoycordobaweb.com\/index.php\/2021\/12\/06\/gallardo-tomara-una-decision-en-las-vacaciones-y-sera-dificil-si-se-va-de-river\/"},"modified":"2021-12-06T13:44:00","modified_gmt":"2021-12-06T13:44:00","slug":"gallardo-tomara-una-decision-en-las-vacaciones-y-sera-dificil-si-se-va-de-river","status":"publish","type":"post","link":"http:\/\/hoycordobaweb.com\/index.php\/2021\/12\/06\/gallardo-tomara-una-decision-en-las-vacaciones-y-sera-dificil-si-se-va-de-river\/","title":{"rendered":"\u00abGallardo tomar\u00e1 una decisi\u00f3n en las vacaciones y ser\u00e1 dif\u00edcil si se va de River\u00bb"},"content":{"rendered":"<p><img src=\"http:\/\/hoycordobaweb.com\/wp-content\/uploads\/2021\/12\/gallardo-tomara-una-decision-en-las-vacaciones-y-sera-dificil-si-se-va-de-river.jpg\"><\/p>\n<figure class=\"mb-3\"><img loading=\"lazy\" src=\"http:\/\/hoycordobaweb.com\/wp-content\/uploads\/2021\/12\/gallardo-tomara-una-decision-en-las-vacaciones-y-sera-dificil-si-se-va-de-river-2.jpg\" width=\"100%\" height=\"100%\" alt=\"Armani suea con el Mundial de Qatar 2022 \"><figcaption> Armani sue\u00f1a con el Mundial de Qatar 2022. <\/figcaption><\/figure>\n<p>El arquero de River Plate, Franco Armani, anticip\u00f3 que el t\u00e9cnico Marcelo Gallardo tomar\u00e1 una decisi\u00f3n sobre su continuidad en el club de N\u00fa\u00f1ez \u00abdurante el receso de las vacaciones\u00bb pero evalu\u00f3 que, en caso de alejarse, \u00abser\u00e1 dif\u00edcil seguir sin \u00e9l\u00bb.<\/p>\n<p>\u00abGallardo tomar\u00e1 una decisi\u00f3n sobre su continuidad en este receso de vacaciones. <strong>Todos queremos que siga y se har\u00e1 dif\u00edcil si no est\u00e1. Sabemos lo que quiere, su idea de juego, lo que hizo siempre. Hay que esperar y, mientras tanto, saber disfrutarlo<\/strong>\u00ab, sostuvo<\/p>\n<p>Armani en la conferencia de prensa posterior a la derrota de anoche en el Monumental por 3 a 2 a manos de Defensa y Justicia, de la que el t\u00e9cnico no tom\u00f3 parte.<\/p>\n<p>\u00ab<strong>Marcelo es el mejor entrenador que tuve en mi carrera, por la exigencia en cada entrenamiento que despu\u00e9s se traslada a los partidos<\/strong>. Ojal\u00e1 que contin\u00fae, porque es todo lo que queremos: seguir aprendiendo de \u00e9l. Uno puede dialogar lo que quiera con Gallardo y eso se valora mucho\u00bb, exalt\u00f3 el santafesino.<\/p>\n<p>Sobre otra despedida, aunque en este caso m\u00e1s concreta como la de Leonardo Ponzio, el guardavallas riverplatense destac\u00f3 tambi\u00e9n lo que significa para el club y para el grupo, \u00abporque es un referente\u00bb.<\/p>\n<p>\u00ab<strong>A Ponzio lo queremos mucho. Nos deja algo d\u00eda a d\u00eda, en cada entrenamiento y partido.<\/strong> Est\u00e1 para seguir y valoro adem\u00e1s lo gran persona que es, alguien que nos deja un legado en estos a\u00f1os. No nos inform\u00f3 espec\u00edficamente que se iba a retirar y por eso tambi\u00e9n debemos seguir disfrut\u00e1ndolo al m\u00e1ximo y ojal\u00e1 pueda conseguir un t\u00edtulo m\u00e1s\u00bb, expres\u00f3.<\/p>\n<blockquote class=\"twitter-tweet\" readability=\"3.2727272727273\">\n<p lang=\"es\" dir=\"ltr\">\u00a9\ufe0f <a href=\"https:\/\/twitter.com\/LeoPonzio_ok?ref_src=twsrc%5Etfw\">@LeoPonzio_ok<\/a>, coraz\u00f3n de campe\u00f3n \u2764\ufe0f <a href=\"https:\/\/t.co\/FIcMLJRfWv\">pic.twitter.com\/FIcMLJRfWv<\/a><\/p>\n<p>\u2014 River Plate (@RiverPlate) <a href=\"https:\/\/twitter.com\/RiverPlate\/status\/1467849017870663684?ref_src=twsrc%5Etfw\">December 6, 2021<\/a><\/p><\/blockquote>\n<p>La referencia viene a cuento respecto de la disputa del Trofeo de Campeones ante Col\u00f3n del pr\u00f3ximo s\u00e1bado 18, lo que, de ganarlo, lo convertir\u00eda en el futbolista riverplatense con m\u00e1s t\u00edtulos de la historia (17), superando por uno a \u00c1ngel Labruna, Ricardo Vaghi y Bruno Rodolfi.<\/p>\n<p>Uno de esos campeonatos fue el de la Libertadores del 9 de diciembre de 2018 ante Boca Juniors en el estadio Santiago Bernab\u00e9u, de Real Madrid, \u00abuna fecha imborrable que el jueves se va a celebrar como corresponde\u00bb.<\/p>\n<p>En tanto, el \u00faltimo hasta ahora es el alcanzado en la actual Liga Profesional. \u00ab<strong>Este campeonato es especial porque hace mucho que lo ven\u00edamos buscando. Se nos fue negando muchas veces cuando estuvimos cerca, hasta que ahora por fin se dio<\/strong>\u00ab.<\/p>\n<p>\u00abPero debemos seguir por el mismo objetivo de siempre que es ganar, ya que si nos relajamos un poquito, el rival lo aprovecha.<br \/>Debemos mantener la l\u00ednea. Y <strong>en este mismo campeonato queremos terminar con la mayor cantidad de puntos aunque falte una fecha, porque adem\u00e1s nos servir\u00e1 de envi\u00f3n para la final con Col\u00f3n<\/strong>\u00ab, remarc\u00f3.<\/p>\n<p>\u00abPor ejemplo en este partido con Defensa y Justicia todo el primer tiempo lo manejamos nosotros, tuvimos la pelota y el rival corri\u00f3 detr\u00e1s de ella, a tal punto que tuvimos opciones como para cerrarlo en ese per\u00edodo. Y el segundo inclusive lo iniciamos bien, pero despu\u00e9s el rival se acomod\u00f3 bien con los cambios, fue efectivo y nos gan\u00f3. Por eso, si bien hay que continuar de esta manera, tambi\u00e9n tenemos cosas por corregir\u00bb, analiz\u00f3.<\/p>\n<p>Finalmente, al desear tambi\u00e9n que otro posible candidato a emigrar como Juli\u00e1n \u00c1lvarez \u00abse quede\u00bb, habl\u00f3 de su futuro mediato: \u00ab<strong>Tengo un a\u00f1o y medio m\u00e1s de contrato (hasta junio de 2023) y mi idea es apuntar al Mundial de Qatar de 2022. Y, para eso, tengo que seguir trabajando en River y continuar demostrando partido a partido por qu\u00e9 merezco estar<\/strong>\u00ab, concluy\u00f3 el nacido en Casilda, tambi\u00e9n la ciudad natal del ext\u00e9cnico de la selecci\u00f3n argentina, Jorge Sampaoli.<\/p>\n<p>Armani quiere tomarse revancha de la mala experiencia que le cupo junto al seleccionado nacional en Rusia 2018, justamente donde fue dirigido por el hoy entrenador del equipo franc\u00e9s Olympique, de Marsella, y ya con 36 a\u00f1os cumplidos el 16 de octubre del a\u00f1o pr\u00f3ximo, pueda participar del segundo Mundial de su carrera. <\/p>\n","protected":false},"excerpt":{"rendered":"<p>Armani sue\u00f1a con el Mundial de Qatar 2022. El arquero de River Plate, Franco Armani, anticip\u00f3 que el t\u00e9cnico Marcelo Gallardo tomar\u00e1 una decisi\u00f3n sobre su continuidad en el club de N\u00fa\u00f1ez \u00abdurante el receso de las vacaciones\u00bb pero evalu\u00f3 que, en caso de alejarse, \u00abser\u00e1 dif\u00edcil seguir sin \u00e9l\u00bb. \u00abGallardo tomar\u00e1 una decisi\u00f3n sobre [&hellip;]<\/p>\n","protected":false},"author":1,"featured_media":33823,"comment_status":"open","ping_status":"closed","sticky":false,"template":"","format":"standard","meta":[],"categories":[16],"tags":[],"_links":{"self":[{"href":"http:\/\/hoycordobaweb.com\/index.php\/wp-json\/wp\/v2\/posts\/33822"}],"collection":[{"href":"http:\/\/hoycordobaweb.com\/index.php\/wp-json\/wp\/v2\/posts"}],"about":[{"href":"http:\/\/hoycordobaweb.com\/index.php\/wp-json\/wp\/v2\/types\/post"}],"author":[{"embeddable":true,"href":"http:\/\/hoycordobaweb.com\/index.php\/wp-json\/wp\/v2\/users\/1"}],"replies":[{"embeddable":true,"href":"http:\/\/hoycordobaweb.com\/index.php\/wp-json\/wp\/v2\/comments?post=33822"}],"version-history":[{"count":0,"href":"http:\/\/hoycordobaweb.com\/index.php\/wp-json\/wp\/v2\/posts\/33822\/revisions"}],"wp:featuredmedia":[{"embeddable":true,"href":"http:\/\/hoycordobaweb.com\/index.php\/wp-json\/wp\/v2\/media\/33823"}],"wp:attachment":[{"href":"http:\/\/hoycordobaweb.com\/index.php\/wp-json\/wp\/v2\/media?parent=33822"}],"wp:term":[{"taxonomy":"category","embeddable":true,"href":"http:\/\/hoycordobaweb.com\/index.php\/wp-json\/wp\/v2\/categories?post=33822"},{"taxonomy":"post_tag","embeddable":true,"href":"http:\/\/hoycordobaweb.com\/index.php\/wp-json\/wp\/v2\/tags?post=33822"}],"curies":[{"name":"wp","href":"https:\/\/api.w.org\/{rel}","templated":true}]}}