{"id":33795,"date":"2021-12-05T16:26:51","date_gmt":"2021-12-05T16:26:51","guid":{"rendered":"https:\/\/www.ole.com.ar\/fuera-de-juego\/liberman-starplus-debate_0_lhPNcmjSh.html"},"modified":"2021-12-05T16:26:51","modified_gmt":"2021-12-05T16:26:51","slug":"vuelve-liberman-con-debate-f-en-una-plataforma-diferente","status":"publish","type":"post","link":"http:\/\/hoycordobaweb.com\/index.php\/2021\/12\/05\/vuelve-liberman-con-debate-f-en-una-plataforma-diferente\/","title":{"rendered":"Vuelve Liberman con Debate F, en una plataforma diferente"},"content":{"rendered":"<p><img src=\"http:\/\/hoycordobaweb.com\/wp-content\/uploads\/2021\/12\/vuelve-liberman-con-debate-f-en-una-plataforma-diferente.jpg\"><\/p>\n<div><img src=\"http:\/\/hoycordobaweb.com\/wp-content\/uploads\/2021\/12\/vuelve-liberman-con-debate-f-en-una-plataforma-diferente.jpg\" class=\"ff-og-image-inserted\"><\/div>\n<p>Se suma un nuevo programa a la grilla el deporte, en una de las nuevas se\u00f1ales pagas. El domingo tendr\u00e1 un show regional en StarPlus, con un conductor que era cara de Fox y que ahora encuentra su lugar en el nuevo ecosistema de ESPN. Ser\u00e1 el regreso de Debate, el programa que fue un \u00e9xito en Fox Sports y gan\u00f3 dos Mart\u00edn Fierro.<strong> Mart\u00edn Liberman volver\u00e1 a ser su conductor, co un elenco period\u00edstico interesante,&nbsp;<\/strong>distribuido por todo el continente.<\/p>\n<p>\u00abLa gente me preguntaba cu\u00e1ndo iba a volver Debate Final. Eso quiere decir que el programa dej\u00f3 una huella en los televidentes de toda Am\u00e9rica\u00bb, cuenta Liberman, que en marzo de 2020 se desvincul\u00f3 de Torneos tras 26 a\u00f1os en la compa\u00f1\u00eda. Despu\u00e9s de algunos desencuentros, <strong>hubo un acercamiento de ESPN con el periodista y se sell\u00f3 el acuerdo.<\/strong><\/p>\n<h2><strong><\/strong>UN NOMBRE QUE EMPIEZA CON F<strong>\u200b<\/strong><br \/><\/h2>\n<p> <strong>Ahora el programa se llamar\u00e1 Debate F<\/strong>, con el estilo de Disney que tiene a F12 con Mariano Closs, F90 con Sebasti\u00e1n Vignolo y F360 con Gustavo L\u00f3pez. <strong>Se emite los domingos a las 00hs de Argentina, <\/strong>Uruguay, Paraguay y Chile; las 23 en Venezuela y Bolivia; las 22 en Colombia, Per\u00fa y Ecuador; las 21 en M\u00e9xico.<\/p>\n<p> <strong>Habr\u00e1 un gran panel de ex futbolistas en Buenos Aires:<\/strong> Carlos Navarro Montoya, Alejandro Mancuso, Chori Dom\u00ednguez y Fernando Gamboa. En el piso, Liberman tambi\u00e9n estar\u00e1 acompa\u00f1ado por dos soldados con los que encar\u00f3 su ciclo en Fox Sports: Daniel Avellaneda y Dami\u00e1n Trillini.<\/p>\n<p> <strong>En Uruguay estar\u00e1 Diego Lugano.<\/strong> En Chile, <strong>Mauricio Pinilla y Gabriel Olarra. En Colombia, Fabi\u00e1n Vargas. En Per\u00fa, Juninho.<\/strong><\/p>\n<p> El f\u00fatbol de Latinoam\u00e9rica vibrar\u00e1 en este flamante show de los domingos por la noche, con goles, informaci\u00f3n y debate.<\/p>\n<div class=\"entry-tags\">\n<h2>TEMAS QUE APARECEN EN ESTA NOTA<\/h2>\n<\/p><\/div>\n","protected":false},"excerpt":{"rendered":"<p>Se suma un nuevo programa a la grilla el deporte, en una de las nuevas se\u00f1ales pagas. El domingo tendr\u00e1 un show regional en StarPlus, con un conductor que era cara de Fox y que ahora encuentra su lugar en el nuevo ecosistema de ESPN. Ser\u00e1 el regreso de Debate, el programa que fue un [&hellip;]<\/p>\n","protected":false},"author":1,"featured_media":33796,"comment_status":"open","ping_status":"closed","sticky":false,"template":"","format":"standard","meta":[],"categories":[16],"tags":[],"_links":{"self":[{"href":"http:\/\/hoycordobaweb.com\/index.php\/wp-json\/wp\/v2\/posts\/33795"}],"collection":[{"href":"http:\/\/hoycordobaweb.com\/index.php\/wp-json\/wp\/v2\/posts"}],"about":[{"href":"http:\/\/hoycordobaweb.com\/index.php\/wp-json\/wp\/v2\/types\/post"}],"author":[{"embeddable":true,"href":"http:\/\/hoycordobaweb.com\/index.php\/wp-json\/wp\/v2\/users\/1"}],"replies":[{"embeddable":true,"href":"http:\/\/hoycordobaweb.com\/index.php\/wp-json\/wp\/v2\/comments?post=33795"}],"version-history":[{"count":0,"href":"http:\/\/hoycordobaweb.com\/index.php\/wp-json\/wp\/v2\/posts\/33795\/revisions"}],"wp:featuredmedia":[{"embeddable":true,"href":"http:\/\/hoycordobaweb.com\/index.php\/wp-json\/wp\/v2\/media\/33796"}],"wp:attachment":[{"href":"http:\/\/hoycordobaweb.com\/index.php\/wp-json\/wp\/v2\/media?parent=33795"}],"wp:term":[{"taxonomy":"category","embeddable":true,"href":"http:\/\/hoycordobaweb.com\/index.php\/wp-json\/wp\/v2\/categories?post=33795"},{"taxonomy":"post_tag","embeddable":true,"href":"http:\/\/hoycordobaweb.com\/index.php\/wp-json\/wp\/v2\/tags?post=33795"}],"curies":[{"name":"wp","href":"https:\/\/api.w.org\/{rel}","templated":true}]}}