{"id":33793,"date":"2021-12-05T16:51:43","date_gmt":"2021-12-05T16:51:43","guid":{"rendered":"https:\/\/www.ole.com.ar\/lanus\/luis-zubeldia-futuro-tecnico-decision-esposa_0_icvyoN1Ii.html"},"modified":"2021-12-05T16:51:43","modified_gmt":"2021-12-05T16:51:43","slug":"zubeldia-la-decision-de-mi-futuro-la-tomara-mi-esposa","status":"publish","type":"post","link":"http:\/\/hoycordobaweb.com\/index.php\/2021\/12\/05\/zubeldia-la-decision-de-mi-futuro-la-tomara-mi-esposa\/","title":{"rendered":"Zubeld\u00eda: \u00abLa decisi\u00f3n de mi futuro la tomar\u00e1 mi esposa\u00bb"},"content":{"rendered":"<p><img src=\"http:\/\/hoycordobaweb.com\/wp-content\/uploads\/2021\/12\/zubeldia-la-decision-de-mi-futuro-la-tomara-mi-esposa.jpg\"><\/p>\n<p><strong><a alt=\"luis-zubaledia\" class=\"slug\" href=\"https:\/\/www.ole.com.ar\/tema\/luis-zubaledia.html\" target=\"_blank\" title=\"luis-zubaledia\" rel=\"noopener noreferrer\">Luis Zubeld\u00eda<\/a><\/strong> empez\u00f3 a despedirse de <strong><a alt=\"lanus\" class=\"slug\" href=\"https:\/\/www.ole.com.ar\/tema\/lanus.html\" target=\"_blank\" title=\"lanus\" rel=\"noopener noreferrer\">Lan\u00fas<\/a><\/strong>. <a href=\"https:\/\/www.ole.com.ar\/futbol-primera\/lanus-rosario-central-liga-profesional_0_CoWibU_kk.html\" target=\"_blank\" rel=\"noopener noreferrer\">El empate contra Rosario Central<\/a> fue<strong> el \u00faltimo partido del entrenador en la Fortaleza<\/strong>, ante su p\u00fablico. Y <strong>con el punto<\/strong> qued\u00f3 relegado el sue\u00f1o de la Libertadores 2022, pero <strong>se asegur\u00f3 la clasificaci\u00f3n a la <a alt=\"copa-sudamericana\" class=\"slug\" href=\"https:\/\/www.ole.com.ar\/tema\/copa-sudamericana.html\" target=\"_blank\" title=\"copa-sudamericana\" rel=\"noopener noreferrer\">Copa Sudamericana<\/a><\/strong> del pr\u00f3ximo a\u00f1o.<\/p>\n<p>\u00abLo m\u00e1s importante era ganar, sab\u00edamos que <strong>con un punto nos clasific\u00e1bamos a la Sudamericana. Fue uno de esos partidos que se nos hace dif\u00edcil explicar<\/strong> porque se nos escapan puntos. Tenemos muy buenos n\u00fameros en ofensiva, por otro lado <strong>somos muy d\u00e9biles en lo defensivo, ah\u00ed hay que encontrar un equilibrio<\/strong>, algo que yo no pude lograr. En estas \u00faltimas cuatro fechas creo que la confianza ha resuelto situaciones al rival f\u00e1cilmente, <strong>no es normal que teniendo una ventaja r\u00e1pidamente te lo empatan<\/strong> o te lo den vuelta\u00bb, explic\u00f3 el t\u00e9cnico del Granate en conferencia en relaci\u00f3n a que lo ten\u00edan 2-0 a favor y en un minuto Marco Ruben lo igual\u00f3 con un doblete.<\/p>\n<div class=\"sp__SM\">\n<div class=\"content-new \">\n<span class=\"tit-mobile\">Mir\u00e1 tambi\u00e9n<\/span><\/p>\n<div class=\"mg\">\n<div class=\"wrap-figure\">\n<picture>\n<a href=\"https:\/\/www.ole.com.ar\/futbol-primera\/lanus-rosario-central-liga-profesional_0_CoWibU_kk.html\" target=\"_self\" rel=\"noopener noreferrer\"><br \/>\n<img class=\"img-responsive\" alt=\"Un partidazo que no copa a Lan\u00fas ni a Central\" src=\"http:\/\/hoycordobaweb.com\/wp-content\/uploads\/2021\/12\/zubeldia-la-decision-de-mi-futuro-la-tomara-mi-esposa-2.jpg\" loading=\"lazy\"><br \/>\n<\/a>\n<\/picture>\n<\/div>\n<\/div><\/div>\n<\/div>\n<h2><strong>ZUBELD\u00cdA: SU FUTURO Y OTRO POSIBLE REGRESO A LAN\u00daS ALG\u00daN D\u00cdA<\/strong><\/h2>\n<p>\u00ab<strong>Todos los que queremos al club tenemos que estar a disposici\u00f3n cuando nos necesiten<\/strong>, en mi caso tambi\u00e9n fue fundamental el apoyo de la familia. Nadie es indispensable, mucho menos yo, pero es cierto que <strong>los que queremos al club tenemos que estar, en mi caso mi esposa me apoy\u00f3 siempre a pesar que quiz\u00e1s ten\u00edamos pensado otros rumbos<\/strong>. Lo m\u00e1s importante es tener un plantel fuerte para poder competir, en esta ocasi\u00f3n Lan\u00fas lo tiene y para el 2022 no creo que ser\u00e1 m\u00e1s f\u00e1cil, pero si menos dif\u00edcil\u00bb, aclar\u00f3 el entrenador.\u200b<\/p>\n<p>\u200bEl blondo se convirti\u00f3 en el principal candidato para dirigir a San Lorenzo, aunque tambi\u00e9n aparecieron rumores de que lo pretende Boca e, incluso, en las \u00faltimas horas surgieron algunas propuestas del exterior. \u00bfQu\u00e9 har\u00e1? \u00ab<strong>En cuanto a mi futuro en esta ocasi\u00f3n no va a ser decisi\u00f3n m\u00eda, sino de mi esposa, lo que ella considere vamos a hacer<\/strong>\u00ab, confes\u00f3 Zubeld\u00eda.<\/p>\n<div class=\"sp__SM\">\n<div class=\"content-new \">\n<span class=\"tit-mobile\">Mir\u00e1 tambi\u00e9n<\/span><\/p>\n<div class=\"mg\">\n<div class=\"wrap-figure\">\n<picture>\n<a href=\"https:\/\/www.ole.com.ar\/boca-juniors\/boca-libertadores-2022-clasificacion_0_d-J4rj_qn.html\" target=\"_self\" rel=\"noopener noreferrer\"><br \/>\n<img class=\"img-responsive\" alt=\"Tabla de las Copas: por qu\u00e9 Boca est\u00e1 casi en la Libertadores\" src=\"http:\/\/hoycordobaweb.com\/wp-content\/uploads\/2021\/12\/zubeldia-la-decision-de-mi-futuro-la-tomara-mi-esposa-3.jpg\" loading=\"lazy\"><br \/>\n<\/a>\n<\/picture>\n<\/div>\n<\/div><\/div>\n<\/div>\n<h2><strong>EL MENSAJE DEL DT PARA LOS HINCHAS DE LAN\u00daS<\/strong><\/h2>\n<p>\u00ab<strong>Las expectativas son buenas para todos los hinchas de Lan\u00fas<\/strong>, no hay un punto negativo que tenga la instituci\u00f3n, <strong>un orden econ\u00f3mico, un plantel competitivo y con proyecci\u00f3n<\/strong>, la posibilidad de incorporar, que no creo que sea necesario que sean demasiadas. <strong>A su vez, estamos clasificados a una Copa Sudamericana, bien en el promedio<\/strong>, mucho m\u00e1s no se puede pedir, quiz\u00e1s lograr un t\u00edtulo. Pero los campeonatos se han dado en pocas ocasiones, la l\u00f3gica del club es estar equilibrado desde lo econ\u00f3mico y con un plantel fuerte y con aspiraciones a seguir creciendo\u00bb, cerr\u00f3 Zubeld\u00eda.\u200b<\/p>\n<div class=\"sp__Normal\">\n<div class=\"image-embeb image-trigger\" readability=\"6\">\n<picture><source media=\"(min-width: 720px)\" srcset=\"http:\/\/hoycordobaweb.com\/wp-content\/uploads\/2021\/12\/zubeldia-la-decision-de-mi-futuro-la-tomara-mi-esposa-4.jpg\"><img itemprop=\"image\" src=\"http:\/\/hoycordobaweb.com\/wp-content\/uploads\/2021\/12\/zubeldia-la-decision-de-mi-futuro-la-tomara-mi-esposa-4.jpg\" loading=\"lazy\" alt=\"Luis Zubeld\u00eda dirigir\u00e1 su \u00faltimo partido en el Grana.\">\n<\/picture><figcaption readability=\"2\">\n<p>Luis Zubeld\u00eda dirigir\u00e1 su \u00faltimo partido en el Grana.\n<\/p>\n<\/figcaption><\/div>\n<\/div>\n<div class=\"sp__SM\">\n<div class=\"content-new \">\n<span class=\"tit-mobile\">Mir\u00e1 tambi\u00e9n<\/span><\/p>\n<div class=\"mg\">\n<div class=\"wrap-figure\">\n<picture>\n<a href=\"https:\/\/www.ole.com.ar\/futbol-primera\/futuro-dt-lanus_0_mn4dhsxYv.html\" target=\"_self\" rel=\"noopener noreferrer\"><br \/>\n<img class=\"img-responsive\" alt=\"\u00bfQui\u00e9n ser\u00e1 el nuevo DT de Lan\u00fas?\" src=\"http:\/\/hoycordobaweb.com\/wp-content\/uploads\/2021\/12\/zubeldia-la-decision-de-mi-futuro-la-tomara-mi-esposa-5.jpg\" loading=\"lazy\"><br \/>\n<\/a>\n<\/picture>\n<\/div>\n<\/div><\/div>\n<\/div>\n<h2><strong>LOS GOLES DEL EMPATE ENTRE LAN\u00daS Y CENTRAL<\/strong><\/h2>\n<div class=\"entry-tags\">\n<h2>TEMAS QUE APARECEN EN ESTA NOTA<\/h2>\n<\/p><\/div>\n","protected":false},"excerpt":{"rendered":"<p>Luis Zubeld\u00eda empez\u00f3 a despedirse de Lan\u00fas. El empate contra Rosario Central fue el \u00faltimo partido del entrenador en la Fortaleza, ante su p\u00fablico. Y con el punto qued\u00f3 relegado el sue\u00f1o de la Libertadores 2022, pero se asegur\u00f3 la clasificaci\u00f3n a la Copa Sudamericana del pr\u00f3ximo a\u00f1o. \u00abLo m\u00e1s importante era ganar, sab\u00edamos que [&hellip;]<\/p>\n","protected":false},"author":1,"featured_media":33794,"comment_status":"open","ping_status":"closed","sticky":false,"template":"","format":"standard","meta":[],"categories":[16],"tags":[],"_links":{"self":[{"href":"http:\/\/hoycordobaweb.com\/index.php\/wp-json\/wp\/v2\/posts\/33793"}],"collection":[{"href":"http:\/\/hoycordobaweb.com\/index.php\/wp-json\/wp\/v2\/posts"}],"about":[{"href":"http:\/\/hoycordobaweb.com\/index.php\/wp-json\/wp\/v2\/types\/post"}],"author":[{"embeddable":true,"href":"http:\/\/hoycordobaweb.com\/index.php\/wp-json\/wp\/v2\/users\/1"}],"replies":[{"embeddable":true,"href":"http:\/\/hoycordobaweb.com\/index.php\/wp-json\/wp\/v2\/comments?post=33793"}],"version-history":[{"count":0,"href":"http:\/\/hoycordobaweb.com\/index.php\/wp-json\/wp\/v2\/posts\/33793\/revisions"}],"wp:featuredmedia":[{"embeddable":true,"href":"http:\/\/hoycordobaweb.com\/index.php\/wp-json\/wp\/v2\/media\/33794"}],"wp:attachment":[{"href":"http:\/\/hoycordobaweb.com\/index.php\/wp-json\/wp\/v2\/media?parent=33793"}],"wp:term":[{"taxonomy":"category","embeddable":true,"href":"http:\/\/hoycordobaweb.com\/index.php\/wp-json\/wp\/v2\/categories?post=33793"},{"taxonomy":"post_tag","embeddable":true,"href":"http:\/\/hoycordobaweb.com\/index.php\/wp-json\/wp\/v2\/tags?post=33793"}],"curies":[{"name":"wp","href":"https:\/\/api.w.org\/{rel}","templated":true}]}}