{"id":33791,"date":"2021-12-03T20:15:23","date_gmt":"2021-12-03T20:15:23","guid":{"rendered":"http:\/\/ladecimaweb.com\/?p=12090"},"modified":"2021-12-03T20:15:23","modified_gmt":"2021-12-03T20:15:23","slug":"lo-ideal-es-llegar-a-vacunar-al-95-de-la-poblacion-dice-cardozo","status":"publish","type":"post","link":"http:\/\/hoycordobaweb.com\/index.php\/2021\/12\/03\/lo-ideal-es-llegar-a-vacunar-al-95-de-la-poblacion-dice-cardozo\/","title":{"rendered":"\u201cLo ideal es llegar a vacunar al 95% de la poblaci\u00f3n\u201d, dice Cardozo"},"content":{"rendered":"<p>As\u00ed lo dijo el ministro de Salud provincial, Diego Cardozo, al ser entrevistado por La D\u00e9cima en su visita a la jornada de vacunaci\u00f3n en la sala cuna de Mirizzi.<\/p>\n<p>El funcionario dijo all\u00ed que las vacunas en C\u00f3rdoba han logrado &#8220;una adhesi\u00f3n importante&#8221; y destac\u00f3 que &#8220;somos una de las provincias que m\u00e1s gente tiene vacunada con un componente y con el esquema completo&#8221;.<\/p>\n<p>Dijo que noviembre fue un mes bisagra para vacunar a muchos m\u00e1s prepar\u00e1ndose para lo que ser\u00e1 diciembre donde &#8220;sabemos que se vienen actividades que aglutinan personas como las fiestas de Navidad y A\u00f1o Nuevo, despedidas, casamientos, cumplea\u00f1os, eventos sociales&#8221;.<\/p>\n<p>Resalt\u00f3 que C\u00f3rdoba tiene &#8220;una oferta tremenda de m\u00e1s de 450 vacuntarios&#8221; y que la poblaci\u00f3n objetivo vacunada con el esquema completo &#8220;ha superado el 71 por ciento&#8221;.<\/p>\n<p>Dijo que el ideal es alcanzar un porcentaje de vacunaci\u00f3n del &#8220;95 por ciento&#8221;. &#8220;Eso pasa con las vacunas de calendario que son obligatorias, porque ese 5 por ciento no es significativamente peligroso para comprometer al 95 por ciento de los vacunados&#8221;.<\/p>\n<p>Por \u00faltimo, puntualiz\u00f3 que la circulaci\u00f3n de la variante delta &#8220;es cada vez m\u00e1s alta&#8221;, pero que esto &#8220;no ha escalado en m\u00e1s fallecimientos e internaciones&#8221;.<\/p>\n<p>Respecto a la implementaci\u00f3n de un pase sanitario, se mostr\u00f3 de acuerdo pero dijo que la idea es consensuarlo con las autoridades municipales &#8220;para que sea factible de cumplir&#8221;.<\/p>\n<div class=\"ubm_banner\"><a href=\"https:\/\/www.cordobaturismo.gov.ar\/%20\" target=\"_blank\" rel=\"dofollow noopener noreferrer\"><img src=\"http:\/\/hoycordobaweb.com\/wp-content\/uploads\/2021\/12\/lo-ideal-es-llegar-a-vacunar-al-95-de-la-poblacion-dice-cardozo.gif\" alt=\"\"><\/a><\/div>\n<p>La entrada <a rel=\"nofollow\" href=\"https:\/\/ladecimaweb.com\/lo-ideal-es-llegar-a-vacunar-al-95-de-la-poblacion-dijo-cardozo\/\">&#8220;Lo ideal es llegar a vacunar al 95% de la poblaci\u00f3n&#8221;, dice Cardozo<\/a> se public\u00f3 primero en <a rel=\"nofollow\" href=\"https:\/\/ladecimaweb.com\">LaDecima<\/a>.<\/p>\n","protected":false},"excerpt":{"rendered":"<p>As\u00ed lo dijo el ministro de Salud provincial, Diego Cardozo, al ser entrevistado por La D\u00e9cima en su visita a la jornada de vacunaci\u00f3n en la sala cuna de Mirizzi. El funcionario dijo all\u00ed que las vacunas en C\u00f3rdoba han logrado &#8220;una adhesi\u00f3n importante&#8221; y destac\u00f3 que &#8220;somos una de las provincias que m\u00e1s gente [&hellip;]<\/p>\n","protected":false},"author":1,"featured_media":33792,"comment_status":"closed","ping_status":"closed","sticky":false,"template":"","format":"standard","meta":[],"categories":[19],"tags":[],"_links":{"self":[{"href":"http:\/\/hoycordobaweb.com\/index.php\/wp-json\/wp\/v2\/posts\/33791"}],"collection":[{"href":"http:\/\/hoycordobaweb.com\/index.php\/wp-json\/wp\/v2\/posts"}],"about":[{"href":"http:\/\/hoycordobaweb.com\/index.php\/wp-json\/wp\/v2\/types\/post"}],"author":[{"embeddable":true,"href":"http:\/\/hoycordobaweb.com\/index.php\/wp-json\/wp\/v2\/users\/1"}],"replies":[{"embeddable":true,"href":"http:\/\/hoycordobaweb.com\/index.php\/wp-json\/wp\/v2\/comments?post=33791"}],"version-history":[{"count":0,"href":"http:\/\/hoycordobaweb.com\/index.php\/wp-json\/wp\/v2\/posts\/33791\/revisions"}],"wp:featuredmedia":[{"embeddable":true,"href":"http:\/\/hoycordobaweb.com\/index.php\/wp-json\/wp\/v2\/media\/33792"}],"wp:attachment":[{"href":"http:\/\/hoycordobaweb.com\/index.php\/wp-json\/wp\/v2\/media?parent=33791"}],"wp:term":[{"taxonomy":"category","embeddable":true,"href":"http:\/\/hoycordobaweb.com\/index.php\/wp-json\/wp\/v2\/categories?post=33791"},{"taxonomy":"post_tag","embeddable":true,"href":"http:\/\/hoycordobaweb.com\/index.php\/wp-json\/wp\/v2\/tags?post=33791"}],"curies":[{"name":"wp","href":"https:\/\/api.w.org\/{rel}","templated":true}]}}