{"id":33757,"date":"2021-12-04T16:42:44","date_gmt":"2021-12-04T16:42:44","guid":{"rendered":"https:\/\/www.ole.com.ar\/futbol-internacional\/espana\/acuna-lesion-sevilla-figura-asistencia_0_CAWIyJVpd.html"},"modified":"2021-12-04T16:42:44","modified_gmt":"2021-12-04T16:42:44","slug":"acuna-asistencia-figura-y-una-lesion-que-preocupa-al-sevilla","status":"publish","type":"post","link":"http:\/\/hoycordobaweb.com\/index.php\/2021\/12\/04\/acuna-asistencia-figura-y-una-lesion-que-preocupa-al-sevilla\/","title":{"rendered":"Acu\u00f1a: asistencia, figura y una lesi\u00f3n que preocupa al Sevilla"},"content":{"rendered":"<p><img src=\"http:\/\/hoycordobaweb.com\/wp-content\/uploads\/2021\/12\/acuna-asistencia-figura-y-una-lesion-que-preocupa-al-sevilla.jpg\"><\/p>\n<p><a alt=\"marcos-acuna\" class=\"slug\" href=\"https:\/\/www.ole.com.ar\/tema\/marcos-acuna.html\" target=\"_blank\" title=\"marcos-acuna\" rel=\"noopener noreferrer\">Marcos Acu\u00f1a<\/a> fue la gran figura del Sevilla, que<a data-cke-saved-href=\"https:\/\/www.ole.com.ar\/futbol-internacional\/espana\/sevilla-vs-villarreal-liga_0_Eku783_og.html\" target=\"_blank\" href=\"https:\/\/www.ole.com.ar\/futbol-internacional\/espana\/sevilla-vs-villarreal-liga_0_Eku783_og.html\" rel=\"noopener noreferrer\"> se impuso 1-0 contra el Villarreal <\/a>en una verdadera batalla futbol\u00edstica. Sin embargo, no todas fueron buenas noticias: <strong>el Huevo tuvo que dejar la cancha lesionado y hay mucha preocupaci\u00f3n<\/strong>. De m\u00ednima, se perder\u00eda el duelo clave contra el Salzburgo en Austria, en el que los andaluces se juegan la clasificaci\u00f3n a los octavos de final.<\/p>\n<div class=\"sp__SM\">\n<div class=\"content-new \">\n<span class=\"tit-mobile\">Mir\u00e1 tambi\u00e9n<\/span><\/p>\n<div class=\"mg\">\n<div class=\"wrap-figure\">\n<picture>\n<a href=\"https:\/\/www.ole.com.ar\/futbol-internacional\/espana\/sevilla-vs-villarreal-liga_0_Eku783_og.html\" target=\"_self\" rel=\"noopener noreferrer\"><br \/>\n<img class=\"img-responsive\" alt=\"Sevilla no se baja del sue\u00f1o: gan\u00f3 con gol de Ocampos a pase de Acu\u00f1a\" src=\"http:\/\/hoycordobaweb.com\/wp-content\/uploads\/2021\/12\/acuna-asistencia-figura-y-una-lesion-que-preocupa-al-sevilla-2.jpg\" loading=\"lazy\"><br \/>\n<\/a>\n<\/picture>\n<\/div>\n<\/div><\/div>\n<\/div>\n<p>El lateral de la<a alt=\"seleccion-argentina\" class=\"slug\" href=\"https:\/\/www.ole.com.ar\/tema\/seleccion-argentina.html\" target=\"_blank\" title=\"seleccion-argentina\" rel=\"noopener noreferrer\"> Selecci\u00f3n Argentina<\/a> clausur\u00f3 su banda contra el Submarino y adem\u00e1s fue determinante en el resultado, con un gran centro para que Ocampos anotara el \u00fanico gol del partido. Sobre la hora de juego, cuando intentaba meter otro sprint, <strong>sinti\u00f3 la molestia en el muslo izquierdo y no pudo continuar.<\/strong><\/p>\n<h2><strong>Centro de Acu\u00f1a y gol de Ocampos\u200b<\/strong><br \/><\/h2>\n<p> \u00abMarcos parece que tiene una lesi\u00f3n y el resto muy al l\u00edmite. Llevamos repitiendo con pocos jugadores muchos esfuerzos y es lo que toca. <strong>Para el partido muy importante el del mi\u00e9rcoles, Acu\u00f1a est\u00e1 complicado\u00bb<\/strong>, sostuvo en conferencia el t\u00e9cnico Julen&nbsp;Lopetegui, quien adem\u00e1s dio a entender que ya qued\u00f3 descartado para la Champions.<\/p>\n<h2><strong>Hablaron Ocampos y el Papu<\/strong><\/h2>\n<div class=\"sp__Normal\">\n<div class=\"image-embeb image-trigger\" readability=\"6\">\n<picture><source media=\"(min-width: 720px)\" srcset=\"http:\/\/hoycordobaweb.com\/wp-content\/uploads\/2021\/12\/acuna-asistencia-figura-y-una-lesion-que-preocupa-al-sevilla-3.jpg\"><img itemprop=\"image\" src=\"http:\/\/hoycordobaweb.com\/wp-content\/uploads\/2021\/12\/acuna-asistencia-figura-y-una-lesion-que-preocupa-al-sevilla-3.jpg\" loading=\"lazy\" alt=\"Foyth pelea la pelota con el Papu G\u00f3mez.\">\n<\/picture><figcaption readability=\"2\">\n<p>Foyth pelea la pelota con el Papu G\u00f3mez.\n<\/p>\n<\/figcaption><\/div>\n<\/div>\n<p>El ex River, autor del gol al Villarreal, tambi\u00e9n se refiri\u00f3 a la lesi\u00f3n del Huevo y el momento que atraviesa el Sevilla con las complicaciones f\u00edsicas: \u00abEllos juegan muy bien, sab\u00edamos que nos meter\u00edan atr\u00e1s. Estando cansados todo es m\u00e1s complicado, pero hemos sabido subido sufrir. <strong>A Acu\u00f1a algo le molest\u00f3. Toca descansar, meterse en agua fr\u00eda\u2026 y pensar en otra guerra que tenemos en cuatro d\u00edas\u00bb.<\/strong><\/p>\n<div class=\"sp__SM\">\n<div class=\"content-new \">\n<span class=\"tit-mobile\">Mir\u00e1 tambi\u00e9n<\/span><\/p>\n<div class=\"mg\">\n<div class=\"wrap-figure\">\n<picture>\n<a href=\"https:\/\/www.ole.com.ar\/futbol-internacional\/inglaterra\/lanzini-goles-importantes_0_GEFJSTiBH.html\" target=\"_self\" rel=\"noopener noreferrer\"><br \/>\n<img class=\"img-responsive\" alt=\"Lanzini, el de los goles importantes en West Ham\" src=\"http:\/\/hoycordobaweb.com\/wp-content\/uploads\/2021\/12\/acuna-asistencia-figura-y-una-lesion-que-preocupa-al-sevilla-4.jpg\" loading=\"lazy\"><br \/>\n<\/a>\n<\/picture>\n<\/div>\n<\/div><\/div>\n<\/div>\n<p>Tambi\u00e9n el Papu G\u00f3mez entreg\u00f3 sus impresiones: <strong>\u00abEl equipo viene haciendo un gran esfuerzo, apenas se puede rotar.<\/strong> Todos los detalles son claves. Toca descansar y pensar ya en la final de la semana que viene. Es una final en la que dependemos de nosotros.&nbsp;<strong>Creo que estoy en mi mejor momento. <\/strong>Antes cuando alcanzaba mi mejor momento siempre pasaba algo. Tengo regularidad y eso ayuda\u00bb.<\/p>\n<p><opta-widget sport=\"football\" widget=\"timeline\" competition=\"23\" season=\"2021\" match=\"2219414\" template=\"normal\" live=\"true\" orientation=\"horizontal\" vertical_timebar_height=\"260\" show_match_header=\"true\" show_score=\"true\" show_crests=\"true\" show_assists=\"all\" show_team_formation=\"true\" show_clock=\"true\" show_period_dividers=\"true\" show_halftime_score=\"false\" show_date=\"true\" date_format=\"dddd D MMMM YYYY\" show_attendance=\"true\" show_images=\"true\" show_referee=\"true\" show_venue=\"true\" show_cards=\"all\" show_goals=\"true\" show_penalties_missed=\"true\" show_subs=\"false\" show_goals_combined=\"false\" show_shootouts=\"false\" show_competition_name=\"true\" competition_naming=\"full\" team_naming=\"full\" player_naming=\"full\" show_live=\"true\" show_logo=\"false\" show_title=\"true\" breakpoints=\"400, 700\"><\/opta-widget><opta-widget sport=\"football\" widget=\"matchstats\" competition=\"23\" season=\"2021\" match=\"2219414\" template=\"lineups\" live=\"true\" side=\"both\" column_count=\"1\" side_by_side=\"true\" show_match_header=\"true\" show_score=\"true\" show_halftime_score=\"false\" show_crests=\"false\" show_team_formation=\"true\" show_competition_name=\"true\" show_date=\"false\" date_format=\"dddd D MMMM YYYY\" order_by=\"position\" group_by_position=\"false\" show_position=\"true\" show_images=\"false\" show_key=\"false\" show_starters=\"true\" show_goalkeepers=\"true\" show_defenders=\"true\" show_midfielders=\"true\" show_forwards=\"true\" show_subs=\"true\" show_unused_subs=\"false\" show_managers=\"true\" show_captain=\"false\" show_match_events=\"true\" competition_naming=\"full\" team_naming=\"full\" player_naming=\"full\" show_live=\"false\" show_logo=\"false\" show_title=\"true\" breakpoints=\"400, 700\"><\/opta-widget><opta-widget widget=\"commentary\" competition=\"23\" season=\"2021\" match=\"2219414\" template=\"normal\" live=\"true\" data_type=\"auto\" order_by=\"time_descending\" show_event_icons=\"true\" show_minor_events=\"true\" fixed_height_comments=\"300\" show_live=\"true\" show_logo=\"false\" show_title=\"true\" breakpoints=\"400\" sport=\"football\"><\/opta-widget><opta-widget sport=\"football\" widget=\"heatmap\" competition=\"23\" season=\"2021\" match=\"2219414\" preselected_player template=\"normal\" live=\"true\" show_maps=\"all\" orientation=\"horizontal\" side=\"both\" dimension=\"2D\" one_direction=\"false\" show_match_header=\"true\" show_score=\"true\" show_halftime_score=\"false\" show_crests=\"false\" show_team_formation=\"true\" show_competition_name=\"true\" show_date=\"true\" date_format=\"dddd D MMMM YYYY\" show_team_sheets=\"true\" show_subs=\"true\" show_position=\"true\" show_timecontrols=\"true\" show_timecontrols_buttons=\"true\" show_timecontrols_bar=\"true\" show_tooltips=\"false\" competition_naming=\"full\" team_naming=\"full\" player_naming=\"full\" show_logo=\"false\" show_title=\"true\" breakpoints=\"400, 700\"><\/opta-widget><opta-widget widget=\"standings\" competition=\"23\" season=\"2021\" template=\"normal\" live=\"true\" default_nav=\"1\" side=\"combined\" data_detail=\"default\" show_key=\"true\" show_crests=\"true\" points_in_first_column=\"true\" lose_before_draw=\"false\" competition_naming=\"full\" team_naming=\"full\" date_format=\"dddd D MMMM YYYY\" sorting=\"false\" show_live=\"false\" show_relegation_average=\"true\" show_logo=\"true\" show_title=\"true\" breakpoints=\"382\" sport=\"football\"><\/opta-widget> <\/p>\n<div class=\"entry-tags\">\n<h2>TEMAS QUE APARECEN EN ESTA NOTA<\/h2>\n<\/p><\/div>\n","protected":false},"excerpt":{"rendered":"<p>Marcos Acu\u00f1a fue la gran figura del Sevilla, que se impuso 1-0 contra el Villarreal en una verdadera batalla futbol\u00edstica. Sin embargo, no todas fueron buenas noticias: el Huevo tuvo que dejar la cancha lesionado y hay mucha preocupaci\u00f3n. De m\u00ednima, se perder\u00eda el duelo clave contra el Salzburgo en Austria, en el que los [&hellip;]<\/p>\n","protected":false},"author":1,"featured_media":33758,"comment_status":"open","ping_status":"closed","sticky":false,"template":"","format":"standard","meta":[],"categories":[16],"tags":[],"_links":{"self":[{"href":"http:\/\/hoycordobaweb.com\/index.php\/wp-json\/wp\/v2\/posts\/33757"}],"collection":[{"href":"http:\/\/hoycordobaweb.com\/index.php\/wp-json\/wp\/v2\/posts"}],"about":[{"href":"http:\/\/hoycordobaweb.com\/index.php\/wp-json\/wp\/v2\/types\/post"}],"author":[{"embeddable":true,"href":"http:\/\/hoycordobaweb.com\/index.php\/wp-json\/wp\/v2\/users\/1"}],"replies":[{"embeddable":true,"href":"http:\/\/hoycordobaweb.com\/index.php\/wp-json\/wp\/v2\/comments?post=33757"}],"version-history":[{"count":0,"href":"http:\/\/hoycordobaweb.com\/index.php\/wp-json\/wp\/v2\/posts\/33757\/revisions"}],"wp:featuredmedia":[{"embeddable":true,"href":"http:\/\/hoycordobaweb.com\/index.php\/wp-json\/wp\/v2\/media\/33758"}],"wp:attachment":[{"href":"http:\/\/hoycordobaweb.com\/index.php\/wp-json\/wp\/v2\/media?parent=33757"}],"wp:term":[{"taxonomy":"category","embeddable":true,"href":"http:\/\/hoycordobaweb.com\/index.php\/wp-json\/wp\/v2\/categories?post=33757"},{"taxonomy":"post_tag","embeddable":true,"href":"http:\/\/hoycordobaweb.com\/index.php\/wp-json\/wp\/v2\/tags?post=33757"}],"curies":[{"name":"wp","href":"https:\/\/api.w.org\/{rel}","templated":true}]}}