{"id":33753,"date":"2021-12-04T16:46:09","date_gmt":"2021-12-04T16:46:09","guid":{"rendered":"https:\/\/www.ole.com.ar\/futbol-internacional\/nicolas-tagliafico-ajax_0_lutCayU-O.html"},"modified":"2021-12-04T16:46:09","modified_gmt":"2021-12-04T16:46:09","slug":"tagliafico-sin-minutos-podria-irse-del-ajax","status":"publish","type":"post","link":"http:\/\/hoycordobaweb.com\/index.php\/2021\/12\/04\/tagliafico-sin-minutos-podria-irse-del-ajax\/","title":{"rendered":"Tagliafico, sin minutos, podr\u00eda irse del Ajax"},"content":{"rendered":"<p><img src=\"http:\/\/hoycordobaweb.com\/wp-content\/uploads\/2021\/12\/tagliafico-sin-minutos-podria-irse-del-ajax.jpg\"><\/p>\n<div><img src=\"http:\/\/hoycordobaweb.com\/wp-content\/uploads\/2021\/12\/tagliafico-sin-minutos-podria-irse-del-ajax.jpg\" class=\"ff-og-image-inserted\"><\/div>\n<p><a alt=\"nicolas-tagliafico\" class=\"slug\" href=\"https:\/\/www.ole.com.ar\/tema\/nicolas-tagliafico.html\" target=\"_blank\" title=\"nicolas-tagliafico\" rel=\"noopener noreferrer\">Nicol\u00e1s Tagliafico<\/a>, que tiene contrato con el <a alt=\"ajax\" class=\"slug\" href=\"https:\/\/www.ole.com.ar\/tema\/ajax.html\" target=\"_blank\" title=\"ajax\" rel=\"noopener noreferrer\">Ajax<\/a> hasta 2023, avis\u00f3 este s\u00e1bado que seguramente se ir\u00e1 del equipo de <a alt=\"amsterdam\" class=\"slug\" href=\"https:\/\/www.ole.com.ar\/tema\/amsterdam.html\" target=\"_blank\" title=\"amsterdam\" rel=\"noopener noreferrer\">Amsterdam<\/a> \u201csi en invierno (europeo) viene un club que es conveniente\u201d.<\/p>\n<p>El ex de Independiente fue titular en apenas cuatro partidos en lo que va de la temporada. <strong>\u201cObviamente no me gustar\u00eda irme de esta manera, porque trat\u00e9 de darlo todo en estos tres a\u00f1os e irme sin jugar y sinti\u00e9ndome as\u00ed no est\u00e1 bueno\u201d,<\/strong> explic\u00f3 a la cadena neerlandesa NOS.<\/p>\n<p>\u201cEs la primera vez que me pasa de no jugar as\u00ed en toda mi carrera y al principio fue muy duro\u201d, a\u00f1adi\u00f3 el argentino, que fue titular indiscutido&nbsp;en sus primeros tres a\u00f1os en el Ajax.<\/p>\n<p>El futbolista asegur\u00f3 que s\u00f3lo ha hablado una vez con el t\u00e9cnico Erik ten Hag sobre el hecho de ser suplente. \u201cDesde el principio \u00e9l imagino que en el mercado anterior me iba a ir. Cuando empez\u00f3 la temporada, ya estaba un poco conformado el grupo\u201d, por lo que le recomend\u00f3 al lateral \u201cque empiece de cero\u201d.&nbsp;Por otro lado, <strong>el argentino le recomend\u00f3 al entrenador neerland\u00e9s \u201chablar un poco m\u00e1s todav\u00eda con los jugadores que no juegan\u201d.<\/strong><\/p>\n<p>A pesar de la suplencia, asegur\u00f3 que se siente bien en Amsterdam. \u201cYo creo que las experiencias negativas hay que tomarlas y nos hacen aprender y crecer como personas\u201d, coment\u00f3.&nbsp;El entrenador del Ajax respondi\u00f3 a las declaraciones del jugador y, en una entrevista con la revista \u201cVoetbal International\u201d, dijo que entiende \u201cpor qu\u00e9 Tagliafico est\u00e1 decepcionado\u201d.<\/p>\n<p>\u201c\u00c9l tambi\u00e9n ha visto que jugadores como Daley Blind y Lisandro Mart\u00ednez lo est\u00e1n haciendo muy bien\u201d, indic\u00f3 Ten Hag, que asegur\u00f3 que el lateral argentino est\u00e1 manejando bien su situaci\u00f3n:<strong>&nbsp;\u201cEs un profesional y me ha preguntado, \u2018\u00bfc\u00f3mo puedo ayudar al equipo\u2019?\u201d.<\/strong><\/p>\n<p>Tagliafico tiene contrato con el Ajax hasta 2023, aunque el acuerdo incluye el compromiso del equipo de abrirle la puerta al futbolista si otro club se presenta con una oferta atractiva para todas las partes.<\/p>\n<div class=\"entry-tags\">\n<h2>TEMAS QUE APARECEN EN ESTA NOTA<\/h2>\n<\/p><\/div>\n","protected":false},"excerpt":{"rendered":"<p>Nicol\u00e1s Tagliafico, que tiene contrato con el Ajax hasta 2023, avis\u00f3 este s\u00e1bado que seguramente se ir\u00e1 del equipo de Amsterdam \u201csi en invierno (europeo) viene un club que es conveniente\u201d. El ex de Independiente fue titular en apenas cuatro partidos en lo que va de la temporada. \u201cObviamente no me gustar\u00eda irme de esta [&hellip;]<\/p>\n","protected":false},"author":1,"featured_media":33754,"comment_status":"open","ping_status":"closed","sticky":false,"template":"","format":"standard","meta":[],"categories":[16],"tags":[],"_links":{"self":[{"href":"http:\/\/hoycordobaweb.com\/index.php\/wp-json\/wp\/v2\/posts\/33753"}],"collection":[{"href":"http:\/\/hoycordobaweb.com\/index.php\/wp-json\/wp\/v2\/posts"}],"about":[{"href":"http:\/\/hoycordobaweb.com\/index.php\/wp-json\/wp\/v2\/types\/post"}],"author":[{"embeddable":true,"href":"http:\/\/hoycordobaweb.com\/index.php\/wp-json\/wp\/v2\/users\/1"}],"replies":[{"embeddable":true,"href":"http:\/\/hoycordobaweb.com\/index.php\/wp-json\/wp\/v2\/comments?post=33753"}],"version-history":[{"count":0,"href":"http:\/\/hoycordobaweb.com\/index.php\/wp-json\/wp\/v2\/posts\/33753\/revisions"}],"wp:featuredmedia":[{"embeddable":true,"href":"http:\/\/hoycordobaweb.com\/index.php\/wp-json\/wp\/v2\/media\/33754"}],"wp:attachment":[{"href":"http:\/\/hoycordobaweb.com\/index.php\/wp-json\/wp\/v2\/media?parent=33753"}],"wp:term":[{"taxonomy":"category","embeddable":true,"href":"http:\/\/hoycordobaweb.com\/index.php\/wp-json\/wp\/v2\/categories?post=33753"},{"taxonomy":"post_tag","embeddable":true,"href":"http:\/\/hoycordobaweb.com\/index.php\/wp-json\/wp\/v2\/tags?post=33753"}],"curies":[{"name":"wp","href":"https:\/\/api.w.org\/{rel}","templated":true}]}}